{"id":13288,"date":"2013-12-03T13:26:20","date_gmt":"2013-12-03T12:26:20","guid":{"rendered":"https:\/\/intelligent-friend-7861.standoutwp.com\/?p=13288"},"modified":"2014-01-09T12:24:14","modified_gmt":"2014-01-09T11:24:14","slug":"rafflande-for-barn-i-de-7-farornas-vag-recension","status":"publish","type":"post","link":"https:\/\/www.kultursidan.nu\/?p=13288","title":{"rendered":"Rafflande f\u00f6r barn i De 7 farornas v\u00e4g (recension)"},"content":{"rendered":"<p><iframe loading=\"lazy\" src=\"https:\/\/www.flickr.com\/photos\/kultursidan\/11188155433\/player\/2ce62b79a9\" height=\"320\" width=\"320\"  frameborder=\"0\" allowfullscreen webkitallowfullscreen mozallowfullscreen oallowfullscreen msallowfullscreen><\/iframe><\/p>\n<p><i>De 7 farornas v\u00e4g. Roland Arvidsson har kommit ut med en ny bok i serien om Professor Gullstr\u00f6m.<\/i><\/p>\n<p>&nbsp;<\/p>\n<h1><span style=\"color: #ff0000;\">Det l\u00f6nar sig att vara godhj\u00e4rtad<\/span><\/h1>\n<p>&nbsp;<\/p>\n<p><b>Lillen och Robban \u00e4r tv\u00e5 barn som f\u00e5tt f\u00f6lja med professor Gullstr\u00f6m p\u00e5 en expedition.<\/b> Det \u00e4r meningen att barnen ska ta hand om professorns hund men snart g\u00e5r barnen vilse och ett stort \u00e4ventyr tar vid d\u00e4r barnens uth\u00e5llighet, mod, fantasi och uppfinnargl\u00e4dje s\u00e4tts p\u00e5 prov. Boken av Roland Arvidsson riktar sig fr\u00e4mst till barn mellan 9 och 12 \u00e5r.<\/p>\n<p>Barnen kommer till en ok\u00e4nd by med professor Gullstr\u00f6m p\u00e5 grund av en s\u00e4llsynt sn\u00e4cka. Byn ligger inne i en djup vik. N\u00e4r barnen lyssnar till sn\u00e4ckans ljud h\u00f6r de ett avl\u00e4gset rop p\u00e5 hj\u00e4lp. D\u00e4rmed b\u00f6rjar det \u00e4ventyr som inneb\u00e4r sju faror och som \u00e4ven leder barnen till en mystisk dal d\u00e4r tv\u00e5 andra barn bor. Tillsammans ger sig de fyra barnen ut p\u00e5 en flotte f\u00f6r att r\u00e4dda dalen undan dess f\u00f6rbannelse.<\/p>\n<p>&nbsp;<\/p>\n<p><a title=\"\u00d6ver ravinen med flotten Matilda II. by Kultursidan, on Flickr\" href=\"http:\/\/www.flickr.com\/photos\/kultursidan\/11188155873\/\"><img decoding=\"async\" alt=\"\u00d6ver ravinen med flotten Matilda II.\" src=\"http:\/\/farm6.staticflickr.com\/5521\/11188155873_a93dc578ea.jpg\" width=\"280\" \/><\/a><br \/>\n<em> P\u00e5hittigt. De tar sig \u00f6ver ravinen med flotten Matilda II.<\/em><\/p>\n<p>&nbsp;<\/p>\n<p><b>Ber\u00e4ttelsen \u00e4r rafflande. De sju farorna h\u00e5ller sp\u00e4nningens fana h\u00f6gt.<\/b> Samtidigt sk\u00e4nker boken tr\u00f6st, f\u00f6r det l\u00f6nar sig att vara modig, uppfinningsrik och godhj\u00e4rtad. Och man kan \u00e4ven som vuxen ta till sig av den moral som boken f\u00f6rmedlar.<\/p>\n<p>F\u00f6rfattaren har \u00e4ven en omsorg om detaljerna i ber\u00e4ttelsen som g\u00f6r att man lever sig in i det som sker. Ibland tar det sig n\u00e4stan poetiska uttryck:<\/p>\n<p><i>I den h\u00f6ga granen h\u00e4ngde en brun kotte bland alla de andra kottarna som var gr\u00f6na. En svag vindpust fick den bruna kotten att lossna fr\u00e5n grenen. Den f\u00f6ll ner p\u00e5 n\u00e4sta gren, rullade en bit, trillade vidare ner genom grenverket och tr\u00e4ffade Lillen i pannan.<\/i><\/p>\n<p><b>F\u00f6rfattaren Roland Arvidsson har skrivit fler b\u00f6cker om professor Gullstr\u00f6m<\/b> och \u00e4ven vunnit flera pris f\u00f6r den milj\u00f6medvetna bakgrunden i sagorna d\u00e4r kretslopp \u00e5sk\u00e5dligg\u00f6rs genom fantasins v\u00e4rld. Han har arbetat med natur och naturv\u00e5rd i \u00f6ver trettio \u00e5r men \u00e4r nu involverad i professor Gullstr\u00f6ms Sagov\u00e4rld p\u00e5 heltid.<\/p>\n<p>&nbsp;<\/p>\n<p><a title=\"Ormtr\u00e4sket d\u00e4r Krokog\u00e4nget bor. by Kultursidan, on Flickr\" href=\"http:\/\/www.flickr.com\/photos\/kultursidan\/11188044526\/\"><img decoding=\"async\" alt=\"Ormtr\u00e4sket d\u00e4r Krokog\u00e4nget bor.\" src=\"http:\/\/farm6.staticflickr.com\/5482\/11188044526_f3d58c7b1e.jpg\" width=\"280\" \/><\/a><br \/>\n<em> H\u00e4ftiga Krokog\u00e4nget bor i Ormtr\u00e4sket.<\/em><\/p>\n<p>&nbsp;<\/p>\n<p><b>Roland Arvidsson \u00e4r \u00e4ven bokens illustrat\u00f6r.<\/b> Teckningarna i boken \u00e4r fr\u00e4cka och g\u00f6r att boken andas nutid.<\/p>\n<p><i>Text: Carina Johansson<br \/>\nIllustrationer: Roland Arvidsson<\/i><\/p>\n<blockquote>\n<h3><em>BARNBOK<\/em><\/h3>\n<p><em><b>De 7 farornas v\u00e4g<br \/>\n<\/b>av<b> <\/b>Roland Arvidsson<\/em><br \/>\n<em>Idus f\u00f6rlag<\/em><\/p><\/blockquote>\n<p>L\u00c4NKAR<br \/>\nSagoriket <a title=\"Sagoriket\" href=\"http:\/\/www.sagoriket.se\" target=\"_blank\">hemsida <\/a><br \/>\nIdus f\u00f6rlag <a title=\"Idus f\u00f6rlag\" href=\"http:\/\/www.idusforlag.se\" target=\"_blank\">hemsida <\/a><\/p>\n<p>FLER BILDER UR BOKEN \u2013 KLICKA<\/p>\n<p>[flickr-gallery mode=&#8221;photoset&#8221; photoset=&#8221;72157638312885084&#8243;]<\/p>\n","protected":false},"excerpt":{"rendered":"<p>BARNBOK Det l\u00f6nar sig att vara modig och godhj\u00e4rtad. Roland Arvidssons senaste bok i serien om Professor Gullstr\u00f6m \u00e4r ett sp\u00e4nnande \u00e4ventyr. Lillen och Robban g\u00e5r vilse n\u00e4r de h\u00f6rsammar ett rop p\u00e5 hj\u00e4lp. Deras uth\u00e5llighet och fantasi s\u00e4tts p\u00e5 prov. <a class=\"continue-reading-link\" href=\"https:\/\/www.kultursidan.nu\/?p=13288\">L\u00e4s mer <span class=\"meta-nav\">&rarr; <\/span><\/a><\/p>\n","protected":false},"author":1001006,"featured_media":0,"comment_status":"closed","ping_status":"open","sticky":false,"template":"","format":"standard","meta":{"_jetpack_memberships_contains_paid_content":false,"footnotes":""},"categories":[64],"tags":[37,16],"class_list":["post-13288","post","type-post","status-publish","format-standard","hentry","category-litteratur-2","tag-barnkultur","tag-litteratur"],"jetpack_featured_media_url":"","jetpack_sharing_enabled":true,"_links":{"self":[{"href":"https:\/\/www.kultursidan.nu\/index.php?rest_route=\/wp\/v2\/posts\/13288","targetHints":{"allow":["GET"]}}],"collection":[{"href":"https:\/\/www.kultursidan.nu\/index.php?rest_route=\/wp\/v2\/posts"}],"about":[{"href":"https:\/\/www.kultursidan.nu\/index.php?rest_route=\/wp\/v2\/types\/post"}],"author":[{"embeddable":true,"href":"https:\/\/www.kultursidan.nu\/index.php?rest_route=\/wp\/v2\/users\/1001006"}],"replies":[{"embeddable":true,"href":"https:\/\/www.kultursidan.nu\/index.php?rest_route=%2Fwp%2Fv2%2Fcomments&post=13288"}],"version-history":[{"count":0,"href":"https:\/\/www.kultursidan.nu\/index.php?rest_route=\/wp\/v2\/posts\/13288\/revisions"}],"wp:attachment":[{"href":"https:\/\/www.kultursidan.nu\/index.php?rest_route=%2Fwp%2Fv2%2Fmedia&parent=13288"}],"wp:term":[{"taxonomy":"category","embeddable":true,"href":"https:\/\/www.kultursidan.nu\/index.php?rest_route=%2Fwp%2Fv2%2Fcategories&post=13288"},{"taxonomy":"post_tag","embeddable":true,"href":"https:\/\/www.kultursidan.nu\/index.php?rest_route=%2Fwp%2Fv2%2Ftags&post=13288"}],"curies":[{"name":"wp","href":"https:\/\/api.w.org\/{rel}","templated":true}]}}