{"id":13293,"date":"2013-12-03T18:51:12","date_gmt":"2013-12-03T17:51:12","guid":{"rendered":"https:\/\/intelligent-friend-7861.standoutwp.com\/?p=13293"},"modified":"2018-11-09T08:40:28","modified_gmt":"2018-11-09T07:40:28","slug":"stadsmuseets-skatter-flyttar-till-bravalla","status":"publish","type":"post","link":"https:\/\/www.kultursidan.nu\/?p=13293","title":{"rendered":"Stadsmuseets skatter flyttar till Br\u00e5valla"},"content":{"rendered":"<p><iframe loading=\"lazy\" src=\"https:\/\/www.flickr.com\/photos\/kultursidan\/11190995244\/player\/ae88e56c24\" width=\"500\" height=\"333\" frameborder=\"0\" allowfullscreen=\"allowfullscreen\"><\/iframe><\/p>\n<p><i>I tryggt f\u00f6rvar. Stadsmuseets f\u00f6rem\u00e5lsintendent Anne Wastesson-Jonsson har packat och packat upp. Magasinsflytten tar drygt tre \u00e5r.<\/i><\/p>\n<p>&nbsp;<\/p>\n<h1><span style=\"color: #ff0000;\">I tryggt f\u00f6rvar i ammunitionsf\u00f6rr\u00e5det<\/span><\/h1>\n<p>&nbsp;<\/p>\n<p><b>H16 \u00e4r en diskret byggnad ute i Br\u00e5valla omgiven av h\u00f6gt staket och l\u00e5sta grindar.<\/b> Adressen \u00e4r Hangargatan 16 och byggnaden \u00e4r det nya magasinet f\u00f6r tre viktiga kulturinstitutioner i Norrk\u00f6ping: Stadsmuseet, Konstmuseet och Stadsbiblioteket. H\u00e4r ska b\u00f6cker, tavlor, och tusen och \u00e5ter tusen f\u00f6rem\u00e5l f\u00f6rvaras \u2013 n\u00e4r de inte efterfr\u00e5gas f\u00f6r utst\u00e4llningar eller l\u00e4sning.<\/p>\n<p>H16 \u00e4r som gjort f\u00f6r lagring. Eller r\u00e4ttare, det \u00e4r gjort f\u00f6r lagring, milit\u00e4ren hade sitt ammunitionsf\u00f6rr\u00e5d h\u00e4r. Efter nuvarande \u00e4garen Eventfastigheters renovering h\u00e5ller byggnaden 18 grader och r\u00e4tt luftfuktighet. Bes\u00f6kare b\u00f6r kl\u00e4 sig d\u00e4refter.<\/p>\n<p>\u2013 Alla flyttkartonger och packl\u00e5rar ska f\u00f6rst in i frysen, 30 minusgrader i tre dygn. Sedan f\u00e5r de f\u00f6ras vidare in i magasinet, visar Anne Wastesson-Jonsson som \u00e4r min guide.<\/p>\n<p>&nbsp;<\/p>\n<p><a title=\"Varje f\u00f6rem\u00e5l har sin beteckning. by Kultursidan, on Flickr\" href=\"http:\/\/www.flickr.com\/photos\/kultursidan\/11190998716\/\"><img decoding=\"async\" src=\"http:\/\/farm3.staticflickr.com\/2838\/11190998716_543e286551.jpg\" alt=\"Varje f\u00f6rem\u00e5l har sin beteckning.\" width=\"400\" \/><\/a><br \/>\n<em> Varje kniv och gaffel har sin beteckning.<\/em><\/p>\n<p>&nbsp;<\/p>\n<p><b>Stadsmuseet \u00e4r f\u00f6rst p\u00e5 plats.<\/b> Sedan tidig h\u00f6st p\u00e5g\u00e5r flytten hit av alla f\u00f6rem\u00e5l fr\u00e5n det f\u00f6rra magasinet p\u00e5 Garvaregatan. 1.700 kvadratmeter har blivit 2.000, ingen st\u00f6rre \u00f6kning, men f\u00f6rem\u00e5lsintendenten Anne Wastesson-Jonsson f\u00f6rs\u00e4krar att allt \u00e4r till det b\u00e4ttre. Hon visar det hyllsystemet som inte bara utnyttjar takh\u00f6jden, med ett finger p\u00e5 displayen f\u00f6rskjuts j\u00e4ttelika hyllor och \u00f6ppnar nya rymder, nya hyllplan f\u00f6r f\u00f6rvaring.<\/p>\n<p>H\u00e4r tr\u00e4ngs sm\u00e5tt och stort fr\u00e5n bordsknivar till husv\u00e4ggar. Via tesamovarer (m\u00e5ste ha varit trendigt), besmaner (v\u00e5gar), tavlor (fr\u00e5n silhuettklipp till hela Wibergska samlingen), blyinfattade f\u00f6nster, speglar, m\u00f6bler, maskiner, en kanot och en likvagn med kista. Till och med m\u00e5lade husv\u00e4ggar. De allra st\u00f6rsta sakerna st\u00e5r p\u00e5 golvet.<\/p>\n<p><b>V\u00e4rdefullt och skr\u00e4p om vartannat, och vem kan egentligen avg\u00f6ra vad som \u00e4r vad. <\/b>Museernas samlingar st\u00e5r utanf\u00f6r marknadens v\u00e4rderingar, \u00e4r till f\u00f6r att svara p\u00e5 andra fr\u00e5gor. Anne Wastesson-Jonsson ber\u00e4ttar hur privata samlingar sk\u00e4nktes till det som s\u00e5 sm\u00e5ningom blev Norrk\u00f6pings stadsmuseum. Men en viktig samling gick museet f\u00f6rbi:<\/p>\n<p>\u2013 Norrk\u00f6pings arbetarf\u00f6rening var en av de f\u00f6rsta att samla och hade ett litet museum. Arthus Hazelius k\u00f6pte sedan in den samlingen till Nordiska museet.<\/p>\n<p>H\u00e4r finns \u00e4nd\u00e5 hantverkssamlingar, som f\u00f6reningen Gamla Norrk\u00f6ping, d\u00e4r Pehr Swartz och Helga Hagberg var drivande. Butiker som lades ner sk\u00e4nkte inredningar \u2013 Apoteket Svanen \u00e4r ett exempel \u2013 och skyltar. Och m\u00e5nga andra, f\u00f6reningar och privatpersoner sk\u00e4nkte. Ett stycke historia i sig.<\/p>\n<p>Om forna tiders museiintendenter samlade p\u00e5 allt \u00e4r dagens mer sparsmakade. Nu ska det vara f\u00f6rem\u00e5l med stark anknytning till Norrk\u00f6ping som tas emot, och d\u00e5 vill man ha ber\u00e4ttelsen som h\u00f6r till.<\/p>\n<p>&nbsp;<\/p>\n<p><a title=\"Mobergs samling av textilier fr\u00e5n indiankulturer. by Kultursidan, on Flickr\" href=\"http:\/\/www.flickr.com\/photos\/kultursidan\/11191011354\/\"><img decoding=\"async\" src=\"http:\/\/farm8.staticflickr.com\/7428\/11191011354_f1a8670fcf.jpg\" alt=\"Mobergs samling av textilier fr\u00e5n indiankulturer.\" width=\"400\" \/><\/a><br \/>\n<em> Inspirerande.\u00a0Mobergs samling av textilier fr\u00e5n indiankulturer.<\/em><\/p>\n<p>&nbsp;<\/p>\n<p><b>I textilarkivet \u00e4r det varmare, \u00e4ntligen 18 grader som inte v\u00e4drats ut denna kalla dag, och det luktar ylle.<\/b> De mest sk\u00f6ra textilierna och kl\u00e4derna m\u00e5ste ligga plant i kartonger. En del kl\u00e4der kan h\u00e4nga p\u00e5 mjuka galgar, herr- och damkl\u00e4der f\u00f6r sig. Kanske det \u00e4r mest ont om vardagskl\u00e4der och arbetskl\u00e4der, s\u00e5dant som slitits och kastats.<\/p>\n<p>P\u00e5 hyllor ligger rullar av textilier, Anne Wastesson-Jonsson drar ut n\u00e5gra och visar. Vackra stiltyger fr\u00e5n John Lennings har fortfarande en liten informationslapp kvar. P\u00e5 en annan hylla ligger tyger som kommer l\u00e5ngv\u00e4ga ifr\u00e5n, det \u00e4r Mobergs samling av textilier fr\u00e5n indiankulturer. Geometriska m\u00f6nster i starka f\u00e4rger, de m\u00e5ste ha inspirerat modernistiska formgivare.<\/p>\n<p>&nbsp;<\/p>\n<p><a title=\"YFA-arkivet med m\u00e5nga \u00e5rs tygprover. by Kultursidan, on Flickr\" href=\"http:\/\/www.flickr.com\/photos\/kultursidan\/11191129833\/\"><img decoding=\"async\" src=\"http:\/\/farm8.staticflickr.com\/7333\/11191129833_0a0927a369.jpg\" alt=\"YFA-arkivet med m\u00e5nga \u00e5rs tygprover.\" width=\"280\" \/><\/a><br \/>\n<em> YFA-arkivet med m\u00e5nga \u00e5rs tygprover.<\/em><\/p>\n<p>&nbsp;<\/p>\n<p><b>YFA-arkivet \u00e4r i sanning en skatt, stort \u00e4r det ocks\u00e5.<\/b> P\u00e5 hyllorna, i sm\u00e5 svarta p\u00e4rmar finns alla tygprover fr\u00e5n YFA, AB F\u00f6renade Yllefabrikerna. Anne Wastesson Jonsson bl\u00e4ddrar och visar p\u00e5 m\u00f6nster efter m\u00f6nster av enf\u00e4rgat, rutigt och randigt ylletyg av h\u00f6g kvalitet. Det \u00e4r dessa kvaliteter som sk\u00e5pades ut av billigare produktion och tvingade YFA att st\u00e4nga Norrk\u00f6pings sista stora textilindustri 1970.<\/p>\n<p>Arkivet har legat l\u00e4nge men nu har forskarna b\u00f6rjat h\u00f6ra av sig. Genom att koppla ihop tygprover till beskrivningar kan man f\u00e5 reda p\u00e5 mycket om massmodets framv\u00e4xt i Sverige. Till exempel.<\/p>\n<p>\u2013 Ekonomihistorikern Klas Nyberg har kommit hit och tittat, han har gjort liknande forskning p\u00e5 material i Bor\u00e5s, ber\u00e4ttar Anne Wastesson-Jonsson.<\/p>\n<p>Sj\u00e4lv undrar jag vad som skulle h\u00e4nda om textildesigners tog en titt i den h\u00e4r skattkammaren?<\/p>\n<p><b>Sist en titt in i ett h\u00f6gre tempererat arbetsrum, d\u00e4r f\u00f6rem\u00e5l kan packas om.<\/b> I datorn l\u00e4ggs allt information in, de halvt handskrivna packlistorna fr\u00e5n magasinet f\u00f6rs \u00f6ver. F\u00f6r den dag n\u00e5gon s\u00f6ker en jul\u00e4ngel fr\u00e5n 1920-talet ska den g\u00e5 att hitta.<\/p>\n<p><i>Text och foto: Ann-Charlotte Sandelin<br \/>\n<\/i><\/p>\n<p style=\"padding-left: 30px;\">L\u00c4NKAR<br \/>\nStadsmuseet <a title=\"Norrk\u00f6pings stadsmuseum\" href=\"http:\/\/www.norrkoping.se\/kultur-fritid\/museer\/stadsmuseum\/\" target=\"_blank\" rel=\"noopener\">hemsida<\/a><\/p>\n<p>BR\u00c5VALLAMAGASINET \u2013 BILDSPEL \u2013 KLICKA P\u00c5 BILDENS PILAR<\/p>\n<p><a data-flickr-embed='true' href='https:\/\/www.flickr.com\/photos\/kultursidan\/sets\/72157638319135713' title='H16, Br\u00e5vallamagasinet, Stadsmuseet by Kultursidan, on Flickr'><img src='https:\/\/live.staticflickr.com\/2862\/11190995244_ae88e56c24_z.jpg' width='800' height='600' alt='Anne Wastesson Jonsson har m\u00e5nga hyllor att fylla.'><\/a><script async src='https:\/\/embedr.flickr.com\/assets\/client-code.js' charset='utf-8'><\/script><\/p>\n<p>TEXTILARKIVET \u2013 BILDSPEL \u2013 KLICKA P\u00c5 BILDENS PILAR<\/p>\n<p><a data-flickr-embed='true' href='https:\/\/www.flickr.com\/photos\/kultursidan\/sets\/72157638318965956' title='Textilarkiv, H16, Br\u00e5vallamagasinet, Stadsmuseet, 2013 by Kultursidan, on Flickr'><img src='https:\/\/live.staticflickr.com\/2891\/11191015976_9875c81068_z.jpg' width='800' height='600' alt='En gardinkappa i jugendstil.'><\/a><script async src='https:\/\/embedr.flickr.com\/assets\/client-code.js' charset='utf-8'><\/script><\/p>\n<p>YFA-ARKIVET \u2013 BILDSPEL \u2013 KLICKA P\u00c5 BILDENS PILAR<\/p>\n<p><a data-flickr-embed='true' href='https:\/\/www.flickr.com\/photos\/kultursidan\/sets\/72157638319387194' title='YFA-arkivet, H16, Br\u00e5vallamagasinet, Stadsmuseet 2013 by Kultursidan, on Flickr'><img src='https:\/\/live.staticflickr.com\/5530\/11191133093_623b797ec3_z.jpg' width='800' height='600' alt='Tygprover fr\u00e5n YFA.'><\/a><script async src='https:\/\/embedr.flickr.com\/assets\/client-code.js' charset='utf-8'><\/script><\/p>\n","protected":false},"excerpt":{"rendered":"<p>NORRK\u00d6PING H16, en diskret byggnad. Sedan tidig h\u00f6st p\u00e5g\u00e5r flytten hit av alla f\u00f6rem\u00e5l i Norrk\u00f6pings stadsmuseums magasin. H\u00e4r tr\u00e4ngs sm\u00e5tt och stort fr\u00e5n bordsknivar till husv\u00e4ggar. YFA-arkivet \u00e4r en skatt ut\u00f6ver det vanliga. <a class=\"continue-reading-link\" href=\"https:\/\/www.kultursidan.nu\/?p=13293\">L\u00e4s mer <span class=\"meta-nav\">&rarr; <\/span><\/a><\/p>\n","protected":false},"author":1001006,"featured_media":0,"comment_status":"closed","ping_status":"open","sticky":false,"template":"","format":"standard","meta":{"_jetpack_memberships_contains_paid_content":false,"footnotes":""},"categories":[7],"tags":[58,47],"class_list":["post-13293","post","type-post","status-publish","format-standard","hentry","category-norrkoping","tag-textil","tag-utstallning"],"jetpack_featured_media_url":"","jetpack_sharing_enabled":true,"_links":{"self":[{"href":"https:\/\/www.kultursidan.nu\/index.php?rest_route=\/wp\/v2\/posts\/13293","targetHints":{"allow":["GET"]}}],"collection":[{"href":"https:\/\/www.kultursidan.nu\/index.php?rest_route=\/wp\/v2\/posts"}],"about":[{"href":"https:\/\/www.kultursidan.nu\/index.php?rest_route=\/wp\/v2\/types\/post"}],"author":[{"embeddable":true,"href":"https:\/\/www.kultursidan.nu\/index.php?rest_route=\/wp\/v2\/users\/1001006"}],"replies":[{"embeddable":true,"href":"https:\/\/www.kultursidan.nu\/index.php?rest_route=%2Fwp%2Fv2%2Fcomments&post=13293"}],"version-history":[{"count":2,"href":"https:\/\/www.kultursidan.nu\/index.php?rest_route=\/wp\/v2\/posts\/13293\/revisions"}],"predecessor-version":[{"id":38932,"href":"https:\/\/www.kultursidan.nu\/index.php?rest_route=\/wp\/v2\/posts\/13293\/revisions\/38932"}],"wp:attachment":[{"href":"https:\/\/www.kultursidan.nu\/index.php?rest_route=%2Fwp%2Fv2%2Fmedia&parent=13293"}],"wp:term":[{"taxonomy":"category","embeddable":true,"href":"https:\/\/www.kultursidan.nu\/index.php?rest_route=%2Fwp%2Fv2%2Fcategories&post=13293"},{"taxonomy":"post_tag","embeddable":true,"href":"https:\/\/www.kultursidan.nu\/index.php?rest_route=%2Fwp%2Fv2%2Ftags&post=13293"}],"curies":[{"name":"wp","href":"https:\/\/api.w.org\/{rel}","templated":true}]}}