{"id":13296,"date":"2013-12-04T13:08:01","date_gmt":"2013-12-04T12:08:01","guid":{"rendered":"https:\/\/intelligent-friend-7861.standoutwp.com\/?p=13296"},"modified":"2015-07-03T18:51:31","modified_gmt":"2015-07-03T17:51:31","slug":"sa-lange-du-har-lust-nar-inte-publiken-recension","status":"publish","type":"post","link":"https:\/\/www.kultursidan.nu\/?p=13296","title":{"rendered":"S\u00e5 l\u00e4nge du har lust n\u00e5r inte publiken (recension)"},"content":{"rendered":"<p><iframe loading=\"lazy\" src=\"https:\/\/www.flickr.com\/photos\/kultursidan\/11203236076\/player\/013046cfe4\" width=\"500\" height=\"333\" frameborder=\"0\" allowfullscreen=\"allowfullscreen\"><\/iframe><\/p>\n<p><i>N\u00e5dde inte fram. Endast de i publiken som satt n\u00e4rmast fick n\u00e5gon beh\u00e5llning av \u00d6stg\u00f6tateaterns S\u00e5 l\u00e4nge du har lust, som speciellt skapats och spelas upps\u00f6kande f\u00f6r den \u00e4ldre publiken i l\u00e4net. Men nu lovar \u00d6stg\u00f6tateatern att g\u00f6ra sitt f\u00f6r att det ska bli b\u00e4ttre.<br \/>\n<\/i><\/p>\n<p>&nbsp;<\/p>\n<h1><span style=\"color: #ff0000;\">\u201dNu leker vi!\u201d \u2013 om vi kan<\/span><\/h1>\n<h2>Svar fr\u00e5n \u00d6stg\u00f6tateatern efter recensionen.<\/h2>\n<p>&nbsp;<\/p>\n<p><b>Det \u00e4r redan en publiksucc\u00e9, alla f\u00f6rest\u00e4llningar \u00e4r fullbokade. <\/b>Publiken g\u00e5r och rullar in i tr\u00e4ffpunkten i Cedersborg p\u00e5 Sandbyhov i s\u00e4llskap med personal eller kanske n\u00e5gon anh\u00f6rig. Det \u00e4r en dag sent i november och alla f\u00e5r ett v\u00e4nligt mottagande av yngre seniorer fr\u00e5n Frivilligcentralen som flyttar stolar f\u00f6r att bereda plats.<\/p>\n<p>\u00d6stg\u00f6tateatern g\u00f6r med enaktaren <i>S\u00e5 l\u00e4nge du har lust<\/i> en medveten satsning p\u00e5 teater f\u00f6r \u00e4ldre. Per-Johan Persson, v\u00e4lk\u00e4nd fr\u00e5n sommarn\u00f6jet Shakespeare p\u00e5 Gr\u00e4sg\u00e5rden i Vadstena, har b\u00e5de skrivit manus och spelar rollen som hemtj\u00e4nstpersonalen Joel. Under drygt trekvarts timme bes\u00f6ker han brukaren Karin, en \u00e4ldre dam som tr\u00e4nar minnet med hj\u00e4lp av g\u00f6mda kaffefilter. Per-Johan Perssons Joel f\u00f6rs\u00f6ker vara professionellt v\u00e4nlig men blir altmer personlig medan Kyri Sj\u00f6mans Karin \u00e4r b\u00e5de barsk och best\u00e4md.<\/p>\n<p>\u2013 Nu leker vi!<\/p>\n<p><strong>Som om det skulle vara n\u00e5got fel p\u00e5 Karins minne.<\/strong> N\u00e5, n\u00e4rminnet m\u00e5 svikta, men n\u00e4r hon v\u00e4l f\u00e5r med Joel p\u00e5 leken f\u00f6rsvinner \u00e5ren dem emellan, de blir som unga p\u00e5 nytt \u2026som \u2026 som <i>Romeo och Julia<\/i> i balkongscenen. F\u00f6r leken heter teater, ber\u00f6mda scener ur Shakespeares dramer. Och de \u00e4r sk\u00e5despelare.<\/p>\n<p>&nbsp;<\/p>\n<p><a title=\"ur Othello by Kultursidan, on Flickr\" href=\"http:\/\/www.flickr.com\/photos\/kultursidan\/11203239826\/\"><img decoding=\"async\" src=\"http:\/\/farm3.staticflickr.com\/2890\/11203239826_7386e90666.jpg\" alt=\"ur Othello\" width=\"280\" \/><\/a><br \/>\n<em> Othello. Desdemona sover.<\/em><\/p>\n<p>&nbsp;<\/p>\n<p><b>\u2013 Varf\u00f6r slutade du vid teatern, Joel?<\/b><br \/>\n\u2013 Jag slutade inte. Teatern ville inte ha mig.<br \/>\n\u2013 Hm, det \u00e4r annorlunda nu. Jag var vid teatern i 45 \u00e5r, jag kunde v\u00e4lja vad jag ville ha.<\/p>\n<p>Inte alla i hemtj\u00e4nsten har pr\u00f6vat sina teaterdr\u00f6mmar<b> <\/b>men nog kan publiken k\u00e4nna igen sig i att m\u00e5nga som arbetar i deras hem har b\u00e5de dr\u00f6mmar och utbildningar. Inte alla med m\u00e5let att st\u00e4da, handla och hj\u00e4lpa \u00e4ldre med den personliga hygienen.<\/p>\n<p>Joel har accepterat andrahandsvalet, det \u00e4r ett hederligt jobb och n\u00e5gon beh\u00f6ver g\u00f6ra det. Men Karin driver p\u00e5, lusten \u00e4r viktigare \u00e4n lite smuts i h\u00f6rnen, och handla kan hon g\u00f6ra sj\u00e4lv (den hemtj\u00e4nsten skulle nog bli indragen illa kvickt i verkligheten.)<\/p>\n<p><b>De utvalda scenerna av Shakespeare blir som kommentarer till ramber\u00e4ttelsen, som ocks\u00e5 den rymmer b\u00e5de dramatik och reflektioner.<\/b> Joel framf\u00f6r Jaques monolog om m\u00e4nniskans sju \u00e5ldrar ur <i>Som ni vill ha det<\/i>. Samtal om r\u00e4dslan f\u00f6r d\u00f6den och f\u00f6r livet omramar tv\u00e5 scener ur <i>Othello.<\/i> Vi f\u00e5r ocks\u00e5 se <i>Richard III<\/i> uppvakta \u00e4nkan till den man han just satt kniven i.<\/p>\n<p>&nbsp;<\/p>\n<p><a title=\"Fullsatt i tr\u00e4ffpunkten p\u00e5 Sandbyhov. by Kultursidan, on Flickr\" href=\"http:\/\/www.flickr.com\/photos\/kultursidan\/11203236836\/\"><img decoding=\"async\" src=\"http:\/\/farm4.staticflickr.com\/3762\/11203236836_59896bcb07.jpg\" alt=\"Fullsatt i tr\u00e4ffpunkten p\u00e5 Sandbyhov.\" width=\"400\" \/><\/a><br \/>\n<em> Fullsatt i tr\u00e4ffpunkten p\u00e5 Sandbyhov.\u00a0 <\/em><\/p>\n<p>&nbsp;<\/p>\n<p><b>Om vi nu ser n\u00e5got alls.<\/b> Jag st\u00e5r upp l\u00e5ngt bak intill v\u00e4ggen, vid sjunde raden, och det finns ytterligare en rad l\u00e4ngre bak. \u00c4nd\u00e5 ser jag spelet d\u00e5ligt, Kyri Sj\u00f6mans Karin f\u00f6rsvinner ner i sin stora f\u00e5t\u00f6lj. Jag tror inte att de som sitter l\u00e4ngre bak \u00e4n tredje raden \u2013 och de kan inte st\u00e4lla sig upp \u2013 kan se mer \u00e4n jag. M\u00e5nga \u00e4r s\u00e5 illa placerade att de inte ser n\u00e5got alls. En dam g\u00e5r ut, n\u00e4stan direkt.<\/p>\n<p>Dessutom flyter talet i normal sk\u00e5despelshastighet, vilket \u00e4r f\u00f6r fort. Nervimpulserna saktar farten med stigande \u00e5lder och det p\u00e5verkar \u00e4ven h\u00f6rseln. \u00c5ldriga personer h\u00f6r l\u00e5ngsamt.<\/p>\n<p><b>Efter teaterstunden tar det inte l\u00e5ng tid innan bord och stolar flyttats om<\/b> <strong>f\u00f6r uppiggande kaffe och t\u00e5rta.<\/strong> Det kan beh\u00f6vas! Om \u00d6stg\u00f6tateatern ska forts\u00e4tta att spela upps\u00f6kande teater f\u00f6r \u00e4ldrepublik och om \u00e4ldreomsorgen ska boka in f\u00f6rest\u00e4llningar m\u00e5ste f\u00f6ruts\u00e4ttningarna f\u00f6r publikkontakt vara fullgoda.<\/p>\n<p>Detta skrivs en vecka efter att jag sett f\u00f6rest\u00e4llningen. Jag hoppas att \u00e5tg\u00e4rder redan vidtagits. Allt annat \u00e4r respektl\u00f6st \u2013 mot sk\u00e5despelarna och deras publik.<\/p>\n<p><i>Text: Ann-Charlotte Sandelin<br \/>\nFoto: Anders Kratz\/\u00d6stg\u00f6tateater och Ann-Charlotte Sandelin<\/i><\/p>\n<h2><span style=\"color: #ff0000;\">\u00d6stg\u00f6tateatern svarar<\/span><\/h2>\n<p><em>\u2013 Vi har tagit ditt p\u00e5pekande p\u00e5 st\u00f6rsta allvar och sett \u00f6ver hur denna (och andra) f\u00f6rest\u00e4llningar s\u00e4tts upp n\u00e4r vi \u00e4r p\u00e5 turn\u00e9. <strong>Vi vill ju s\u00e5klart att v\u00e5r publik h\u00f6r och ser ordentligt \u2013 en grundf\u00f6ruts\u00e4ttning f\u00f6r en bra upplevelse,<\/strong> svarar \u00d6stg\u00f6tateaterns marknads- och informationschef Linda Hagberg.<\/em><\/p>\n<p><em>\u2013 V\u00e5ra spelplatser ser v\u00e4ldigt olika ut p\u00e5 turn\u00e9 och det \u00e4r inte alltid best\u00e4llarna har utg\u00e5tt fr\u00e5n v\u00e5r &#8221;kravlista&#8221; g\u00e4llande utrymme, vilket f\u00f6rsv\u00e5rar v\u00e5r situation. <strong>Placeringen av stolar har vi redan sett \u00f6ver och vi f\u00f6r \u00e4ven diskussioner om en liten turn\u00e9scen f\u00f6r att komma upp en bit fr\u00e5n golvet.<\/strong><\/em><\/p>\n<p>&nbsp;<\/p>\n<blockquote>\n<h3><em>\u00d6STG\u00d6TATEATERN<\/em><\/h3>\n<p>14 november 2013 \u2013 14 februari 2014<em> Turn\u00e9 i l\u00e4net<br \/>\n<b>S\u00e5 l\u00e4nge du har lust<br \/>\n<\/b>av Per-Johan Persson och William Shakespeare<\/em><\/p>\n<p style=\"padding-left: 30px;\"><em>MEDVERKANDE<\/em><br \/>\n<em> Kyri Sj\u00f6man och Per-Johan Persson<\/em><\/p>\n<\/blockquote>\n<p>L\u00c4NKAR<br \/>\n\u00d6stg\u00f6tateatern <a title=\"\u00d6stg\u00f6tateatern\" href=\"http:\/\/www.ostgotateatern.se\" target=\"_blank\">hemsida<\/a><\/p>\n<p>BILDSPEL (FLASH) \u2013 KLICKA P\u00c5 BILDEN <em><br \/>\nALT\/MOBIL: SE BILDSPELET <a title=\"Bildspel\" href=\"https:\/\/www.flickr.com\/photos\/kultursidan\/sets\/72157638343195184\/show\/\" target=\"_blank\">H\u00c4R<\/a><\/em><br \/>\n<object width=\"400\" height=\"300\"><param name=\"flashvars\" value=\"offsite=true&amp;lang=en-us&amp;page_show_url=%2Fphotos%2Fkultursidan%2Fsets%2F72157638343195184%2Fshow%2F&amp;page_show_back_url=%2Fphotos%2Fkultursidan%2Fsets%2F72157638343195184%2F&amp;set_id=72157638343195184&amp;jump_to=\" \/><param name=\"movie\" value=\"https:\/\/www.flickr.com\/apps\/slideshow\/show.swf?v=1811922554\" \/><param name=\"allowFullScreen\" value=\"true\" \/><\/object><\/p>\n","protected":false},"excerpt":{"rendered":"<p>NORRK\u00d6PING Det \u00e4r inte \u00d6stg\u00f6tateaterns fel. Sk\u00e5despelarna g\u00f6r vad de kan. Men ska teater f\u00f6r de allra \u00e4ldsta n\u00e5 fler \u00e4n de i publiken som sitter n\u00e4rmast duger inte \u00e4ldreboendenas vanliga tr\u00e4ffpunkter. Nu lovar \u00d6stg\u00f6tateatern bot och b\u00e4ttring. <a class=\"continue-reading-link\" href=\"https:\/\/www.kultursidan.nu\/?p=13296\">L\u00e4s mer <span class=\"meta-nav\">&rarr; <\/span><\/a><\/p>\n","protected":false},"author":1001006,"featured_media":0,"comment_status":"closed","ping_status":"open","sticky":false,"template":"","format":"standard","meta":{"_jetpack_memberships_contains_paid_content":false,"footnotes":""},"categories":[7],"tags":[12],"class_list":["post-13296","post","type-post","status-publish","format-standard","hentry","category-norrkoping","tag-teater"],"jetpack_featured_media_url":"","jetpack_sharing_enabled":true,"_links":{"self":[{"href":"https:\/\/www.kultursidan.nu\/index.php?rest_route=\/wp\/v2\/posts\/13296","targetHints":{"allow":["GET"]}}],"collection":[{"href":"https:\/\/www.kultursidan.nu\/index.php?rest_route=\/wp\/v2\/posts"}],"about":[{"href":"https:\/\/www.kultursidan.nu\/index.php?rest_route=\/wp\/v2\/types\/post"}],"author":[{"embeddable":true,"href":"https:\/\/www.kultursidan.nu\/index.php?rest_route=\/wp\/v2\/users\/1001006"}],"replies":[{"embeddable":true,"href":"https:\/\/www.kultursidan.nu\/index.php?rest_route=%2Fwp%2Fv2%2Fcomments&post=13296"}],"version-history":[{"count":0,"href":"https:\/\/www.kultursidan.nu\/index.php?rest_route=\/wp\/v2\/posts\/13296\/revisions"}],"wp:attachment":[{"href":"https:\/\/www.kultursidan.nu\/index.php?rest_route=%2Fwp%2Fv2%2Fmedia&parent=13296"}],"wp:term":[{"taxonomy":"category","embeddable":true,"href":"https:\/\/www.kultursidan.nu\/index.php?rest_route=%2Fwp%2Fv2%2Fcategories&post=13296"},{"taxonomy":"post_tag","embeddable":true,"href":"https:\/\/www.kultursidan.nu\/index.php?rest_route=%2Fwp%2Fv2%2Ftags&post=13296"}],"curies":[{"name":"wp","href":"https:\/\/api.w.org\/{rel}","templated":true}]}}