{"id":13415,"date":"2013-12-28T19:29:43","date_gmt":"2013-12-28T18:29:43","guid":{"rendered":"https:\/\/intelligent-friend-7861.standoutwp.com\/?p=13415"},"modified":"2014-01-09T12:40:59","modified_gmt":"2014-01-09T11:40:59","slug":"gott-slut-efter-kulturstarkt-2013","status":"publish","type":"post","link":"https:\/\/www.kultursidan.nu\/?p=13415","title":{"rendered":"Gott slut efter kulturstarkt 2013"},"content":{"rendered":"<p><iframe loading=\"lazy\" src=\"https:\/\/www.flickr.com\/photos\/kultursidan\/9191813708\/player\/e9dcbeb6c0\" height=\"333\" width=\"500\"  frameborder=\"0\" allowfullscreen webkitallowfullscreen mozallowfullscreen oallowfullscreen msallowfullscreen><\/iframe><\/p>\n<p><i>Musikstaden \u00c5r 2013 f\u00f6ddes Br\u00e5vallafestivalens. Nocturnals r\u00e5a retrorock intog en av scenerna.<br \/>\n<\/i><\/p>\n<p>&nbsp;<\/p>\n<h1><span style=\"color: #ff0000;\">Norrk\u00f6ping \u00e4r en Kulturstad av rang<\/span><\/h1>\n<p>&nbsp;<\/p>\n<p><b>2013 var ett starkt \u00e5r f\u00f6r Norrk\u00f6ping sett ur kultur- och n\u00f6jesperspektiv.<\/b> S\u00e5 starkt att kommunens styrande, efter att ha missat att n\u00e4mna <i>Br\u00e5vallafestivalen<\/i> p\u00e5 de v\u00e4lkomnande skyltarna vid infarten n\u00e4r det begav sig, nu uttalat visionen om <i>Musikstaden<\/i> som ska blomstra 2020. Nog vattnades den visionen friskt i lerv\u00e4llingen under n\u00e5gra sena junidygn. Medan arrang\u00f6ren r\u00e4knade biljettint\u00e4kter r\u00e4knade kommunen skatteint\u00e4kter p\u00e5 sidoinkomsterna och fann att eftersmaken var god.<\/p>\n<p><b>Men hall\u00e5, Norrk\u00f6ping \u00e4r redan i dag en stark Musikstad inom en rad kategorier.<\/b> Och med flera festivaler, fr\u00e5n <i>Folkmusikfestivalen FiN<\/i> till <i>East Backyard festival<\/i>. Men visst kan det bli mer, h\u00f6gt och l\u00e5gt, djupt och brett. Inte minst n\u00e4r H\u00f6rsalen \u00e4ntligen (\u00e5rets arbetsseger?!) \u00e5terintr\u00e4der i tj\u00e4nst, f\u00f6rhoppningsvis 2015.<\/p>\n<p>Norrk\u00f6pings symfoniorkester plockar hit v\u00e4rldsstj\u00e4rnor i l\u00e5ngan rad, inte minst tack vare chefdirigenten Michael Francis goda kontakter. Ett starkt intryck gjorde m\u00f6tet med pianisten Valentina Lisitsa, inte f\u00f6r att hon \u00e4r \u00e5rets uppburna stj\u00e4rnsolist, utan f\u00f6r hennes enkla och djupa h\u00e4ngivenhet.<\/p>\n<p>&nbsp;<\/p>\n<p><iframe loading=\"lazy\" src=\"https:\/\/www.flickr.com\/photos\/kultursidan\/10435871026\/player\/ed9b57c6e1\" height=\"240\" width=\"400\" allowfullscreen=\"\" frameborder=\"0\"><\/iframe><br \/>\n<em> Jubileumsstaden. Tre institutioner firade 100-\u00e5rsjubileum under \u00e5ret.<\/em><\/p>\n<p>&nbsp;<\/p>\n<p><b>100-\u00e5rsjubilarerna Stadsbiblioteket (en av \u00e5rets Broocmanpristagare), Stadsmuseet och Konstmuseet har ett gemensamt ursprung, Villa Swartz.<\/b> Det har de har firat, Konstmuseet mest och kaxigast med ett konstfyrverkeri som landat h\u00e4r och d\u00e4r i centrala staden inklusive inom museets v\u00e4ggar. En uppskattad present till kommunen och dess inv\u00e5nare var Ernst Billgrens skulptur <i>Eget hem<\/i> som f\u00e5tt plats vid Stadstornet.<\/p>\n<p>Den sp\u00e4nnande konsthallen NP33 lockar samtidens konstn\u00e4rer som nattflyn kring ljuset, \u00e5ret har bjudit p\u00e5 en rad storartade utst\u00e4llningar. Ocks\u00e5 Konstforum och Kronan och \u00f6vriga gallerier bidrar till Konststaden Norrk\u00f6ping.<\/p>\n<p>Den ekonomiska verkligheten f\u00f6r s\u00e5v\u00e4l konstn\u00e4rer som gallerier \u00e4r dock oroande m\u00f6rk och os\u00e4ker. M\u00e5nga \u00e4lskar konsten, men f\u00e5 vill betala. Galleri Dag Andersson st\u00e4ngde under \u00e5ret. Kreativt kontor &amp; Galleri \u00f6ppnade.<\/p>\n<p>&nbsp;<\/p>\n<p><iframe loading=\"lazy\" src=\"https:\/\/www.flickr.com\/photos\/kultursidan\/8549948880\/player\/e43f920d4a\" height=\"240\" width=\"400\" allowfullscreen=\"\" frameborder=\"0\"><\/iframe><br \/>\n<em> Teaterstaden \/ Dansstaden. <\/em><em>\u00d6stg\u00f6tateatern gav <\/em><em>Historien om en soldat p\u00e5 Br\u00e5ddgatan 34.<\/em><\/p>\n<p>&nbsp;<\/p>\n<p><b>Teaterstaden Norrk\u00f6ping rymmer amat\u00f6rteater, fria professionella grupper och \u00d6stg\u00f6tateatern, v\u00e5r regionala teater som \u00e4ven inkluderar Ung scen \u00f6st.<\/b> V\u00e5rens m\u00e5nadsl\u00e5nga teaterfestival med Teater Br\u00e5ddgatan 34 som centrum var ett styrkebesked f\u00f6r det levande m\u00f6tet mellan publik och akt\u00f6r. Inte bara huvudarrang\u00f6ren Kvartersteatern stod p\u00e5 scenen, det gjorde ocks\u00e5 andra amat\u00f6rer, teaterelever fr\u00e5n Marieborg och fria grupper.<\/p>\n<p>I somras tog tv\u00e5 nya teatergrupper, Revolverteatern och Rabalder, en ny scen i besittning mitt i Kn\u00e4ppingsborg, med familjeteater och fars. Folklustspelet i Cederdalen har blivit en k\u00e4r tradition. Och Chopp event kastade loss fr\u00e5n gamla scener och landsteg p\u00e5 Str\u00f6msholmen.<\/p>\n<p>\u00d6stg\u00f6tateatern har presenterat angel\u00e4gen och stark teater, fr\u00e5n <i>\u00c4nglar i Amerika<\/i> till <i>Bluebird,<\/i> under \u00e5ret i Norrk\u00f6ping. Och presenterat en rad sm\u00e5 p\u00e4rlor p\u00e5 andra scener \u2013 inklusive dansf\u00f6rest\u00e4llningen <i>Historien om en soldat<\/i>. Trots alla skriverier om den penningbrist som \u00e5ter st\u00e5r f\u00f6r d\u00f6rren. Det blev ingen musikal i \u00e5r.<\/p>\n<p><b>Som Dansstad \u00e4r Norrk\u00f6ping fortfarande en bubblare.<\/b> Blauba gjorde det <i>Evr\u00edv\u00e4r<\/i> i somras, i internationellt samarbete. Medan Trom\u00e4kis och Impro.nu:s sommarjobbare dansade sig genom Kn\u00e4ppingsborg. F\u00e5r vi se mer av flamencodansarna som \u00f6ppnade sin <i>Garderob<\/i> under Kulturnatten?<\/p>\n<p>&nbsp;<\/p>\n<p><iframe loading=\"lazy\" src=\"https:\/\/www.flickr.com\/photos\/kultursidan\/8911586573\/player\/a3a4415d56\" height=\"240\" width=\"400\" allowfullscreen=\"\" frameborder=\"0\"><\/iframe><br \/>\n<em> Musikalstaden. Viruzzz var \u00e5rets bidrag fr\u00e5n Film- och musikgymnasiet.<br \/>\n<\/em><\/p>\n<p>&nbsp;<\/p>\n<p><b>Musikalstaden Norrk\u00f6ping har fostrat generation efter generation av artister. <\/b>B\u00e5de Film- och musikgymnasiet och De Geergymnasiet satte upp musikaler i v\u00e5ras, <i>Viruzzz<\/i> och <i>Spelman p\u00e5 taket<\/i>. P\u00e5 Arbis scen genomf\u00f6rdes tv\u00e5 amat\u00f6rupps\u00e4ttningar under sensommar och h\u00f6st, Nerd productions <i>En tivolisaga<\/i> och Kulturskolans <i>Som ni vill ha det<\/i>.<\/p>\n<p>Sedan bytte nyrenoverade Arbishuset namn till Bredgatan 5; nya publikgrupper lockas med basproduktionen <i>Burlesque<\/i> och syndigt l\u00e4cker inredning.<\/p>\n<p><b>Filmstaden Norrk\u00f6ping \u00e4r mycket mer \u00e4n en biograf eller tv\u00e5.<\/b> Mer \u00e4n en Flimmerfestival. F\u00f6r h\u00e4r produceras filmer nog f\u00f6r att fylla egna sm\u00e5 festivaler, <i>Klappan<\/i> \u2013 tack vare pedagogerna p\u00e5 Cnema \u2013 och <i>Guldsvanen<\/i> \u2013 till stor del Eastwoods och Film- och musikgymnasiets f\u00f6rtj\u00e4nst. \u00c4nnu ett namnbyte \u2013 ETK media blev Kojan filmbyr\u00e5.<\/p>\n<p>&nbsp;<\/p>\n<p><iframe loading=\"lazy\" src=\"https:\/\/www.flickr.com\/photos\/kultursidan\/9730420535\/player\/50c889784e\" height=\"240\" width=\"400\" allowfullscreen=\"\" frameborder=\"0\"><\/iframe><br \/>\n<em> Litteraturstaden. F\u00f6rfattare och bokhandlare p\u00e5 v\u00e4g till \u00d6sterg\u00f6tlands egen bokm\u00e4ssa.<\/em><\/p>\n<p>&nbsp;<\/p>\n<p><b>Kriminalromanen f\u00e5ngar tidens anda, skruvar den till l\u00e4sarens f\u00f6rf\u00e4ran och\/eller f\u00f6rn\u00f6jelse.<\/b> N\u00e5gra f\u00f6rfattare \u00e4r n\u00f6jda med att kalla sig amat\u00f6rer, andra siktar h\u00f6gre. En av dem \u00e4r Emelie Schepp, som ocks\u00e5 \u00e4r en f\u00f6rs\u00e4ljare av rang med debutromanen <i>M\u00e4rkta f\u00f6r livet<\/i>. Om ondskefulla h\u00e4ndelser men utan avsikt att f\u00f6rn\u00f6ja skriver ocks\u00e5 Melker Garay i <i>R\u00e5ttan och andra onda ber\u00e4ttelser<\/i>.<\/p>\n<p>N\u00e5gra av de lokala f\u00f6rfattare vi m\u00f6tt har dock helt andra, nog s\u00e5 angel\u00e4gna \u00e4renden. Thomas Nyboms bok <i>I dina \u00f6gon <\/i>om familjens kamp f\u00f6r r\u00e4tt hj\u00e4lp \u00e5t dottern som har funktionshinder har n\u00e5tt l\u00e5ngt utanf\u00f6r kommunens gr\u00e4nser.<\/p>\n<p><b>Norrk\u00f6ping \u00e4r en Kulturstad av rang<\/b>, ibland med kommunalt bist\u00e5nd men lika ofta p\u00e5 privatfinansierad grund. Om detta vill Kultursidan.nu ber\u00e4tta, \u00e4ven 2014.<\/p>\n<p><i>Text: Ann-Charlotte Sandelin<br \/>\nFoto: <\/i><i>Ann-Charlotte Sandelin, <\/i><i>Sven \u00c5ke Molund, <\/i><i>Samuel Sandelin, Robert Betts, Annika Lindegren, Christian L. Hellberg, Karolina Nilsson, Samuel Claesson och Melinda Reyes Hiltunen<br \/>\n<\/i><\/p>\n<p>FLER BILDER FR\u00c5N 2013 \u2013 KLICKA<\/p>\n<p>[flickr-gallery mode=&#8221;photoset&#8221; photoset=&#8221;72157639122300694&#8243;]<\/p>\n","protected":false},"excerpt":{"rendered":"<p>NORRK\u00d6PING \u00c5rskr\u00f6nika. Konstmuseet firade mest och kaxigast av trillingjubilarerna som f\u00f6ddes i Villa Swartz f\u00f6r 100 \u00e5r sedan. Efter Br\u00e5vallafestivalen uttalades visionen om Norrk\u00f6ping som Musikstad. Redan i dag \u00e4r Norrk\u00f6ping en Kulturstad av rang. <a class=\"continue-reading-link\" href=\"https:\/\/www.kultursidan.nu\/?p=13415\">L\u00e4s mer <span class=\"meta-nav\">&rarr; <\/span><\/a><\/p>\n","protected":false},"author":1001006,"featured_media":0,"comment_status":"closed","ping_status":"open","sticky":false,"template":"","format":"standard","meta":{"_jetpack_memberships_contains_paid_content":false,"footnotes":""},"categories":[7],"tags":[],"class_list":["post-13415","post","type-post","status-publish","format-standard","hentry","category-norrkoping"],"jetpack_featured_media_url":"","jetpack_sharing_enabled":true,"_links":{"self":[{"href":"https:\/\/www.kultursidan.nu\/index.php?rest_route=\/wp\/v2\/posts\/13415","targetHints":{"allow":["GET"]}}],"collection":[{"href":"https:\/\/www.kultursidan.nu\/index.php?rest_route=\/wp\/v2\/posts"}],"about":[{"href":"https:\/\/www.kultursidan.nu\/index.php?rest_route=\/wp\/v2\/types\/post"}],"author":[{"embeddable":true,"href":"https:\/\/www.kultursidan.nu\/index.php?rest_route=\/wp\/v2\/users\/1001006"}],"replies":[{"embeddable":true,"href":"https:\/\/www.kultursidan.nu\/index.php?rest_route=%2Fwp%2Fv2%2Fcomments&post=13415"}],"version-history":[{"count":0,"href":"https:\/\/www.kultursidan.nu\/index.php?rest_route=\/wp\/v2\/posts\/13415\/revisions"}],"wp:attachment":[{"href":"https:\/\/www.kultursidan.nu\/index.php?rest_route=%2Fwp%2Fv2%2Fmedia&parent=13415"}],"wp:term":[{"taxonomy":"category","embeddable":true,"href":"https:\/\/www.kultursidan.nu\/index.php?rest_route=%2Fwp%2Fv2%2Fcategories&post=13415"},{"taxonomy":"post_tag","embeddable":true,"href":"https:\/\/www.kultursidan.nu\/index.php?rest_route=%2Fwp%2Fv2%2Ftags&post=13415"}],"curies":[{"name":"wp","href":"https:\/\/api.w.org\/{rel}","templated":true}]}}