{"id":13653,"date":"2014-01-21T10:05:45","date_gmt":"2014-01-21T09:05:45","guid":{"rendered":"https:\/\/intelligent-friend-7861.standoutwp.com\/?p=13653"},"modified":"2014-02-24T11:52:48","modified_gmt":"2014-02-24T10:52:48","slug":"oppet-hus-med-peter-och-vargen","status":"publish","type":"post","link":"https:\/\/www.kultursidan.nu\/?p=13653","title":{"rendered":"\u00d6ppet hus med Peter och Vargen"},"content":{"rendered":"<p><iframe loading=\"lazy\" src=\"https:\/\/www.flickr.com\/photos\/kultursidan\/12065859384\/player\/5017fd0759\" height=\"333\" width=\"500\"  frameborder=\"0\" allowfullscreen webkitallowfullscreen mozallowfullscreen oallowfullscreen msallowfullscreen><\/iframe><\/p>\n<p><em>Vargpirater. Bland m\u00e5nga vargar i publiken fanns br\u00f6derna David och Axel Jensen tillsammans med<\/em><em> <\/em><em>pappa\u00a0 Per.<\/em><\/p>\n<p>&nbsp;<\/p>\n<h1><span style=\"color: #ff0000;\">Maskpyssel och instrumentprovning<\/span><\/h1>\n<p>&nbsp;<\/p>\n<p><b>G\u00f6r din egen vargmask.<\/b> N\u00e4r Symfoniorkestern \u00f6ppnade Louis De Geer f\u00f6r publiken l\u00e5g fokus p\u00e5 barnpubliken. Dragpl\u00e5ster var maskpyssel och instrumentprovning. Dagen avslutades med den animerade filmen <i>Peter och vargen<\/i> till Prokofievs musik.<\/p>\n<p>Intresset var stort n\u00e4r Symfoniorkestern slog upp d\u00f6rrarna till De-Geerhallen p\u00e5 l\u00f6rdagen.<\/p>\n<p>\u2013 En l\u00e5ng k\u00f6 ringlade sig utanf\u00f6r n\u00e4r vi \u00f6ppnade kl 12 idag, ber\u00e4ttade Symfoniorkesterns kommunikationschef Agneta Lindmark Thomas.<\/p>\n<p>&nbsp;<\/p>\n<p><iframe loading=\"lazy\" src=\"https:\/\/www.flickr.com\/photos\/kultursidan\/12065861574\/player\/274d5eae9e\" height=\"320\" width=\"240\" allowfullscreen=\"\" frameborder=\"0\"><\/iframe><br \/>\n<em>Skapande verkstad. I Trozelli galleriet en trappa ner<br \/>\nkunde barn (och vuxna) g\u00f6ra egna masker.<\/em><\/p>\n<p>&nbsp;<\/p>\n<p><b>Och det var ett fullsp\u00e4ckat program man bj\u00f6d p\u00e5.<\/b> I bistron avl\u00f6ste olika ensembler varandra med musikprogram. Nere i Trozelligalleriet var l\u00e5ngbord uppdukade f\u00f6r skapande verkstad. H\u00e4r kunde barn (och vuxna) g\u00f6ra egna masker. M\u00e5nga inspirerades av dagens filmvisning och gjorde Peter och vargen-masker.<\/p>\n<p>De riktigt sm\u00e5 barnen kunde Gissa visan! under ledning av orkesterns barnpedagog Kristina Holm Danielsson och violinisten Anne Holmer. F\u00f6r den som ville prova sina kunskaper fanns en tipspromenad som ledde bakom scenen och in i vindlande korridorer med \u00f6vningsrum och loger.<\/p>\n<p><b>P\u00e5 v\u00e4gen mellan fr\u00e5gorna kunde man titta in och se n\u00e4rmare p\u00e5 olika instrument och tr\u00e4ffa musiker.<\/b> Den modige passade p\u00e5 att provspela. Slagverksrummet var mycket popul\u00e4rt och ljudniv\u00e5n sm\u00e4rtsamt h\u00f6g.<\/p>\n<p>SON:s VD Karin Veres bj\u00f6d p\u00e5 Melodram f\u00f6r kontrabas och ber\u00e4ttare tillsammans med kontrabasisten Bj\u00f6rn Malmqvist. Den vetgirige kunde lyssna p\u00e5 Stig Jacobsson n\u00e4r han svarade p\u00e5 fr\u00e5gan Vem var Rachmaninov?<\/p>\n<p>Innan eftermiddagens konsert startade kunde bes\u00f6kare f\u00f6lja med en musiker p\u00e5 en smygtitt bakom podiet inne i konsertsalen.<\/p>\n<p>&nbsp;<\/p>\n<p><iframe loading=\"lazy\" src=\"https:\/\/www.flickr.com\/photos\/kultursidan\/12065461595\/player\/a7b7e82a85\" height=\"240\" width=\"400\" allowfullscreen=\"\" frameborder=\"0\"><\/iframe><br \/>\n<em>Dramatik. Peter ser Vargen sluka Ankan. Symfoniorkestern spelade filmmusik.<br \/>\nProkofiev satt perfekt!<\/em><\/p>\n<p>&nbsp;<\/p>\n<p><b>Dagens h\u00f6jdpunkt var visningen av den animerade filmen Peter och vargen d\u00e4r SON spelade Sergei Prokofievs musik under ledning av dirigent Christoffer Nobin. <\/b>I Prokofievs musik gestaltas karakt\u00e4rerna av olika instrument. Tanja Orraryd, violinist i SON, presenterade p\u00e5 ett pedagogiskt s\u00e4tt huvudrollerna i orkestern: Peter \u2013 str\u00e5kar, F\u00e5geln \u2013 fl\u00f6jt, Ankan \u2013 oboe, Katten \u2013 klarinett, Farfar \u2013 fagott och Vargen \u2013 valthorn.<\/p>\n<p>Den klassiska sagan hade i filmen ersatts av en poetisk, men ganska m\u00f6rk, ber\u00e4ttelse om en liten pojke som lever fattigt med sin \u00f6verbeskyddande farfar. Med sina v\u00e4nner ankan och f\u00e5geln tar sig Peter en dag ut i den lockande, men f\u00f6rbjudna, skogen bakom huset. N\u00e4r Peter m\u00f6ter vargen st\u00e4lls hans mod p\u00e5 prov och historien f\u00e5r ett ov\u00e4ntat slut. Filmen producerades 2006 och \u00e4r regisserad av Suzie Templeton. Filmen har bel\u00f6nats med flera filmpriser, bland annat en Oscar 2008.<\/p>\n<p><i>Text: Felicia Eriksson<br \/>\nFoto: Felicia Eriksson och Ann-Charlotte Sandelin<\/i><\/p>\n<blockquote>\n<h3><em>LOUIS DE GEER Norrk\u00f6ping<\/em><\/h3>\n<p>18 januari 2014<em><br \/>\n<\/em><\/p>\n<p><em><b>\u00d6ppet hus<\/b> <\/em><br \/>\n<em> Pyssel, instrumentprovning, tipspromenad, minikonsert med mera<\/em><br \/>\n<em> <\/em><\/p>\n<p><em><b>Peter och vargen<\/b><\/em><br \/>\n<em> Film av Suzie Templeton<\/em><br \/>\n<em> Musik av Sergei Prokofiev<\/em><br \/>\n<em> Norrk\u00f6pings symfoniorkester<\/em><br \/>\n<em>Dirigent: Christoffer Nobin<\/em><\/p><\/blockquote>\n<p>L\u00c4NKAR<br \/>\nSON <a title=\"SON\" href=\"www.norrk\u00f6pingssymfoniorkester\" target=\"_blank\">hemsida <\/a><a href=\"http:\/\/www.norrk%9Apingssymfoniorkester\/\"><br \/>\n<\/a>Peter och vargen (Templetons film) <a title=\"Peter och Vargen \u2013 filmen\" href=\"http:\/\/www.suzietempleton.com\/pages\/films\/peter\/filmspeter.html\" target=\"_blank\">hemsida <\/a><br \/>\nPeter och Vargen (Prokofievs musiksaga) <a title=\"Wikipedia\" href=\"http:\/\/en.wikipedia.org\/wiki\/Peter_and_the_Wolf\" target=\"_blank\">Wikipedia<\/a><\/p>\n<p>FLER BILDER FR\u00c5N \u00d6PPET HUS HOS SON \u2013 KLICKA<\/p>\n<p>[flickr-gallery mode=&#8221;photoset&#8221; photoset=&#8221;72157639992640026&#8243;]<\/p>\n","protected":false},"excerpt":{"rendered":"<p>NORRK\u00d6PING G\u00f6r din egen mask. N\u00e4r Symfoniorkestern \u00f6ppnade Louis De Geer f\u00f6r publiken l\u00e5g fokus p\u00e5 barnpubliken. Dragpl\u00e5ster var maskpyssel och instrumentprovning. H\u00f6jdpunkten filmen Peter och vargen till Prokofievs musik. <a class=\"continue-reading-link\" href=\"https:\/\/www.kultursidan.nu\/?p=13653\">L\u00e4s mer <span class=\"meta-nav\">&rarr; <\/span><\/a><\/p>\n","protected":false},"author":1001006,"featured_media":0,"comment_status":"closed","ping_status":"open","sticky":false,"template":"","format":"standard","meta":{"_jetpack_memberships_contains_paid_content":false,"footnotes":""},"categories":[7],"tags":[37,38,13],"class_list":["post-13653","post","type-post","status-publish","format-standard","hentry","category-norrkoping","tag-barnkultur","tag-film","tag-musik"],"jetpack_featured_media_url":"","jetpack_sharing_enabled":true,"_links":{"self":[{"href":"https:\/\/www.kultursidan.nu\/index.php?rest_route=\/wp\/v2\/posts\/13653","targetHints":{"allow":["GET"]}}],"collection":[{"href":"https:\/\/www.kultursidan.nu\/index.php?rest_route=\/wp\/v2\/posts"}],"about":[{"href":"https:\/\/www.kultursidan.nu\/index.php?rest_route=\/wp\/v2\/types\/post"}],"author":[{"embeddable":true,"href":"https:\/\/www.kultursidan.nu\/index.php?rest_route=\/wp\/v2\/users\/1001006"}],"replies":[{"embeddable":true,"href":"https:\/\/www.kultursidan.nu\/index.php?rest_route=%2Fwp%2Fv2%2Fcomments&post=13653"}],"version-history":[{"count":0,"href":"https:\/\/www.kultursidan.nu\/index.php?rest_route=\/wp\/v2\/posts\/13653\/revisions"}],"wp:attachment":[{"href":"https:\/\/www.kultursidan.nu\/index.php?rest_route=%2Fwp%2Fv2%2Fmedia&parent=13653"}],"wp:term":[{"taxonomy":"category","embeddable":true,"href":"https:\/\/www.kultursidan.nu\/index.php?rest_route=%2Fwp%2Fv2%2Fcategories&post=13653"},{"taxonomy":"post_tag","embeddable":true,"href":"https:\/\/www.kultursidan.nu\/index.php?rest_route=%2Fwp%2Fv2%2Ftags&post=13653"}],"curies":[{"name":"wp","href":"https:\/\/api.w.org\/{rel}","templated":true}]}}