{"id":13747,"date":"2014-01-28T21:50:37","date_gmt":"2014-01-28T20:50:37","guid":{"rendered":"https:\/\/intelligent-friend-7861.standoutwp.com\/?p=13747"},"modified":"2014-02-24T11:38:26","modified_gmt":"2014-02-24T10:38:26","slug":"nu-blir-det-kollison-i-de-geer","status":"publish","type":"post","link":"https:\/\/www.kultursidan.nu\/?p=13747","title":{"rendered":"Nu blir det KolliSON i De Geer"},"content":{"rendered":"<p><iframe loading=\"lazy\" src=\"https:\/\/www.flickr.com\/photos\/kultursidan\/12174165684\/player\/d09ab4ca59\" height=\"333\" width=\"500\"  frameborder=\"0\" allowfullscreen webkitallowfullscreen mozallowfullscreen oallowfullscreen msallowfullscreen><\/iframe><\/p>\n<p><em>Kompbandet p\u00e5 KolliSON-repetition.<br \/>\n<\/em><\/p>\n<p>&nbsp;<\/p>\n<h1><span style=\"color: #ff0000;\">Regi: Marcus Fyrberg<\/span><\/h1>\n<p>&nbsp;<\/p>\n<p><b>V\u00e4nskap \u00e4r temat f\u00f6r De Geergymnasiets musiktreors projektarbete.<\/b> Det heter KolliSON och \u00e4r \u00e5rets traditionella vinterf\u00f6rest\u00e4llning som traditionellt ges tillsammans som skolkonsert och familjekonsert tillsammans med Norrk\u00f6pings symfoniorkester.<\/p>\n<p>\u2013 Vi b\u00f6rjade fundera p\u00e5 allvar i slutet av tv\u00e5an, vi ville g\u00f6ra n\u00e5got annorlunda \u00e4n det vi sett tidigare, s\u00e4ger Fedra Thell under en paus i sista dagarnas intensiva repetitionsarbete. Fr\u00e5n b\u00f6rjan ville vi inte ha n\u00e5got prat alls, bara skifta f\u00e4rger och ljus. Sedan t\u00e4nkte vi p\u00e5 att det skulle bli skolf\u00f6rest\u00e4llningar f\u00f6r yngre barn som ska f\u00f6rst\u00e5, s\u00e5 det blir lite prat \u00e4nd\u00e5.<\/p>\n<p>&nbsp;<\/p>\n<p><iframe loading=\"lazy\" src=\"https:\/\/www.flickr.com\/photos\/kultursidan\/12173751655\/player\/41ff98439e\" height=\"240\" width=\"400\" allowfullscreen=\"\" frameborder=\"0\"><\/iframe><br \/>\n<em> Dirigenten Cristoffer Nobin leder Norrk\u00f6pings symfoniorkester i KolliSON.<\/em><\/p>\n<p>&nbsp;<\/p>\n<p><b>Klassen best\u00e4mde sig f\u00f6r att bryta de senaste \u00e5rens musikaltrend f\u00f6r att i st\u00e4llet ger en f\u00f6rest\u00e4llning som mixar konsert med show.<\/b> Inneh\u00e5llet lyfter fram vad de v\u00e4rderar i livet \u2013 v\u00e4nskap. D\u00e4rf\u00f6r ska alla klassens 31 elever lyftas fram, lika mycket. Oavsett om de \u00e4r rena instrumentalister eller s\u00e5ngare, m\u00e5nga b\u00e5de sjunger och spelar ett eller flera instrument. De backas upp av Symfoniorkestern och av sitt eget rockigare kompband.<\/p>\n<p>\u2013 Vi har m\u00e5nga duktiga s\u00e5ngare i klassen, beskriver klasskompisen Allis Staveborg.<\/p>\n<p>Fyra instrumentalister \u00e4r solister: Aron Westberg p\u00e5 trombon, Linda Hou spelar viola (och synth i kompbandet), Olle Jonsson, gitarr, och Erik Wallin, violin. Till detta kommer tv\u00e5 uruppf\u00f6randen, i \u00e5r \u00e4r det Sara Andersson och Anna-Maria Derecichei som valts ut att komponera f\u00f6r full orkester.<\/p>\n<p>Fedra och Allis uppskattar st\u00f6det de f\u00e5tt fr\u00e5n Symfoniorkestern och fr\u00e5n sina mentorer p\u00e5 De Geergymmnasiet. Inte minst att f\u00e5 tr\u00e4ffa dirigenten Cristoffer Nobin och Symfoniorkesterns pedagoger p\u00e5 ett tidigt stadium.<\/p>\n<p>&nbsp;<\/p>\n<p><iframe loading=\"lazy\" src=\"https:\/\/www.flickr.com\/photos\/kultursidan\/12173755495\/player\/d238388275\" height=\"240\" width=\"400\" allowfullscreen=\"\" frameborder=\"0\"><\/iframe><br \/>\n<em> Givande samarbete. Marcus Fyrberg gick sista \u00e5ret p\u00e5 De Geergymnasiets musikprogram f\u00f6r ett \u00e5r sedan. Nu \u00e4r han regiss\u00f6r f\u00f6r Fedra Thell och Allis Staveborg och deras klasskamrater.<\/em><\/p>\n<p>&nbsp;<\/p>\n<p><b>\u2013 De har gjort ett grymt f\u00f6rarbete med manus och id\u00e9er, ber\u00f6mmer Marcus Fyrberg. <\/b>Det \u00e4r ett fruktansv\u00e4rt bra manus, det enda jag gjort \u00e4r att det blir tydligt.<\/p>\n<p>F\u00f6r f\u00f6rsta g\u00e5ngen finns allts\u00e5 en regiss\u00f6r p\u00e5 plats. Marcus Fyrberg stod sj\u00e4lv h\u00e4r p\u00e5 scenen f\u00f6r ett \u00e5r sedan. Nu har han tagit ledigt fr\u00e5n studierna p\u00e5 Balettakademin i Stockholm f\u00f6r att hj\u00e4lpa sina ett \u00e5r yngre skolkamrater. Ett sp\u00e4nnande och givande uppdrag.<\/p>\n<p>\u2013 Jag har ju aldrig st\u00e5tt p\u00e5 den h\u00e4r sidan f\u00f6rr utom med min egen klass, s\u00e4ger Marcus Fyrberg, som trots sina unga \u00e5r har stor scenvana fr\u00e5n \u00d6stg\u00f6tateatern, flera Arbisupps\u00e4ttningar och Skandiateatern. Det kom v\u00e4l till pass f\u00f6r ganska s\u00e5 exakt ett \u00e5r sedan och det kommer v\u00e4l till pass nu.<\/p>\n<p>&nbsp;<\/p>\n<p><iframe loading=\"lazy\" src=\"https:\/\/www.flickr.com\/photos\/kultursidan\/12174377686\/player\/06e27fd60a\" height=\"240\" width=\"400\" allowfullscreen=\"\" frameborder=\"0\"><\/iframe><\/p>\n<p><em>Tre tjejer och en l\u00e5t. L\u00e4ngst till v\u00e4nster Cecilia Flenhagen.<\/em><\/p>\n<p><b>Snart ropar internradion p\u00e5 Marcus \u2013 dags f\u00f6r repetition. <\/b>D\u00e5 lyssnar han till s\u00e5ngarna (\u201dbra l\u00e5tval\u201d) och testar de sista danserna som ska komma till. Han st\u00e5r mellan b\u00e4nkraderna och sm\u00e5dansar tillsammans med lediga elever.<\/p>\n<p>\u2013 Det fanns b\u00f6rjan till koreografi. Jag har \u00e4ndrat, bytt ut, f\u00f6rh\u00f6jt. M\u00e5nga \u00e4r bra p\u00e5 att dansa men jag har den sceniska dansen. Jag har sett Robin Karlssons arbete p\u00e5 Arbis, det h\u00e4r att man ska fylla hela scenen. N\u00e5n m\u00e5ste knyta ihop allt och f\u00e5 fram att det \u00e4r show!<\/p>\n<p><i>Text och foto: Ann-Charlotte Sandelin<br \/>\n<\/i><\/p>\n<blockquote>\n<h3><em>DE GEERHALLEN Norrk\u00f6ping<\/em><\/h3>\n<p>29-30 januari kl 9, 10.30 o. 13<em> \u2013 skolkonserter<br \/>\n<\/em>1 februari 2014 kl 15<em> \u2013 offentlig f\u00f6rest\u00e4llning<br \/>\n<b>KolliSON<br \/>\n<\/b>De Geergymnasiet<\/em><br \/>\n<em> Norrk\u00f6pings symfoniorkester<\/em><br \/>\n<em> Dirigent: Christoffer Nobin<\/em><br \/>\n<em> Regi: Marcus Fyrberg<\/em><\/p><\/blockquote>\n<p>L\u00c4NKAR<br \/>\nDe Geergymnasiet <a title=\"De Geergymnasiet\" href=\"http:\/\/www.degeer.norrkoping.se\" target=\"_blank\">hemsida<\/a><br \/>\nNorrk\u00f6pings symfoniorkester <a title=\"SON\" href=\"www.norrk\u00f6pingssymfoniorkester\" target=\"_blank\">hemsida<\/a><\/p>\n<p>FLER BILDER FR\u00c5N REPETITIONEN \u2013 KLICKA<\/p>\n<p>[flickr-gallery mode=&#8221;photoset&#8221; photoset=&#8221;72157640218857585&#8243;]<\/p>\n","protected":false},"excerpt":{"rendered":"<p>NORRK\u00d6PING V\u00e4nskap. De Geergymnasiets musiktreor n\u00e4rmar sig premi\u00e4ren f\u00f6r \u00e5rets f\u00f6rest\u00e4llning som de genomf\u00f6r tillsammans med Norrk\u00f6pings symfoniorkester. Det ska bli en kollektiv konsert som lyfter fram hela klassens kvaliteter. <a class=\"continue-reading-link\" href=\"https:\/\/www.kultursidan.nu\/?p=13747\">L\u00e4s mer <span class=\"meta-nav\">&rarr; <\/span><\/a><\/p>\n","protected":false},"author":1001006,"featured_media":0,"comment_status":"closed","ping_status":"open","sticky":false,"template":"","format":"standard","meta":{"_jetpack_memberships_contains_paid_content":false,"footnotes":""},"categories":[7],"tags":[13],"class_list":["post-13747","post","type-post","status-publish","format-standard","hentry","category-norrkoping","tag-musik"],"jetpack_featured_media_url":"","jetpack_sharing_enabled":true,"_links":{"self":[{"href":"https:\/\/www.kultursidan.nu\/index.php?rest_route=\/wp\/v2\/posts\/13747","targetHints":{"allow":["GET"]}}],"collection":[{"href":"https:\/\/www.kultursidan.nu\/index.php?rest_route=\/wp\/v2\/posts"}],"about":[{"href":"https:\/\/www.kultursidan.nu\/index.php?rest_route=\/wp\/v2\/types\/post"}],"author":[{"embeddable":true,"href":"https:\/\/www.kultursidan.nu\/index.php?rest_route=\/wp\/v2\/users\/1001006"}],"replies":[{"embeddable":true,"href":"https:\/\/www.kultursidan.nu\/index.php?rest_route=%2Fwp%2Fv2%2Fcomments&post=13747"}],"version-history":[{"count":0,"href":"https:\/\/www.kultursidan.nu\/index.php?rest_route=\/wp\/v2\/posts\/13747\/revisions"}],"wp:attachment":[{"href":"https:\/\/www.kultursidan.nu\/index.php?rest_route=%2Fwp%2Fv2%2Fmedia&parent=13747"}],"wp:term":[{"taxonomy":"category","embeddable":true,"href":"https:\/\/www.kultursidan.nu\/index.php?rest_route=%2Fwp%2Fv2%2Fcategories&post=13747"},{"taxonomy":"post_tag","embeddable":true,"href":"https:\/\/www.kultursidan.nu\/index.php?rest_route=%2Fwp%2Fv2%2Ftags&post=13747"}],"curies":[{"name":"wp","href":"https:\/\/api.w.org\/{rel}","templated":true}]}}