{"id":13768,"date":"2014-01-30T17:33:55","date_gmt":"2014-01-30T16:33:55","guid":{"rendered":"https:\/\/intelligent-friend-7861.standoutwp.com\/?p=13768"},"modified":"2014-02-24T11:36:00","modified_gmt":"2014-02-24T10:36:00","slug":"pa-teater-braddgatan-varen-2014","status":"publish","type":"post","link":"https:\/\/www.kultursidan.nu\/?p=13768","title":{"rendered":"P\u00e5 Teater Br\u00e5ddgatan v\u00e5ren 2014"},"content":{"rendered":"<p><iframe loading=\"lazy\" src=\"https:\/\/www.flickr.com\/photos\/kultursidan\/12222468463\/player\/f64bc18ec6\" height=\"333\" width=\"500\" allowfullscreen=\"\" frameborder=\"0\"><\/iframe><\/p>\n<p><em>Teater i Barnkammaren \u2013 de fria grupperna spelar f\u00f6r den yngre publiken p\u00e5 s\u00f6ndagar. Och p\u00e5 sportlovet.<\/em><\/p>\n<p>&nbsp;<\/p>\n<h1><span style=\"color: #ff0000;\">Scenkonstfestival och 50-\u00e5rsjubel<\/span><\/h1>\n<p>&nbsp;<\/p>\n<p><b>Det \u00e4r kul med dans och poesi ocks\u00e5, men mest serveras f\u00f6rst\u00e5s teater p\u00e5 de fria gruppernas och amat\u00f6rteaterns mesta scen, Teater Br\u00e5ddgatan 34 i kvarteret Hallarna.<\/b> 50-\u00e5rsjubilerande Marieborgs teaterlinje deltar i den stora <i>Scenkonstfestivalen<\/i> i maj. D\u00e5 sv\u00e4mmar teatern \u00f6ver alla br\u00e4ddar och flyter ut p\u00e5 fler st\u00e4llen i stan.<\/p>\n<p>Scenkonstv\u00e5ren startar f\u00f6rst\u00e5s redan nu medan det fortfarande \u00e4r sn\u00f6 och kallt. Teater Impuls inleder med specialiteten improvisationsteater.<\/p>\n<p>\u2013 Vi ger publiken vad de inte visste att de ville och. Och vi vet inte heller vad som ska h\u00e4nda, s\u00e4ger Anita Ekermann fr\u00e5n Teater Impuls.<\/p>\n<p>&nbsp;<\/p>\n<p><iframe loading=\"lazy\" src=\"https:\/\/www.flickr.com\/photos\/kultursidan\/12222693544\/player\/8077cecc6f\" height=\"240\" width=\"400\" allowfullscreen=\"\" frameborder=\"0\"><\/iframe><br \/>\n<i>Ivar, Knutte &amp; Katten spelas p\u00e5 Sportlovet. Men redan 2 februari \u00e4r Musikteater Gulasch p\u00e5 Folkets hus och parkers utbudsdag i kulturhuvudstaden Ume\u00e5. Resultatet kan bli en rad med spelningar i Sveriges folkparker mellan maj och oktober. Med familjepublik p\u00e5 kanske 300 personer mot vanliga 30-50. <\/i><\/p>\n<p>&nbsp;<\/p>\n<p><b><i>Teater i Barnkammaren<\/i> spelas alltid p\u00e5 s\u00f6ndagar klockan tre. <\/b>De fria grupperna i Norrk\u00f6ping ger \u00f6ppna f\u00f6rest\u00e4llningar f\u00f6r barn och familjer, med lite f\u00f6rst\u00e4rkning fr\u00e5n Kulturakt\u00f6rerna i Link\u00f6ping. S\u00e4songen \u00e4r ovanligt kort, den t\u00e4cker februari och mars. Tre fria grupper Pelikanen, Papanella och Musikteater Gulasch fyller dessutom sportlovet med sex olika f\u00f6rest\u00e4llningar.<\/p>\n<p>\u2013 Kommunen sponsrar en f\u00f6rest\u00e4llning per dag under lovet men vi spelar tv\u00e5, informerar Eva Carlsson fr\u00e5n teater Pelikanen. Fast kommunens bidrag minskas med biljettint\u00e4kterna s\u00e5 det \u00e4r mer som ett f\u00f6rlustbidrag.<\/p>\n<p><b>Norrk\u00f6pings stora amat\u00f6rteaterf\u00f6rening Kvartersteatern har premi\u00e4r p\u00e5 nutidsfarsen <i>#Status: Hipp &amp; Fr\u00e4sch<\/i> i mars. <\/b>Sist p\u00e5 v\u00e5rs\u00e4sonen \u00e5terkommer man med dr\u00f6mspelet <i>\u00c4r du vaken nu?<\/i> Regiss\u00f6ren Frida Nystr\u00f6m som r\u00e5ddar b\u00e5da de stora projekten avsl\u00f6jar att hon ocks\u00e5 leder en dansgrupp som ska medverka i dr\u00f6mspelet.<\/p>\n<p>\u2013 Jag h\u00f6ll p\u00e5 mycket med dans och koreograferade f\u00f6rr, men det \u00e4r l\u00e4nge sedan. Det \u00e4r j\u00e4ttekul!<\/p>\n<p>&nbsp;<\/p>\n<p><iframe loading=\"lazy\" src=\"https:\/\/www.flickr.com\/photos\/kultursidan\/12222875066\/player\/564921f766\" height=\"240\" width=\"400\" allowfullscreen=\"\" frameborder=\"0\"><\/iframe><br \/>\n<i>Stora teaterprojekt och Scenkonstfestival. Frida Nystr\u00f6m och Johan Johansson ser fram mot en intensiv teaterv\u00e5r.<\/i><\/p>\n<p>&nbsp;<\/p>\n<p><b>Kvartersteatern g\u00e5r ocks\u00e5 i spetsen f\u00f6r den <i>Scenkonstfestival<\/i> som h\u00e5lls hela maj med start p\u00e5 <i>Dansens dag<\/i> i slutet av april.<\/b> F\u00f6rra \u00e5ret hette det Norrk\u00f6pings Teaterfestival men nu vill man v\u00e4xa och byter till ett mer genre\u00f6ppet namn.<\/p>\n<p>\u2013 Det \u00e4r kul med dans och poesi ocks\u00e5. Vi vill att s\u00e5 m\u00e5nga som m\u00f6jligt \u00e4r med, s\u00e4ger John Johansson, verksamhetsledare f\u00f6r Kvartersteatern.<\/p>\n<p>De som vill delta med egna f\u00f6rest\u00e4llningar eller performances ska anm\u00e4la sig senast 5 mars och John hoppas l\u00e4ra k\u00e4nna grupper (och lokaler) han inte k\u00e4nner till i dag. Teater Br\u00e5ddgatan 34 r\u00e4cker n\u00e4mligen inte till under festivalen, inte ens om man l\u00e4gger till Kulturhuset som ocks\u00e5 ryms inom kulturkvarteret Hallarna. Lilla Teatern hyrs f\u00f6r Kvartersteaterns barngruppers f\u00f6rest\u00e4llningar under tv\u00e5 dagar.<\/p>\n<p>\u2013 Jag gillar Lillan v\u00e4ldigt mycket\u201d, s\u00e4ger John Johansson uppskattande. Det \u00e4r en fin liten teater.<\/p>\n<p>&nbsp;<\/p>\n<p><iframe loading=\"lazy\" src=\"https:\/\/www.flickr.com\/photos\/kultursidan\/12222875296\/player\/0608333a77\" height=\"240\" width=\"400\" allowfullscreen=\"\" frameborder=\"0\"><\/iframe><\/p>\n<p><i>N\u00e5gra av eleverna p\u00e5 teaterlinjen och teaterpedagogutbildningen p\u00e5 Marieborg. De deltar med fem olika upps\u00e4ttningar under Scenkonstfestivalen. I mitten teaterl\u00e4raren Anna Borg.<br \/>\n<\/i><\/p>\n<p>&nbsp;<\/p>\n<p><b>I 50 \u00e5r har Teaterlinjen funnits p\u00e5 Marieborgs folkh\u00f6gskola, det ska firas, hela \u00e5ret. <\/b>Att teatereleverna genomf\u00f6r fem pj\u00e4supps\u00e4ttningar i v\u00e5r och deltar i Scenkonstfestivalen \u00e4r bara f\u00f6rnamnet.<\/p>\n<p>\u2013 Det blir workshops som \u00e4r \u00f6ppna f\u00f6r alla varje m\u00e5nad, med start nu i helgen, upplyser teaterl\u00e4raren Anna Borg.<\/p>\n<p>\u2013 Detta \u00e4r t\u00e4nkt att vara startpunkten f\u00f6r firandet, som \u00e4r t\u00e4nkt att p\u00e5g\u00e5 hela \u00e5ret med spridda aktiviteter som ska kulminera i en festival i oktober, d\u00e5 tidigare teaterelever \u00e4r v\u00e4lkomna p\u00e5 att \u00e5tersamlas p\u00e5 Marieborgs herrg\u00e5rd, till\u00e4gger Carl-Eric Reidler som \u00e4r engagerad i firandet.<\/p>\n<p><i>Text och foto: Ann-Charlotte Sandelin<br \/>\nHela v\u00e5rens <i>L\u00c4NKAR<\/i> och PROGRAM under bilderna nedan.<br \/>\n<\/i>FLER BILDER FR\u00c5N TEATERV\u00c5REN \u2013 KLICKA<\/p>\n<p>[flickr-gallery mode=&#8221;photoset&#8221; photoset=&#8221;72157640312775606&#8243;]<\/p>\n<p>L\u00c4NKAR<br \/>\nKulturakt\u00f6rerna <a title=\"Kulturakt\u00f6rerna\" href=\"http:\/\/www.kulturaktorerna.se\" target=\"_blank\">hemsida <\/a><br \/>\nKvartersteatern <a title=\"Kvartersteatern\" href=\"http:\/\/www.kvartersteatern.com\/Kvartersteatern_i_Norrkoping\/Aktuellt\/Aktuellt.html\" target=\"_blank\">hemsida <\/a><br \/>\nMarieborgs folkh\u00f6gskola <a title=\"Marieborgs folkh\u00f6gskola\" href=\"http:\/\/www.marieborg.net\" target=\"_blank\">hemsida <\/a><br \/>\nMarieborg Teaterlinjen 50 \u00e5r <a title=\"Facebook\" href=\"https:\/\/www.facebook.com\/pages\/Marieborgs-Teaterlinje-2014\/132273380129385\" target=\"_blank\">Facebook <\/a><br \/>\nMusiktater Gulasch <a title=\"Musikteater Gulasch\" href=\"http:\/\/www.gulasch.se\" target=\"_blank\">hemsida <\/a><br \/>\nPapanella <a title=\"Papanella\" href=\"http:\/\/www.papanella.se\" target=\"_blank\">hemsida <\/a><br \/>\nPelikanen <a title=\"Pelikanen\" href=\"http:\/\/www.teaterpelikanen.se\" target=\"_blank\">hemsida <\/a><br \/>\nScenkonstfestival <a title=\"Norrk\u00f6pings scenkonstfestival\" href=\"http:\/\/norrkopingsscenkonstfestival.weebly.com\" target=\"_blank\">hemsida <\/a><br \/>\nTeater Br\u00e5ddgatan 34 <a title=\"Kulturkammaren, Dynamo och Teater Br\u00e5ddgatan 34\" href=\"http:\/\/www.bg34.se\" target=\"_blank\">hemsida <\/a><br \/>\nTeater Impuls <a title=\"Teater Impuls\" href=\"http:\/\/www.teaterimpuls.se\/TEATER_IMPULS\/Valkommen.html\" target=\"_blank\">hemsida <\/a><br \/>\nUngs scen \u00f6st <a title=\"Ung scen \u00f6st\" href=\"http:\/\/www.ungscen.se\" target=\"_blank\">hemsida <\/a><\/p>\n<blockquote>\n<h3><em>\u00a0TEATER BR\u00c5DDGATAN 34 Norrk\u00f6ping<\/em><\/h3>\n<p>Vinter-v\u00e5r 2014<em><br \/>\n* f\u00f6r barn\/familj, f\u00f6r skolelever<\/em><\/p>\n<p><em><b>FEBRUARI<br \/>\n<\/b><\/em>1\/2 kl 19 <em><b>Improvisationsteater<\/b> Teater Impuls<b><br \/>\n<\/b><\/em>2\/2 kl 15<em> <b>Trubbel i stan <\/b>Kulturakt\u00f6rerna, 6-12 \u00e5r *<\/em><\/p>\n<p>9\/2 kl 15<em> <b>\u00a0Kanel &amp; Kanin <\/b>Pelikanen, 2-6 \u00e5r *<\/em><br \/>\n16\/2 kl 15<em> <b>Vad \u00e4r du bra p\u00e5? <\/b>Musikteater Gulasch, 3-9 \u00e5r *<\/em><\/p>\n<p style=\"padding-left: 30px;\"><em>SPORTLOVSTEATER<\/em><br \/>\n17\/2 kl 10 o 13<em> <b>Vem ska tr\u00f6sta knyttet<\/b> Pelikanen, fr\u00e5n 4 \u00e5r *<\/em><br \/>\n18\/2 kl 10 o 13 <em><b>Jakten p\u00e5 de osynliga<\/b> Pelikanen, 4-9 \u00e5r *<\/em><br \/>\n19\/2 kl 10<em> <b>Sagor om Skogsknytt <\/b>Papanella, 3-8 \u00e5r *<\/em><br \/>\n19\/2 kl 13<em> <b>Sp\u00e4nnande sagor om &amp; f\u00f6r modiga <\/b>Papanella, 6-96 \u00e5r *<\/em><br \/>\n20\/2 kl 10 o 13<em> <b>Ivar, Knutte &amp; Katten<\/b> Musikteater Gulasch, 4-10 \u00e5r *<\/em><br \/>\n21\/2 kl 10 o 13<em> <b>Flickan &amp; Piraten <\/b>Musikteater Gulasch, 5-10 \u00e5r *<\/em><\/p>\n<p>23\/2 kl 15<em> <b>Rapunzel<\/b> Kulturakt\u00f6rerna, 2-6 \u00e5r *<\/em><\/p>\n<p><em><b>MARS<br \/>\n<\/b><\/em>2\/3 kl 15<em> <b>Robin Hood <\/b>Musikteater Gulasch, fr 4 \u00e5r *<\/em><br \/>\n8\/3 kl 18<em> <b>Grobianen \u2013 Den kulturfattige mannen<\/b> <strong>\u2013 finns han?<\/strong> av \u00c5sa Lindholm med G\u00f6ran Forsmark, regi G\u00f6ran Sarring<\/em><br \/>\n8\/3 kl 19<em> <b>Improvisationsteater<\/b> Teater Impuls<\/em><br \/>\n9\/3 kl 15<em> <b>Molly Blom show<\/b> Pelikanen, 3-6 \u00e5r *<\/em><br \/>\n16\/3 kl 15<em> <b>Har du sett en Pyssling?<\/b> Papanella, 3-9 \u00e5r *<\/em><br \/>\n21\/3 kl 19<em> <b>#Status: Hipp &amp; Fr\u00e4sch<\/b> Kvartersteatern<\/em><br \/>\n22\/3 kl 19<em> <b>#Status: Hipp &amp; Fr\u00e4sch<\/b> Kvartersteatern<\/em><br \/>\n23\/3 kl 15<em> <b>Klara f\u00e5r ett syskon \u2013 Rappatack <\/b>Pelikanen, fr\u00e5n 4 \u00e5r * NYPREMI\u00c4R<\/em><br \/>\n23\/3 kl 19<em> <b>#Status: Hipp &amp; Fr\u00e4sch<\/b> Kvartersteatern<\/em><br \/>\n24\/3 kl 19<em> <b>#Status: Hipp &amp; Fr\u00e4sch<\/b> Kvartersteatern<\/em><br \/>\n27\/3 kl 19<em> <b>#Status: Hipp &amp; Fr\u00e4sch<\/b> Kvartersteatern<\/em><br \/>\n28\/3 kl 19<em> <b>#Status: Hipp &amp; Fr\u00e4sch<\/b> Kvartersteatern<\/em><br \/>\n29\/3 kl 19<em> <b>#Status: Hipp &amp; Fr\u00e4sch<\/b> Kvartersteatern<\/em><\/p>\n<p><em><b>APRIL<br \/>\n<\/b><\/em>2\/4-13\/5 kl 10 o 13<em> <b>Rose Rose Rose <\/b>Ung scen \u00f6st, fr\u00e5n 13 \u00e5r *<\/em><br \/>\n12\/4 kl 19<em> <b>Improvisationsteater<\/b> Teater Impuls<\/em><br \/>\n27\/4<em> <b>Dansens dag<\/b><\/em><\/p>\n<p style=\"padding-left: 30px;\"><em>SCENKONSTFESTIVAL<\/em><br \/>\n27 april \u2013 31 maj<br \/>\n<em> <b>Cirka 90 f\u00f6rest\u00e4llningar<\/b><\/em><br \/>\n<em> Medverkar g\u00f6r: Kvartersteatern, Marieborgs folkh\u00f6gskola m fl<\/em><\/p>\n<p><em><b>MAJ<\/b> <\/em><br \/>\n2\/4-13\/5 kl 10 o 13<em> <b>Rose Rose Rose <\/b>Ung scen \u00f6st, fr\u00e5n 13 \u00e5r *<\/em><br \/>\n10\/5 kl 19<em> <b>Improvisationsteater<\/b> Teater Impuls<\/em><\/p><\/blockquote>\n","protected":false},"excerpt":{"rendered":"<p>NORRK\u00d6PING Scenkonst. Det \u00e4r kul med dans och poesi ocks\u00e5, men mest serveras f\u00f6rst\u00e5s teater p\u00e5 de fria gruppernas och amat\u00f6rteaterns mesta scen i stan. Marieborgs 50-\u00e5rsjubilerande teaterlinje deltar i den stora Scenkonstfestivalen i maj. <a class=\"continue-reading-link\" href=\"https:\/\/www.kultursidan.nu\/?p=13768\">L\u00e4s mer <span class=\"meta-nav\">&rarr; <\/span><\/a><\/p>\n","protected":false},"author":1001006,"featured_media":0,"comment_status":"closed","ping_status":"open","sticky":false,"template":"","format":"standard","meta":{"_jetpack_memberships_contains_paid_content":false,"footnotes":""},"categories":[7],"tags":[37,12],"class_list":["post-13768","post","type-post","status-publish","format-standard","hentry","category-norrkoping","tag-barnkultur","tag-teater"],"jetpack_featured_media_url":"","jetpack_sharing_enabled":true,"_links":{"self":[{"href":"https:\/\/www.kultursidan.nu\/index.php?rest_route=\/wp\/v2\/posts\/13768","targetHints":{"allow":["GET"]}}],"collection":[{"href":"https:\/\/www.kultursidan.nu\/index.php?rest_route=\/wp\/v2\/posts"}],"about":[{"href":"https:\/\/www.kultursidan.nu\/index.php?rest_route=\/wp\/v2\/types\/post"}],"author":[{"embeddable":true,"href":"https:\/\/www.kultursidan.nu\/index.php?rest_route=\/wp\/v2\/users\/1001006"}],"replies":[{"embeddable":true,"href":"https:\/\/www.kultursidan.nu\/index.php?rest_route=%2Fwp%2Fv2%2Fcomments&post=13768"}],"version-history":[{"count":0,"href":"https:\/\/www.kultursidan.nu\/index.php?rest_route=\/wp\/v2\/posts\/13768\/revisions"}],"wp:attachment":[{"href":"https:\/\/www.kultursidan.nu\/index.php?rest_route=%2Fwp%2Fv2%2Fmedia&parent=13768"}],"wp:term":[{"taxonomy":"category","embeddable":true,"href":"https:\/\/www.kultursidan.nu\/index.php?rest_route=%2Fwp%2Fv2%2Fcategories&post=13768"},{"taxonomy":"post_tag","embeddable":true,"href":"https:\/\/www.kultursidan.nu\/index.php?rest_route=%2Fwp%2Fv2%2Ftags&post=13768"}],"curies":[{"name":"wp","href":"https:\/\/api.w.org\/{rel}","templated":true}]}}