{"id":13772,"date":"2014-01-30T20:31:57","date_gmt":"2014-01-30T19:31:57","guid":{"rendered":"https:\/\/intelligent-friend-7861.standoutwp.com\/?p=13772"},"modified":"2014-02-24T11:33:12","modified_gmt":"2014-02-24T10:33:12","slug":"sjoman-i-bild-pa-arbetets-museum","status":"publish","type":"post","link":"https:\/\/www.kultursidan.nu\/?p=13772","title":{"rendered":"Sj\u00f6m\u00e4n i bild p\u00e5 Arbetets museum"},"content":{"rendered":"<p><iframe loading=\"lazy\" src=\"https:\/\/www.flickr.com\/photos\/kultursidan\/12225174326\/player\/7581aec5c2\" height=\"332\" width=\"500\"  frameborder=\"0\" allowfullscreen webkitallowfullscreen mozallowfullscreen oallowfullscreen msallowfullscreen><\/iframe><\/p>\n<p><i>Skrubba d\u00e4ck med relingen som horisont. Snart finns det inga svenska sj\u00f6m\u00e4n kvar, bara h\u00f6gre bef\u00e4l. Bilden ing\u00e5r i Stefan F\u00a0Lindbergs fotoutst\u00e4llning Sj\u00f6m\u00e4n p\u00e5 Arbetets museum.<br \/>\n<\/i><\/p>\n<p>&nbsp;<\/p>\n<h1><span style=\"color: #ff0000;\">Ett yrke p\u00e5 v\u00e4g bort fr\u00e5n Sverige<\/span><\/h1>\n<p>&nbsp;<\/p>\n<p><b>Hela v\u00e5ning 7 p\u00e5 Arbetets Museum pr\u00e4glas nu av sj\u00f6m\u00e4n i tv\u00e5 olika utst\u00e4llningar.<\/b> Sedan n\u00e5gon vecka visas en utst\u00e4llning om sj\u00f6m\u00e4ns tatueringar och p\u00e5 l\u00f6rdag \u00f6ppnas utst\u00e4llningen <i>Sj\u00f6m\u00e4n<\/i> som ber\u00e4ttar om sj\u00f6m\u00e4nnens liv till sj\u00f6ss.<\/p>\n<p>Det \u00e4r nu 30 \u00e5r sedan fotografen Stefan F Lindberg f\u00f6rsta g\u00e5ngen dokumenterade sj\u00f6manslivet ombord. Han gav ut boken <i>Sj\u00f6m\u00e4n<\/i> med text av f\u00f6rfattaren Ove Allansson. \u00c5ter har Stefan F Lindberg under ett par \u00e5rs tid f\u00f6ljt med tjugotalet fartyg runt om p\u00e5 v\u00e4rldshaven och dokumenterat livet ombord. Vid senaste \u00e5rsskiftet kom <i>Sj\u00f6m\u00e4n II<\/i> ut med texter av journalisten Lennart Johnsson, Ove Allansson och Anders Lindstr\u00f6m som tidigare varit generaldirekt\u00f6r f\u00f6r Sj\u00f6fartsverket.<\/p>\n<p>&nbsp;<\/p>\n<p><iframe loading=\"lazy\" src=\"https:\/\/www.flickr.com\/photos\/kultursidan\/12224994774\/player\/335ae40399\" height=\"240\" width=\"400\" allowfullscreen=\"\" frameborder=\"0\"><\/iframe><br \/>\n<em>Dokument\u00e4rfotograf. Stefan F\u00a0Lindberg har samarbetat med journalisten Lennart Johnsson som intervjuat sj\u00f6m\u00e4n och st\u00e5r f\u00f6r utst\u00e4llningens texter.<\/em><\/p>\n<p>&nbsp;<\/p>\n<p><b>Bilderna i utst\u00e4llningen \u00e5terfinns i den nya boken och skildrar det nutida livet ombord. <\/b>Skillnaden mellan hur det var f\u00f6r 40 \u00e5r sedan och nu \u00e4r p\u00e5taglig. B\u00e5de yrket och livsstilen har f\u00f6r\u00e4ndrats v\u00e4sentligt. Supandet ombord \u00e4r borta liksom mycket av det sociala livet. Internet och mobiltelefoner har f\u00e5tt en viktig roll och medger t\u00e4ta kontakter med familj och v\u00e4nner, men ocks\u00e5 tittande p\u00e5 TV och film. Arbetets ombord \u00e4r fortfarande i h\u00f6g grad manuellt men bes\u00e4ttningarna har blivit mera slimmade.<\/p>\n<p><b>Stefan F Lindberg konstaterar att sj\u00f6mansyrket \u00e4r p\u00e5 v\u00e4g att f\u00f6rsvinna fr\u00e5n Sverige d\u00e5 allt flera fartyg flaggas ut till andra l\u00e4nder \u2013 framf\u00f6r allt till l\u00e5gl\u00f6nel\u00e4nder.<\/b> Att g\u00f6ra en liknande dokument\u00e4r om svenska sj\u00f6m\u00e4n om 5 \u2013 10 \u00e5r tror han\u00a0 \u00e4r og\u00f6rligt. Bilderna och boken kanske blir den sista samtida dokumentationen av svenska sj\u00f6m\u00e4n och deras liv.<\/p>\n<p>Bilderna \u00e4r fotograferade med en Nikon D700-kamera med en zoom p\u00e5 24-70 mm. Befintligt ljus vill fotografen anv\u00e4nda d\u00e5 bilderna blir naturligare \u00e4n med blixt.<\/p>\n<p>Stefan F\u00a0Lindberg utbildade sig till fotograf p\u00e5 Christer Str\u00f6mholms fotoskola och arbetar som dokument\u00e4rfotograf. Han undervisar i bildkunskap vid Stockholms Universitet och i bildjournalistik vid Mittuniversitetet och har \u00e4ven givit ut l\u00e4rob\u00f6cker i \u00e4mnet.<\/p>\n<p>&nbsp;<\/p>\n<p><iframe loading=\"lazy\" src=\"https:\/\/www.flickr.com\/photos\/kultursidan\/12224585025\/player\/4297b7d327\" height=\"240\" width=\"400\" allowfullscreen=\"\" frameborder=\"0\"><\/iframe><br \/>\n<em> Utst\u00e4llningen finns h\u00f6gst upp i Arbetets museum. Den delar v\u00e5ningsplan 7 med utst\u00e4llningen om tatueringar, ocks\u00e5 d\u00e4r med fokus p\u00e5 sj\u00f6m\u00e4n.<\/em><\/p>\n<p>&nbsp;<\/p>\n<p><b>Utst\u00e4llningen \u00f6ppnar l\u00f6rdag den 1 februari med invigs f\u00f6rst den 8 februari d\u00e5 Arbetets Museum har familjedag<\/b>. B\u00e5de utst\u00e4llningen om sj\u00f6m\u00e4ns tatueringar och denna invigs samtidigt av Sj\u00f6fartsverkets nuvarande generaldirekt\u00f6r Ann-Catrine Zetterdahl.<br \/>\n<i>Text och foto: Sven \u00c5ke Molund<\/i><\/p>\n<blockquote>\n<h3><em>ARBETETS MUSEUM Norrk\u00f6ping<\/em><\/h3>\n<p>1 februari \u2013 18 maj \u00a02014<br \/>\nInvigning 8 februari<em><br \/>\n<b>Sj\u00f6m\u00e4n<br \/>\n<\/b>Stefan F\u00a0Lindberg \u2013 foto<\/em><br \/>\n<em> Lennart Johnsson \u2013 text<\/em><\/p><\/blockquote>\n<p>L\u00c4NKAR<br \/>\nArbetets museum <a title=\"Arbetets museum\" href=\"http:\/\/www.arbetetsmuseum.se\" target=\"_blank\">hemsida<\/a><br \/>\nSj\u00f6m\u00e4n II p\u00e5 Breakwater publishing <a title=\"f\u00f6rlag\" href=\"http:\/\/breakwater.se\/alla-publikationer\/maritima-praktverkpresentbocker\/sjoman-ii.html \" target=\"_blank\">f\u00f6rlag <\/a><br \/>\nHudn\u00e4ra symbolik p\u00e5 Arbetets museum <a title=\"Hudn\u00e4ra symbolik p\u00e5 Arbetets museum\" href=\"https:\/\/www.kultursidan.nu\/?p=13601\" target=\"_blank\">reportage<\/a> Kultursidan.nu 16\/1 2014<\/p>\n<p>FLER BILDER FR\u00c5N UTST\u00c4LLNINGEN \u2013 KLICKA<\/p>\n<p>[flickr-gallery mode=&#8221;photoset&#8221; photoset=&#8221;72157640326196425&#8243;]<\/p>\n","protected":false},"excerpt":{"rendered":"<p>NORRK\u00d6PING Sj\u00f6m\u00e4n II. Trettio \u00e5r efter att fotografen Stefan F Lindberg f\u00f6ljde svenska sj\u00f6m\u00e4n med sin kamera har han \u00e5ter g\u00e5tt till sj\u00f6ss. Det blev ytterligare en bok men n\u00e5gon tredje tror han inte p\u00e5. Sj\u00f6mansyrket \u00e4r p\u00e5 v\u00e4g att f\u00f6rsvinna fr\u00e5n Sverige. <a class=\"continue-reading-link\" href=\"https:\/\/www.kultursidan.nu\/?p=13772\">L\u00e4s mer <span class=\"meta-nav\">&rarr; <\/span><\/a><\/p>\n","protected":false},"author":1001006,"featured_media":0,"comment_status":"closed","ping_status":"open","sticky":false,"template":"","format":"standard","meta":{"_jetpack_memberships_contains_paid_content":false,"footnotes":""},"categories":[7],"tags":[17,47],"class_list":["post-13772","post","type-post","status-publish","format-standard","hentry","category-norrkoping","tag-foto","tag-utstallning"],"jetpack_featured_media_url":"","jetpack_sharing_enabled":true,"_links":{"self":[{"href":"https:\/\/www.kultursidan.nu\/index.php?rest_route=\/wp\/v2\/posts\/13772","targetHints":{"allow":["GET"]}}],"collection":[{"href":"https:\/\/www.kultursidan.nu\/index.php?rest_route=\/wp\/v2\/posts"}],"about":[{"href":"https:\/\/www.kultursidan.nu\/index.php?rest_route=\/wp\/v2\/types\/post"}],"author":[{"embeddable":true,"href":"https:\/\/www.kultursidan.nu\/index.php?rest_route=\/wp\/v2\/users\/1001006"}],"replies":[{"embeddable":true,"href":"https:\/\/www.kultursidan.nu\/index.php?rest_route=%2Fwp%2Fv2%2Fcomments&post=13772"}],"version-history":[{"count":0,"href":"https:\/\/www.kultursidan.nu\/index.php?rest_route=\/wp\/v2\/posts\/13772\/revisions"}],"wp:attachment":[{"href":"https:\/\/www.kultursidan.nu\/index.php?rest_route=%2Fwp%2Fv2%2Fmedia&parent=13772"}],"wp:term":[{"taxonomy":"category","embeddable":true,"href":"https:\/\/www.kultursidan.nu\/index.php?rest_route=%2Fwp%2Fv2%2Fcategories&post=13772"},{"taxonomy":"post_tag","embeddable":true,"href":"https:\/\/www.kultursidan.nu\/index.php?rest_route=%2Fwp%2Fv2%2Ftags&post=13772"}],"curies":[{"name":"wp","href":"https:\/\/api.w.org\/{rel}","templated":true}]}}