{"id":13782,"date":"2014-02-02T22:32:48","date_gmt":"2014-02-02T21:32:48","guid":{"rendered":"https:\/\/intelligent-friend-7861.standoutwp.com\/?p=13782"},"modified":"2014-02-24T11:29:09","modified_gmt":"2014-02-24T10:29:09","slug":"kollison-med-musiken-i-hogsatet-recension","status":"publish","type":"post","link":"https:\/\/www.kultursidan.nu\/?p=13782","title":{"rendered":"KolliSON med musiken i h\u00f6gs\u00e4tet (recension)"},"content":{"rendered":"<p><iframe loading=\"lazy\" src=\"https:\/\/www.flickr.com\/photos\/kultursidan\/12266445625\/player\/d010b44ba1\" height=\"333\" width=\"500\"  frameborder=\"0\" allowfullscreen webkitallowfullscreen mozallowfullscreen oallowfullscreen msallowfullscreen><\/iframe><\/p>\n<p><i>Bubblande ljus. Melodifestivalens ande sv\u00e4vade \u00f6ver det obligatoriska medleyt som gavs en \u201dMello\u201d-tappning. <\/i><\/p>\n<p>&nbsp;<\/p>\n<h1><span style=\"color: #ff0000;\">V\u00e4nner delar med sig, \u201dVendela\u201d<\/span><\/h1>\n<p>&nbsp;<\/p>\n<p><b>Vilken show! De Geergymnasiets musiktreor har tillsammans med Norrk\u00f6pings symfoniorkester genomf\u00f6rt en rad skolkonserterna i veckan.<\/b> L\u00f6rdagens familjekonsert i helfigur fyllde tv\u00e5 akter. Den f\u00f6rsta l\u00e4t musiken klinga h\u00f6gt med k\u00f6rverk och solistframtr\u00e4danden. Den andra ber\u00e4ttade om vikten av v\u00e4nskap genom historien om divan \u201dVendela\u201d, en akt pr\u00e4glad av helhet.<\/p>\n<p><i>KolliSON<\/i> \u00e4r \u00e5rets ordlek p\u00e5 det traditionella m\u00f6tet mellan De Geergymnasiets musiktreor och Norrk\u00f6pings symfoniorkester. Men n\u00e5gon krock kunde inte m\u00e4rkas, ist\u00e4llet gavs en helgjuten f\u00f6rest\u00e4llning i l\u00f6rdags eftermiddag. I tv\u00e5 akter, att j\u00e4mf\u00f6ra med kortversionen som givits som skolkonsert i veckan. Ett bra lagarbete, musikaliskt lett av dirigenten Christoffer Nobin.<\/p>\n<p>&nbsp;<\/p>\n<p><iframe loading=\"lazy\" src=\"https:\/\/www.flickr.com\/photos\/kultursidan\/12266454025\/player\/f6ec22a256\" height=\"320\" width=\"213\" allowfullscreen=\"\" frameborder=\"0\"><\/iframe><br \/>\n<em> K\u00f6r, pukor och bl\u00e5s i Karl Jenkins Sanctus.<\/em><\/p>\n<p>&nbsp;<\/p>\n<p><b>Musiken satt i h\u00f6gs\u00e4tet hela f\u00f6rsta akten som inleddes med k\u00f6rstycket <i>Sanctus<\/i> ur Karl Jenkins uppm\u00e4rksammade <i>The armed man \u2013 A mass for peace<\/i>.<\/b> Dirigenten Christoffer Nobin h\u00f6ll k\u00f6ren och den sparsmakade instrumenteringen i stramt grepp, f\u00f6r att f\u00e5 ut mesta m\u00f6jliga effekt ur v\u00e4xlingen mellan dova pukslag och jubelutbrott.<\/p>\n<p><b>T\u00e4nk att f\u00e5 spela i en av Sveriges b\u00e4sta symfoniorkestrar.<\/b> Tillf\u00e4llet gavs under l\u00f6rdagen, det var ett litet spring i orkesterraderna. T\u00e4nk l\u00e4ngre \u00e4n s\u00e5, t\u00e4nk att f\u00e5 vara g\u00e4stsolist. Fyra instrumentalister i klassen fick smaka p\u00e5 den k\u00e4nslan, med var sitt stycke ur ett konsertverk f\u00f6r deras instrument.<\/p>\n<p>Trombonisten Aron Westberg hade en m\u00e4rkv\u00e4rdigt mjuk och innerlig ton som h\u00f6ll hela v\u00e4gen i Lars-Erik Larssons vackra <i>Andante sostenuto<\/i> ur dennes trombonkonsert. Linda Hou v\u00e4xlade mellan mjukhet och livfull dramatik i William Waltons <i>Andante comodo<\/i> f\u00f6r viola. Gitarristen Olle Johson hade valt Vivaldis behagliga <i>Andante largo<\/i> ur en konsert som konferenciererna Cecilia Flenhagen och Emma Fredriksson visste att den ursprungligen var skriven f\u00f6r luta. Violinisten Erik Wallin, slutligen, hade valt mer kraftfulla <i>Nigun<\/i> ur Ernest Blochs <i>Baal-Shem<\/i>, f\u00f6r violin och orkester. Det \u00e4r bara att \u00f6nska alla fyra lycka till i ans\u00f6kningarna till h\u00f6gre musikutbildning.<\/p>\n<p>&nbsp;<\/p>\n<p><iframe loading=\"lazy\" src=\"https:\/\/www.flickr.com\/photos\/kultursidan\/12266892904\/player\/1a0df3a28c\" height=\"240\" width=\"400\" allowfullscreen=\"\" frameborder=\"0\"><\/iframe><br \/>\n<em>A guitar hero for the Queen. Erik Wygler som gitarrsolist i bohemian Rhapsody.<\/em><\/p>\n<p>&nbsp;<\/p>\n<p><b>F\u00f6rsta aktens mesta publikjubel ( b\u00e4ttre publik \u00e4n l\u00f6rdagens st\u00e5r knappast att uppbringa) landande \u00e4nd\u00e5 i kn\u00e4t p\u00e5 Anna-Maria Derecichei efter att SON framf\u00f6rt hennes komposition <i>Allegori<\/i>.<\/b> Med start i enstaka toner v\u00e4xte en dr\u00f6mv\u00e4v fram d\u00e4r instrument br\u00f6t av varandra, med rytmiska cellofingrar och klockklang. Ett sp\u00e4nnande och vackert stycke som tog b\u00e5de orkester och publik med p\u00e5 en impressionistisk t\u00e5gresa.<\/p>\n<p>Queen regerar p\u00e5 musikgymnasiet. Freddy Mercurys <i>Bohemian Rhapsody<\/i> avslutade f\u00f6rsta akten i ett arrangemang f\u00f6r orkester, k\u00f6r och solister. S\u00e5nginsatserna delade Karin Marklund, Liv Barath och Christopher Lennerbrant mellan sig medan Erik Wygler spelade som en riktig <i>guitar hero<\/i>.<\/p>\n<p>&nbsp;<\/p>\n<p><iframe loading=\"lazy\" src=\"https:\/\/www.flickr.com\/photos\/kultursidan\/12266890654\/player\/e855d502a3\" height=\"240\" width=\"400\" allowfullscreen=\"\" frameborder=\"0\"><\/iframe><br \/>\n<em> V\u00e4nskap som Sv\u00e4nger i l\u00e4gret. Gestaltningen av klassgemenskapen charmar.<\/em><\/p>\n<p>&nbsp;<\/p>\n<p><b>Ramber\u00e4ttelsen om schlagerdivan \u201dVendela\u201d genomsyrar andra akten.<\/b> Det \u00e4r h\u00e4r klassen f\u00e5r tillf\u00e4lle att anv\u00e4nda all sin kreativitet. Under en f\u00f6ljd \u00e5r har det g\u00e5tt allt l\u00e4ngre mot musikalh\u00e5llet men i \u00e5r ville man bromsa in. Visst finns h\u00e4r en handling, ber\u00e4ttelsen om \u201dVendela\u201d som ser tillbaka p\u00e5 sin uppv\u00e4xt och v\u00e4nskapen med Alexander. Han skrev en l\u00e5t som gav henne allt. Hon svek honom.<\/p>\n<p>Inledningen \u00e4r dramatisk och ordl\u00f6s till tonerna av Griegs <i>Bergakungens sal<\/i> f\u00f6ljd av Epilogen ur Lars-Erik Larssons<i> En vintersaga<\/i>. Musiken blir en del av helheten, s\u00e5 som filmmusik underbygger det visuella och k\u00e4nslom\u00e4ssiga skeendet. Stj\u00e4rnan har r\u00e5kat ut f\u00f6r en bilolycka, tiden g\u00e5r (timvisaren p\u00e5 en klocka rusar runt, runt) medan hon ligger i koma. Till slut vaknar hon till sans.<\/p>\n<p>Musiksagan rymmer mycket av s\u00e5ng och koreografi, imponerande snabba kl\u00e4dombyten, l\u00e4cker ljuss\u00e4ttning. En tidig h\u00f6jdpunkt \u00e4r slagverksstycket <i>Sv\u00e4nger i l\u00e4gret<\/i> av Phil Collins till Disneyfilmen <i>Tarzan.<\/i> Vilket ber\u00e4ttar n\u00e5got om var ungdomarna h\u00e4mtat sin inspiration men ger ocks\u00e5 en charmig bild av gemenskapen i en musikklass.<\/p>\n<p>&nbsp;<\/p>\n<p><iframe loading=\"lazy\" src=\"https:\/\/www.flickr.com\/photos\/kultursidan\/12266886434\/player\/549db9e561\" height=\"240\" width=\"400\" allowfullscreen=\"\" frameborder=\"0\"><\/iframe><br \/>\n<em> Divans gester utm\u00e4rker Sara Anderssons &#8221;Vendela&#8221;.<\/em><\/p>\n<p>&nbsp;<\/p>\n<p><b>Sara Andersson, som ocks\u00e5 gestaltar divan \u201dVendela\u201d med stark r\u00f6st och ett storartat kroppsspr\u00e5k, har komponerat <i>Vegvisir<\/i>, den elevkomposition som ing\u00e5r i andra akten. <\/b>Hon inleder med en ensam bl\u00e5sare innan stycket byggs upp till full orkester med svepande str\u00e5kar. D\u00e4r \u00e4r en sagoton i stycket, som ocks\u00e5 rymmer upprepade xylofonslingor.<\/p>\n<p><b>Var och en f\u00e5r sina sekunder i rampljuset, medan \u00f6vriga backar upp, k\u00f6rar och dansar.<\/b> Det \u00e4r omv\u00e4xlande och rappt, snyggt ljussatt. En riktig show som n\u00e5r hela publiken, \u00e4nda upp p\u00e5 tredje balkong. Snitsen st\u00e5r regiss\u00f6ren Markus Fyrberg f\u00f6r, som sj\u00e4lv gick ut gymnasiet f\u00f6r bara ett \u00e5r sedan och som nu kallats in av sin gamla skola.<\/p>\n<p>Bakom glamouren skymtar pedagogiken. Konserten \u00e4r ett projektarbete som ska ge kunskap och erfarenhet. Medleyt, utformat som en snabbspolning genom Melodifestivalen, har eleverna sj\u00e4lva arrangerat, f\u00f6r att ta ett exempel. Och nog skulleChristoffer Lennerbrants <em>Vara d\u00e4r<\/em>, den l\u00e5t &#8221;Vendela&#8221; vinner med, platsa i riktiga melodifestivalen!<\/p>\n<p>Tv\u00e5 och en halv timme g\u00e5r mot sitt slut: Ola Salos gripande <i>Calleth You, Cometh I.<br \/>\nText och foto: Ann-Charlotte Sandelin<br \/>\n<\/i><br \/>\n<iframe loading=\"lazy\" src=\"https:\/\/www.flickr.com\/photos\/kultursidan\/12267016306\/player\/fa5dfc7d20\" height=\"213\" width=\"320\" allowfullscreen=\"\" frameborder=\"0\"><\/iframe><br \/>\n<em>Sk\u00f6rt och vackert.<\/em><\/p>\n<blockquote>\n<h3><em>DE GEERHALLEN Norrk\u00f6ping<\/em><\/h3>\n<p>1 februari 2014 kl 15<i><br \/>\n<\/i><b><em>KolliSON<\/em><br \/>\n<\/b><em>De Geergymnasiet<\/em> musik \u00e5k 3<br \/>\n<em> Norrk\u00f6pings symfoniorkester<\/em><br \/>\n<em> Dirigent: Christoffer Nobin<\/em><br \/>\n<em> Regi: Marcus Fyrberg<\/em><\/p><\/blockquote>\n<p>L\u00c4NKAR<br \/>\nDe Geergymnasiet <a title=\"De Geergymnasiet\" href=\"http:\/\/www.degeer.norrkoping.se\" target=\"_blank\">hemsida<\/a><br \/>\nNorrk\u00f6pings symfoniorkester <a title=\"SON\" href=\"www.norrk\u00f6pingssymfoniorkester\" target=\"_blank\">hemsida <\/a><br \/>\nNu blir det KolliSON i De Geer\u00a0<a title=\"Nu blir det KolliSON i De Geer\" href=\"https:\/\/www.kultursidan.nu\/?p=13747\" target=\"_blank\">reportage<\/a> Kultursidan.nu 28\/1 2014<\/p>\n<p>FLER BILDER FR\u00c5N KONSERTEN \u2013 KLICKA<\/p>\n<p>[flickr-gallery mode=&#8221;photoset&#8221; photoset=&#8221;72157640418114394&#8243;]<\/p>\n","protected":false},"excerpt":{"rendered":"<p>NORRK\u00d6PING Vilken show! De Geergymnasiets musiktreor har tillsammans med Norrk\u00f6pings symfoniorkester genomf\u00f6rt en rad skolkonserterna i veckan. L\u00f6rdagens familjekonsert i helfigur fyllde tv\u00e5 akter. Den f\u00f6rsta l\u00e4t musiken klinga h\u00f6gt. Den andra ber\u00e4ttade om vikten av v\u00e4nskap. <a class=\"continue-reading-link\" href=\"https:\/\/www.kultursidan.nu\/?p=13782\">L\u00e4s mer <span class=\"meta-nav\">&rarr; <\/span><\/a><\/p>\n","protected":false},"author":1001006,"featured_media":0,"comment_status":"closed","ping_status":"open","sticky":false,"template":"","format":"standard","meta":{"_jetpack_memberships_contains_paid_content":false,"footnotes":""},"categories":[7],"tags":[13],"class_list":["post-13782","post","type-post","status-publish","format-standard","hentry","category-norrkoping","tag-musik"],"jetpack_featured_media_url":"","jetpack_sharing_enabled":true,"_links":{"self":[{"href":"https:\/\/www.kultursidan.nu\/index.php?rest_route=\/wp\/v2\/posts\/13782","targetHints":{"allow":["GET"]}}],"collection":[{"href":"https:\/\/www.kultursidan.nu\/index.php?rest_route=\/wp\/v2\/posts"}],"about":[{"href":"https:\/\/www.kultursidan.nu\/index.php?rest_route=\/wp\/v2\/types\/post"}],"author":[{"embeddable":true,"href":"https:\/\/www.kultursidan.nu\/index.php?rest_route=\/wp\/v2\/users\/1001006"}],"replies":[{"embeddable":true,"href":"https:\/\/www.kultursidan.nu\/index.php?rest_route=%2Fwp%2Fv2%2Fcomments&post=13782"}],"version-history":[{"count":0,"href":"https:\/\/www.kultursidan.nu\/index.php?rest_route=\/wp\/v2\/posts\/13782\/revisions"}],"wp:attachment":[{"href":"https:\/\/www.kultursidan.nu\/index.php?rest_route=%2Fwp%2Fv2%2Fmedia&parent=13782"}],"wp:term":[{"taxonomy":"category","embeddable":true,"href":"https:\/\/www.kultursidan.nu\/index.php?rest_route=%2Fwp%2Fv2%2Fcategories&post=13782"},{"taxonomy":"post_tag","embeddable":true,"href":"https:\/\/www.kultursidan.nu\/index.php?rest_route=%2Fwp%2Fv2%2Ftags&post=13782"}],"curies":[{"name":"wp","href":"https:\/\/api.w.org\/{rel}","templated":true}]}}