{"id":13862,"date":"2014-02-10T22:11:54","date_gmt":"2014-02-10T21:11:54","guid":{"rendered":"https:\/\/intelligent-friend-7861.standoutwp.com\/?p=13862"},"modified":"2014-02-24T11:19:19","modified_gmt":"2014-02-24T10:19:19","slug":"konstnarliga-ledarna-protesterar","status":"publish","type":"post","link":"https:\/\/www.kultursidan.nu\/?p=13862","title":{"rendered":"Konstn\u00e4rliga ledarna protesterar"},"content":{"rendered":"<p><iframe loading=\"lazy\" src=\"https:\/\/www.flickr.com\/photos\/kultursidan\/12442116295\/player\/a1a5b4b141\" height=\"224\" width=\"500\" allowfullscreen=\"\" frameborder=\"0\"><\/iframe><\/p>\n<p><em>Klart fr\u00e5n start? N\u00e4r utredningen inledde sitt arbete i oktober 2012 var institutionernas ledningar tveksamma, men politikerna hade redan b\u00f6rjat prata ihop sig.<\/em><\/p>\n<p>&nbsp;<\/p>\n<h1><span style=\"color: #ff0000;\">\u201dVi vill ha svar p\u00e5 fr\u00e5gorna f\u00f6rst\u201d<\/span><\/h1>\n<p>&nbsp;<\/p>\n<p><b>Scenkonstbolag. Ordvalet \u00e4r diplomatiskt men motst\u00e5ndet str\u00e4vt.<\/b> Karin Veres, Johan Celander och Tomas Herrg\u00e5rdh fogar inte sn\u00e4llt sig in i ledet n\u00e4r \u00e4garna beslutat om att placera in deras verksamheter i ett enda gemensamt regionalt scenkonstbolag.<\/p>\n<p>\u2013 Vi v\u00e4lkomnar fortsatt den \u00f6nskan att l\u00e5ngsiktigt st\u00e4rka den regionala scenkonsten som vi uppfattar ligger till grund f\u00f6r f\u00f6rslaget, inleder de tre VD:arna och konstn\u00e4rliga ledarna f\u00f6r Norrk\u00f6pings symfoniorkester, \u00d6stg\u00f6tateatern och \u00d6stg\u00f6tamusiken v\u00e4nligt.<\/p>\n<p>&nbsp;<\/p>\n<p><iframe loading=\"lazy\" src=\"https:\/\/www.flickr.com\/photos\/kultursidan\/12442112975\/player\/8d3b94f3c1\" height=\"240\" width=\"400\" allowfullscreen=\"\" frameborder=\"0\"><\/iframe><br \/>\n<em>Red ut fr\u00e5gorna innan beslut fattas. Ung scen \u00f6sts f\u00f6rest\u00e4llning P\u00e4ron handlade om barn och f\u00f6r\u00e4ldrar med olika \u00e5sikter.<\/em><\/p>\n<p>&nbsp;<\/p>\n<p><b>Det gemensamma uttalandet kommer n\u00e5gra intensiva sammantr\u00e4destimmar bakom st\u00e4ngda d\u00f6rrar efter att beslutet offentliggjorts.<\/b> Som inneb\u00e4r att Norrk\u00f6pings och Link\u00f6pings kommuner samt Landstinget i \u00d6sterg\u00f6tland vill se det nya regionala scenkonstbolaget p\u00e5 f\u00f6tter fr\u00e5n 1 januari 2015. Det \u00e4r n\u00e4mligen s\u00e5 att Landstingets roll f\u00f6rst\u00e4rks kraftigt i och med att \u00d6stsam f\u00f6rsvinner i sin nuvarande form n\u00e4r \u00d6sterg\u00f6tlands l\u00e4n blir en egen region n\u00e4sta \u00e5rskifte.<\/p>\n<p>\u2013 Efter en f\u00f6rsta genoml\u00e4sning av f\u00f6rslaget ser vi dock att flera av de punkter, som vi i v\u00e5r utredning pekade p\u00e5 som grundl\u00e4ggande, antingen inte alls har beaktats eller skjutits fram till en senare del av processen, d\u00e5 det formella beslutet om bolag redan kommer att ha fattats, skriver Veres, Celander och Herrg\u00e5rdh, inte fullt lika v\u00e4nligt, snarare motstr\u00e4vigt.<\/p>\n<p>&nbsp;<\/p>\n<p><iframe loading=\"lazy\" src=\"https:\/\/www.flickr.com\/photos\/kultursidan\/12442591494\/player\/ceaf7a1b62\" height=\"240\" width=\"400\" allowfullscreen=\"\" frameborder=\"0\"><\/iframe><br \/>\n<em> Hur ska scenkonstbolaget styras? Vilken blir de konstn\u00e4rliga ledarnas roll? V\u00e5ren 2013 repeterade Norrk\u00f6pings symfoniorkester Mozarts Requiem tillsammans med Norrk\u00f6pingsk\u00f6rer. Michael Francis dirigerade.<\/em><\/p>\n<p>&nbsp;<\/p>\n<p><b>I det knapph\u00e4ndiga pressmeddelande som g\u00e5tt ut fr\u00e5n Norrk\u00f6pings kommun kan man inte heller l\u00e4sa sig till hur det lagda f\u00f6rslaget utvecklats sedan sj\u00e4lva Scenkonstbolagsutredningen presenterades f\u00f6rra \u00e5ret.<\/b> Utredningen avslutades d\u00e5 med tv\u00e5 f\u00f6rslag, dels de konstn\u00e4rliga ledarnas, dels projektledaren Erik Tr\u00e4ffs f\u00f6rslag. En betydelsefull skillnad d\u00e5 var om scenkonstbolagets h\u00f6gsta ledning skulle utg\u00f6ras av VD och tre konstn\u00e4rliga ledare, som institutionernas ledare vill, eller enbart en VD som dock samarbetar med de konstn\u00e4rliga ledarna, enligt Erik Tr\u00e4ffs f\u00f6rslag. Sm\u00e5 men avg\u00f6rande skillnader.<\/p>\n<p>Utredningen r\u00f6rde sig s\u00e4llan p\u00e5 detaljniv\u00e5 men beskrev tre mycket skilda verksamheter, sett till publik, finansiering och lokalanv\u00e4ndning med mera.<\/p>\n<p>&nbsp;<\/p>\n<p><iframe loading=\"lazy\" src=\"https:\/\/www.flickr.com\/photos\/kultursidan\/12442256133\/player\/5f84041c82\" height=\"240\" width=\"400\" allowfullscreen=\"\" frameborder=\"0\"><\/iframe><br \/>\n<em> Institutionerna vill inte l\u00e4gga sig platt inf\u00f6r ett f\u00f6rslag vars inneh\u00e5ll \u00e4r oklart. \u00d6stg\u00f6tateatern spelar Innan jag fyller 67 h\u00f6sten7vintern 2013\/2014.<\/em><\/p>\n<p>&nbsp;<\/p>\n<p><b>Men borde ni inte ha rett ut de h\u00e4r fr\u00e5gorna som de vill ha svar p\u00e5 innan ni tog beslutet? <\/b><\/p>\n<p>\u2013 Jag f\u00f6rst\u00e5r att de konstn\u00e4rliga ledarna f\u00f6r institutionerna \u00e4r avvaktande. Och det \u00e4r bra, det \u00f6kar pressen p\u00e5 oss politiker. Men n\u00e4r de ser vad det h\u00e4r beslutet inneb\u00e4r i kronor och \u00f6ren s\u00e5 kommer de att se f\u00f6rdelarna, s\u00e4ger kommunalr\u00e5det Lars Stjernkvist som \u00e4r entusiastisk inf\u00f6r m\u00f6jligheterna. Det \u00e4r inte meningen att vi ska sl\u00e5 ihop verksamheterna, de ska inte f\u00f6rlora sin identitet.<\/p>\n<p><b>Mer pengar ska komma h\u00e4vdar Lars Stjernkvist (S), den enda som jag n\u00e5r \u00f6ver telefonen.<\/b> Det \u00e4r inte f\u00f6r att dra ner p\u00e5 tj\u00e4nster inom de redan h\u00e5rt slimmade institutionerna f\u00f6rslaget l\u00e4ggs utan f\u00f6r att utveckla dem.<\/p>\n<p>\u2013 Med ett gemensamt scenkonstbolag vill vi f\u00f6rb\u00e4ttra styrningen och samordningen och skapa en tydligare relation mellan institutionerna och oss som \u00e4gare, f\u00f6rklarar landstingsstyrelsens ordf\u00f6rande Marie Morell (M) i \u00e4garnas pressmeddelande.<\/p>\n<p>\u2013 I det h\u00e4r f\u00f6rslaget ing\u00e5r att finansieringen ska \u00f6ka. Norrk\u00f6ping tar i dag ett v\u00e4ldigt stort ansvar f\u00f6r fr\u00e4mst Symfoniorkestern. Det \u00e4r inte h\u00e5llbart i l\u00e4ngden, hela regionen beh\u00f6vs, s\u00e4ger Lars Stjernkvist och ber\u00e4ttar hur han tr\u00e4ffade en kommunalr\u00e5dskollega i Motala som glatt talade om Symfoniorkestern som \u201dv\u00e5r\u201d orkester som numera \u00e5terkommande ger konserter i Lokverkstan.<\/p>\n<p>&nbsp;<\/p>\n<p><iframe loading=\"lazy\" src=\"https:\/\/www.flickr.com\/photos\/kultursidan\/12442257563\/player\/db73563fb3\" height=\"320\" width=\"213\" allowfullscreen=\"\" frameborder=\"0\"><\/iframe><br \/>\n<em> Kultur som tillv\u00e4xtfr\u00e4mjare. Lars Stjernkvist trivdes p\u00e5 Br\u00e5valla sommaren 2013.<\/em><\/p>\n<p>&nbsp;<\/p>\n<p><b>Det \u00e4r allts\u00e5 troligt att Lars Stjernkvist entusiasm fr\u00e4mst grundas i att andra kommuner betalar mer f\u00f6r Symfoniorkestern.<\/b> Som d\u00e5 i geng\u00e4ld kan komma ut och spela mer, om l\u00e4mpliga lokaler st\u00e5r att finna f\u00f6r en hel symfoniorkester, alternativt i kammarmusikalisk form. De andra tv\u00e5 institutionerna, \u00d6stg\u00f6tamusiken och \u00d6stg\u00f6tateatern med dess barnteatersensemble Ung scen \u00f6st, \u00e4r redan vana vid l\u00e4nsturn\u00e9er.<\/p>\n<p>\u2013 Vi g\u00f6r den h\u00f6gklassiga scenkonsten tillg\u00e4nglig f\u00f6r fler, s\u00e4ger Lars Stjernkvist.<\/p>\n<p>Kan medel d\u00e4rmed l\u00f6sg\u00f6ras s\u00e5 vet han m\u00e5nga kulturp\u00e5sar som beh\u00f6ver fyllas p\u00e5, s\u00e5v\u00e4l p\u00e5 regionalt plan (d\u00e4r filmfr\u00e5gan \u00e4r h\u00f6gaktuell) som lokalt (d\u00e4r en nyrenoverad H\u00f6rsal kommer att beh\u00f6va en driftsbudget om ungef\u00e4r ett \u00e5r). Han h\u00e5ller med om detta \u00e4ven om har menar att det \u00e4r en f\u00f6renklad bild.<\/p>\n<p>\u2013 Allt h\u00e4nger ihop. Norrk\u00f6ping har h\u00f6jt ambitionsniv\u00e5n vad g\u00e4ller kulturen, nu n\u00e4r vi tagit visionen om Norrk\u00f6ping som Musikstad 2020. Kulturen \u00e4r viktig ur syssels\u00e4ttningssynpunkt.<\/p>\n<p>\u2013 Och institutionerna \u00e4r motorer f\u00f6r hela kulturlivet.<\/p>\n<p>&nbsp;<\/p>\n<p><iframe loading=\"lazy\" src=\"https:\/\/www.flickr.com\/photos\/kultursidan\/12442254673\/player\/3931d0bc14\" height=\"240\" width=\"400\" allowfullscreen=\"\" frameborder=\"0\"><\/iframe><br \/>\n<em>Samtal p\u00e5 j\u00e4mb\u00f6rdig niv\u00e5 \u00e4r bra. \u00d6stg\u00f6tamusiken och \u00d6stg\u00f6tateatern gjorde gemensam sak i Historien om en soldat v\u00e5ren 2013.<\/em><\/p>\n<p>&nbsp;<\/p>\n<p><b>Beslut i landstings- och respektive kommunfullm\u00e4ktige tas under april m\u00e5nad. <\/b>Kanske har \u00d6stg\u00f6tateatern, Norrk\u00f6pings symfoniorkester och \u00d6stg\u00f6tamusiken f\u00e5tt svar p\u00e5 sina fr\u00e5gor till dess och \u00e4r med p\u00e5 noterna.<\/p>\n<p><i>Text och foto: Ann-Charlotte Sandelin<br \/>\n<\/i><\/p>\n<p style=\"padding-left: 30px;\">L\u00c4NKAR<br \/>\nNorrk\u00f6pings symfoniorkester <a title=\"SON\" href=\"www.norrk\u00f6pingssymfoniorkester\" target=\"_blank\">hemsida<\/a><br \/>\n\u00d6stg\u00f6tamusiken <a title=\"\u00d6stg\u00f6tamusiken\" href=\"http:\/\/www.ostgotamusiken.se\" target=\"_blank\">hemsida<\/a><br \/>\n\u00d6stg\u00f6tateatern <a title=\"\u00d6stg\u00f6tateatern\" href=\"http:\/\/www.ostgotateatern.se\" target=\"_blank\">hemsida<\/a><br \/>\nRegionala spetskulturen b\u00f6r g\u00e5 samman\u00a0<a title=\"Regionala spetskulturen b\u00f6r g\u00e5 samman \" href=\"https:\/\/www.kultursidan.nu\/?p=7777\" target=\"_blank\">reportage<\/a> Kultursidan.nu 17\/10 2012<\/p>\n<p>FLER BILDER \u2013 KLICKA<\/p>\n<p>[flickr-gallery mode=&#8221;photoset&#8221; photoset=&#8221;72157640795068134&#8243;]<\/p>\n","protected":false},"excerpt":{"rendered":"<p>NORRK\u00d6PING Scenkonstbolag \u2013 hur d\u00e5? Ordvalet \u00e4r diplomatiskt men motst\u00e5ndet str\u00e4vt. Symfoniorkestern, \u00d6stg\u00f6tateatern och \u00d6stg\u00f6tamusiken jublar inte n\u00e4r \u00e4garna vill l\u00e4gga deras verksamheter i ett gemensamt bolag fr\u00e5n 1 januari 2015. Men Lars Stjernkvist ser f\u00f6rdelar. <a class=\"continue-reading-link\" href=\"https:\/\/www.kultursidan.nu\/?p=13862\">L\u00e4s mer <span class=\"meta-nav\">&rarr; <\/span><\/a><\/p>\n","protected":false},"author":1001006,"featured_media":0,"comment_status":"closed","ping_status":"open","sticky":false,"template":"","format":"standard","meta":{"_jetpack_memberships_contains_paid_content":false,"footnotes":""},"categories":[55,7,1],"tags":[13,56,12],"class_list":["post-13862","post","type-post","status-publish","format-standard","hentry","category-linkoping","category-norrkoping","category-okategoriserade","tag-musik","tag-politik","tag-teater"],"jetpack_featured_media_url":"","jetpack_sharing_enabled":true,"_links":{"self":[{"href":"https:\/\/www.kultursidan.nu\/index.php?rest_route=\/wp\/v2\/posts\/13862","targetHints":{"allow":["GET"]}}],"collection":[{"href":"https:\/\/www.kultursidan.nu\/index.php?rest_route=\/wp\/v2\/posts"}],"about":[{"href":"https:\/\/www.kultursidan.nu\/index.php?rest_route=\/wp\/v2\/types\/post"}],"author":[{"embeddable":true,"href":"https:\/\/www.kultursidan.nu\/index.php?rest_route=\/wp\/v2\/users\/1001006"}],"replies":[{"embeddable":true,"href":"https:\/\/www.kultursidan.nu\/index.php?rest_route=%2Fwp%2Fv2%2Fcomments&post=13862"}],"version-history":[{"count":0,"href":"https:\/\/www.kultursidan.nu\/index.php?rest_route=\/wp\/v2\/posts\/13862\/revisions"}],"wp:attachment":[{"href":"https:\/\/www.kultursidan.nu\/index.php?rest_route=%2Fwp%2Fv2%2Fmedia&parent=13862"}],"wp:term":[{"taxonomy":"category","embeddable":true,"href":"https:\/\/www.kultursidan.nu\/index.php?rest_route=%2Fwp%2Fv2%2Fcategories&post=13862"},{"taxonomy":"post_tag","embeddable":true,"href":"https:\/\/www.kultursidan.nu\/index.php?rest_route=%2Fwp%2Fv2%2Ftags&post=13862"}],"curies":[{"name":"wp","href":"https:\/\/api.w.org\/{rel}","templated":true}]}}