{"id":13898,"date":"2014-02-14T21:41:33","date_gmt":"2014-02-14T20:41:33","guid":{"rendered":"https:\/\/intelligent-friend-7861.standoutwp.com\/?p=13898"},"modified":"2014-02-24T12:25:16","modified_gmt":"2014-02-24T11:25:16","slug":"arne-borjesson-pa-galleri-sandernp33","status":"publish","type":"post","link":"https:\/\/www.kultursidan.nu\/?p=13898","title":{"rendered":"Arne B\u00f6rjesson p\u00e5 Galleri Sander\/NP33"},"content":{"rendered":"<p><iframe loading=\"lazy\" src=\"https:\/\/www.flickr.com\/photos\/kultursidan\/12523798445\/player\/640b683afe\" height=\"307\" width=\"500\"  frameborder=\"0\" allowfullscreen webkitallowfullscreen mozallowfullscreen oallowfullscreen msallowfullscreen><\/iframe><\/p>\n<p><i>V\u00e5rvinter i Gr\u00f6dinge. Arne B\u00f6rjesson st\u00e4ller ut p\u00e5 Galleri Sander\/NP33.<br \/>\n<\/i><\/p>\n<p>&nbsp;<\/p>\n<h1><span style=\"color: #ff0000;\">Ute \u00e4r det kallt<\/span><\/h1>\n<p>&nbsp;<\/p>\n<p><b>Konstn\u00e4ren Arne B\u00f6rjesson studerar sin hembygd, dokumenterar S\u00f6dert\u00f6rn i snabba penseldrag, sommar som vinter.<\/b> De snabba ljusv\u00e4xlingarna \u00e4r en utmaning, att komma inomhus med en f\u00e4rdig m\u00e5lning \u00e4r som att framkalla film.<\/p>\n<p>P\u00e5 Galleri Sander\/NP33 visar han den senaste \u00e5rg\u00e5ngen. Merparten av m\u00e5lningarna \u00e4r fr\u00e5n v\u00e5rvinterns tid, en serie vinterstudier och n\u00e5gra f\u00e5 fr\u00e5n varmare \u00e5rstider. \u00d6verlag ger f\u00e4rgskalan ett milt intryck.<\/p>\n<p>&nbsp;<\/p>\n<p><iframe loading=\"lazy\" src=\"https:\/\/www.flickr.com\/photos\/kultursidan\/12524286994\/player\/90c51454d8\" height=\"240\" width=\"400\" allowfullscreen=\"\" frameborder=\"0\"><\/iframe><br \/>\n<em> Vintermotiv. H\u00e4r \u00e4r kontrasterna starkare, m\u00f6rka skuggor mot det vita.<\/em><\/p>\n<p>&nbsp;<\/p>\n<p><b>\u2013 Utomhusm\u00e5leri \u00e4r speciellt.<\/b> Ljusf\u00f6rh\u00e5llandena \u00e4r s\u00e5 v\u00e4xlande. N\u00e4r jag kommer in \u00e4r det som att framkalla film, s\u00e4ger Arne B\u00f6rjesson och f\u00f6rklarar att \u00f6gat upplever f\u00e4rgerna p\u00e5 olika s\u00e4tt ute och inne. Ute \u00e4r varje nyans klarare.<\/p>\n<p>\u2013 Det \u00e4r s\u00e5 mycket intryck och man f\u00e5r bara med sig en liten del hem. Ibland \u00e4r som att st\u00e5 p\u00e5 en scen vars belysning \u00e4ndras hela tiden. Jag ser det som en l\u00e4rprocess.<\/p>\n<p><strong>De franska impressionisterna \u00e4gnade sig \u00e5t friluftsm\u00e5leri.<\/strong> Arne B\u00f6rjesson medger att de betyder mycket f\u00f6r honom och citerar C\u00e9zanne som ans\u00e5g att man skulle m\u00e5la det man s\u00e5g. Men d\u00e4r franska konstn\u00e4rer kunde dutta f\u00e4rg med omsorg i sommarv\u00e4rmen under det sena 1800-talet g\u00e4ller det f\u00f6r Arne B\u00f6rjesson att jobba snabbt i kallan nord.<\/p>\n<p>\u2013 Om det \u00e4r 14-15 minusgrader kallt, eller 2 f\u00f6r den delen, d\u00e5 g\u00e5r det fort. I viss m\u00e5n m\u00e5lar jag hemma ocks\u00e5, men till 95 procent ute. Men det kanske \u00e4ndras, jag kanske vill jobba mer med minnet ocks\u00e5.<\/p>\n<p>&nbsp;<\/p>\n<p><iframe loading=\"lazy\" src=\"https:\/\/www.flickr.com\/photos\/kultursidan\/12523801875\/player\/09d2fae50a\" height=\"240\" width=\"400\" allowfullscreen=\"\" frameborder=\"0\"><\/iframe><br \/>\n<em> \u00c5kern som sm\u00e5bonden arrenderar. Invid den bl\u00e4nker \u00e5n. Motivet lever f\u00f6r Arne B\u00f6rjesson.<\/em><\/p>\n<p>&nbsp;<\/p>\n<p><b>S\u00f6dert\u00f6rn, n\u00e4rmare best\u00e4mt Gr\u00f6dingetrakten i Botkyrka kommun, \u00e4r hans jaktmarker d\u00e4r han l\u00e4rt k\u00e4nna varje bergknalle, varje vattendrag.<\/b> Han pekar p\u00e5 tv\u00e5 m\u00e5lningar, i stort sett samma plats men med och utan sn\u00f6. Det \u00e4r en utmaning att f\u00e5nga motivet, scenen, med s\u00e5 f\u00e5 detaljer som m\u00f6jligt.<\/p>\n<p>\u2013 Jag studerar, ser hur det ser ut. Men det \u00e4r n\u00e5got subjektivt som m\u00e5ste till.<\/p>\n<p>\u2013 Jag vill ha det som vibrerar, som \u00e4r os\u00e4kert. Det har ocks\u00e5 med seendet att g\u00f6ra.<\/p>\n<p><strong>Jag ber honom ber\u00e4tta om en m\u00e5lning f\u00f6r att jag ska kunna ta en bild som inte ser arrangerad ut. <\/strong>Vilken som helst duger.<\/p>\n<p>\u2013 Jag tycker det \u00e4r vackert. Det \u00e4r storb\u00f6nder d\u00e4r, en som \u00e4ger den h\u00e4r marken, tr\u00e4den p\u00e5 berget, s\u00e4ger han och pekar.<\/p>\n<p>\u2013 Jag k\u00e4nner en sm\u00e5bonde ocks\u00e5 som arrenderar \u00e5kern h\u00e4r nere vid \u00e5n. Han har mj\u00f6lkkor och korsar v\u00e4gen tv\u00e5 g\u00e5nger om dagen. Vilket liv det \u00e4r p\u00e5 korna p\u00e5 eftermiddagen, de r\u00e5mar p\u00e5 v\u00e4g till mj\u00f6lkningen.<\/p>\n<p>V\u00e4gen som bara \u00e4r n\u00e5gra sm\u00e5 tunna vita streck i det gr\u00f6na g\u00e5r mellan S\u00f6dert\u00e4lje och Nyn\u00e4shamn, tillr\u00e4ckligt stor f\u00f6r att en sm\u00e5bonde med mj\u00f6lkstinna kor ska v\u00e4cka f\u00f6rv\u00e5ning och uppm\u00e4rksamhet p\u00e5 v\u00e4gen. Sm\u00e5 vita streck, de skulle n\u00e4stan inte beh\u00f6vas, men de \u00e4r nog s\u00e5 viktiga.<\/p>\n<p>Lite st\u00f6rre \u00e4r \u00e5bl\u00e4nket invid \u00e5kerpl\u00e4tten. D\u00e4r s\u00e5g Arne B\u00f6rjesson en ungkalv som g\u00e5tt ner och inte hittade n\u00e5gon v\u00e4g upp. Han f\u00f6rs\u00f6kte hj\u00e4lpa men den blev r\u00e4dd och vek undan, till slut fick han ringa bonden. Med ber\u00e4ttelsen fylls m\u00e5lningen med liv och mening, blir hembygd och n\u00e4rvaro samtidigt som den \u00e4r en komposition av olja p\u00e5 duk.<\/p>\n<p>&nbsp;<\/p>\n<p><iframe loading=\"lazy\" src=\"https:\/\/www.flickr.com\/photos\/kultursidan\/12524288614\/player\/1b6e3ece41\" height=\"320\" width=\"213\" allowfullscreen=\"\" frameborder=\"0\"><\/iframe><br \/>\n<em> En m\u00e5lare som g\u00f6r grafik.\u00a0<\/em><\/p>\n<p>&nbsp;<\/p>\n<p><b>Arne B\u00f6rjesson visar \u00e4ven grafik. Linoleumssnitt med rena former, milj\u00f6er och stilleben. <\/b>En g\u00e5rdsbild fr\u00e5n S\u00f6dra stationsomr\u00e5det i Stockholm, en flodb\u00e5t ute vid Nacka, n\u00e5gra kannor. Det \u00e4r friskt, livfullt och f\u00e4rgstarkt. Han ber\u00e4ttar att han anv\u00e4nder flera stockar, en f\u00f6r varje f\u00e4rg.<\/p>\n<p>\u2013 Jag \u00e4r en m\u00e5lare som g\u00f6r grafik.<\/p>\n<p><i>Text och foto: Ann-Charlotte Sandelin<br \/>\n<\/i><\/p>\n<blockquote>\n<h3><em>GALLERI SANDER\/NP33 Norrk\u00f6ping<\/em><\/h3>\n<p>8 februari \u2013 8 mars 2014<em><br \/>\n<b>Arne B\u00f6rjesson<br \/>\n<\/b>M\u00e5lningar<\/em><\/p><\/blockquote>\n<p>L\u00c4NKAR<br \/>\nGalleri Sander\/NP33 <a title=\"Galleri Sander\/NP33\" href=\"http:\/\/www.np33.se\" target=\"_blank\">hemsida<\/a><br \/>\nFLER BILDER FR\u00c5N UTST\u00c4LLNINGEN \u2013 KLICKA<\/p>\n<p>[flickr-gallery mode=&#8221;photoset&#8221; photoset=&#8221;72157640976963663&#8243;]<\/p>\n","protected":false},"excerpt":{"rendered":"<p>NORRK\u00d6PING Utomhus. Konstn\u00e4ren Arne B\u00f6rjesson studerar sin hembygd, dokumenterar S\u00f6dert\u00f6rn i snabba penseldrag, sommar som vinter. De snabba ljusv\u00e4xlingarna \u00e4r en utmaning och att komma inomhus med en f\u00e4rdig m\u00e5lning \u00e4r som att framkalla film. <a class=\"continue-reading-link\" href=\"https:\/\/www.kultursidan.nu\/?p=13898\">L\u00e4s mer <span class=\"meta-nav\">&rarr; <\/span><\/a><\/p>\n","protected":false},"author":1001006,"featured_media":0,"comment_status":"closed","ping_status":"open","sticky":false,"template":"","format":"standard","meta":{"_jetpack_memberships_contains_paid_content":false,"footnotes":""},"categories":[7],"tags":[14],"class_list":["post-13898","post","type-post","status-publish","format-standard","hentry","category-norrkoping","tag-konst"],"jetpack_featured_media_url":"","jetpack_sharing_enabled":true,"_links":{"self":[{"href":"https:\/\/www.kultursidan.nu\/index.php?rest_route=\/wp\/v2\/posts\/13898","targetHints":{"allow":["GET"]}}],"collection":[{"href":"https:\/\/www.kultursidan.nu\/index.php?rest_route=\/wp\/v2\/posts"}],"about":[{"href":"https:\/\/www.kultursidan.nu\/index.php?rest_route=\/wp\/v2\/types\/post"}],"author":[{"embeddable":true,"href":"https:\/\/www.kultursidan.nu\/index.php?rest_route=\/wp\/v2\/users\/1001006"}],"replies":[{"embeddable":true,"href":"https:\/\/www.kultursidan.nu\/index.php?rest_route=%2Fwp%2Fv2%2Fcomments&post=13898"}],"version-history":[{"count":0,"href":"https:\/\/www.kultursidan.nu\/index.php?rest_route=\/wp\/v2\/posts\/13898\/revisions"}],"wp:attachment":[{"href":"https:\/\/www.kultursidan.nu\/index.php?rest_route=%2Fwp%2Fv2%2Fmedia&parent=13898"}],"wp:term":[{"taxonomy":"category","embeddable":true,"href":"https:\/\/www.kultursidan.nu\/index.php?rest_route=%2Fwp%2Fv2%2Fcategories&post=13898"},{"taxonomy":"post_tag","embeddable":true,"href":"https:\/\/www.kultursidan.nu\/index.php?rest_route=%2Fwp%2Fv2%2Ftags&post=13898"}],"curies":[{"name":"wp","href":"https:\/\/api.w.org\/{rel}","templated":true}]}}