{"id":13915,"date":"2014-02-15T21:22:39","date_gmt":"2014-02-15T20:22:39","guid":{"rendered":"https:\/\/intelligent-friend-7861.standoutwp.com\/?p=13915"},"modified":"2014-02-24T12:24:14","modified_gmt":"2014-02-24T11:24:14","slug":"de-ar-med-i-niornas-mello-2014","status":"publish","type":"post","link":"https:\/\/www.kultursidan.nu\/?p=13915","title":{"rendered":"De \u00e4r med i Niornas Mello 2014"},"content":{"rendered":"<p><iframe loading=\"lazy\" src=\"https:\/\/www.flickr.com\/photos\/kultursidan\/12546114235\/player\/60b6a18e6c\" height=\"333\" width=\"500\"  frameborder=\"0\" allowfullscreen webkitallowfullscreen mozallowfullscreen oallowfullscreen msallowfullscreen><\/iframe><\/p>\n<p><i>Tr\u00e4ng ihop er. Kom fram i ljuset allihop s\u00e5 vi f\u00e5r ta gruppfoto p\u00e5 er. Ulla-Britt Eriksson h\u00f6ll i tr\u00e5darna f\u00f6r tr\u00e4ffen p\u00e5 Cnema.<br \/>\n<\/i><\/p>\n<p>&nbsp;<\/p>\n<h1><span style=\"color: #ff0000;\">De ska framf\u00f6ra sina egna l\u00e5tar<\/span><\/h1>\n<p>&nbsp;<\/p>\n<p><b>\u00c5tta skolor delar i <i>Kulturskolans melodifestival<\/i> i \u00e5r.<\/b> H\u00e4romdagen m\u00f6ttes alla f\u00f6r f\u00f6rsta g\u00e5ngen p\u00e5 Cnema. Nu v\u00e4ntar repetitioner, l\u00e5tarna ska arrangeras f\u00f6r kompband och k\u00f6r. En presentationsfilm ing\u00e5r ocks\u00e5 i paketet. Festivalledningen hoppas p\u00e5 mer dans i \u00e5r.<\/p>\n<p><i>Kulturskolans melodifestival<\/i> utvecklas och v\u00e4xer f\u00f6r varje \u00e5r som g\u00e5r. N\u00e4r de t\u00e4vlande skolorna m\u00f6ttes f\u00f6r f\u00f6rsta g\u00e5ngen sl\u00e4ppte festivalledningen samtidigt information om vad som kommer att h\u00e4nda den d\u00e4r kv\u00e4llen sent i april som blir niornas stora fest i Flygeln. G\u00e4startist \u00e4r rapparen <i>Dani M<\/i> medan <i>Torsdagsklubben<\/i> \u00e4r f\u00f6rband. Nytt f\u00f6r \u00e5ret \u00e4r att publiken f\u00e5r r\u00f6sta, publikens och juryns r\u00f6ster kommer att v\u00e4ga lika.<\/p>\n<p>&nbsp;<\/p>\n<p><iframe loading=\"lazy\" src=\"https:\/\/www.flickr.com\/photos\/kultursidan\/12546115735\/player\/fdd7a939ac\" height=\"240\" width=\"400\" allowfullscreen=\"\" frameborder=\"0\"><\/iframe><br \/>\n<em> Alla samlades i biosalongen p\u00e5 Cnema.<\/em><\/p>\n<p>&nbsp;<\/p>\n<p><b>Viktigast av allt \u00e4r f\u00f6rst\u00e5s de t\u00e4vlande fr\u00e5n Vittra, S\u00f6derport, Dj\u00e4knepark, Ektorp, Hultdals, Navestad, Haga och Rudolf Steiner.<\/b> Till skillnad fr\u00e5n i den p\u00e5g\u00e5ende Melodifestivalen i tv \u00e4r det till 100 procent egenskrivna l\u00e5tar som g\u00e4ller. M\u00e5nga avsl\u00f6jade att det blir lugna l\u00e5tar, men n\u00e5gra v\u00e4ljer ett h\u00f6gre tempo. De sjunger om k\u00e4rlek, fred, v\u00e4nskap och lite till.<\/p>\n<p>\u2013 Det ska bli roligt, coolt och sp\u00e4nnande att vara med, sade tjejerna fr\u00e5n S\u00f6derport vars l\u00e5t handlar om olycklig k\u00e4rlek. Vi vill att hela klassen ska vara med p\u00e5 scenen.<\/p>\n<p>\u2013 Det k\u00e4nns ganska nerv\u00f6st, erk\u00e4nde Elin Gripenblad fr\u00e5n Ektorp.<\/p>\n<p>\u2013 T\u00e4nk ut vad ni vill ha f\u00f6r slags dans till, uppmanade Ulla-Britt Eriksson, som \u00e4r producent f\u00f6r arrangemanget. Vi har ju haft dans med p\u00e5 scenen f\u00f6rr, men bara i pausen.<\/p>\n<p>&nbsp;<\/p>\n<p><iframe loading=\"lazy\" src=\"https:\/\/www.flickr.com\/photos\/kultursidan\/12546616304\/player\/12fb85f2c7\" height=\"240\" width=\"400\" allowfullscreen=\"\" frameborder=\"0\"><\/iframe><br \/>\n<em>Filmplaneringen startade direkt. H\u00e4r \u00e4r det Rudolf Steinerskolan som pratar id\u00e9er med Hampus Lager och Gustav Freudenthal.\u00a0<\/em><\/p>\n<p>&nbsp;<\/p>\n<p><b>Priser kommer att delas ut i fyra kategorier. <\/b>B\u00e4sta l\u00e5t \u2013 genom po\u00e4ng fr\u00e5n juryn och publiken. Juryn ger ocks\u00e5 pris f\u00f6r B\u00e4sta sceniska framtr\u00e4dande, B\u00e4sta filmpresentation av klassen och Flest s\u00e5lda biljetter.<\/p>\n<p>\u2013 Egentligen kan man inte bli bed\u00f6md i musik, det \u00e4r ju en konstform, s\u00e4ger Hagaskolans Victor Lind filosofiskt.<\/p>\n<p><i>Text och foto: Ann-Charlotte Sandelin<\/i><br \/>\n<em>PRESENTATION AV ALLA T\u00c4VLANDE EFTER BILDERNA<\/em><\/p>\n<blockquote>\n<h3>FLYGELN Norrk\u00f6ping<\/h3>\n<p>25 april 2014 kl 18.30<br \/>\n<b>Kulturskolans melodifestival<br \/>\n<\/b><\/p><\/blockquote>\n<p>L\u00c4NKAR<br \/>\nKulturskolan <a title=\"Kulturskolan\" href=\"http:\/\/www.norrkoping.se\/kultur-fritid\/kulturskolan\/\" target=\"_blank\">hemsida<\/a><br \/>\nFLER BILDER \u2013 KLICKA<\/p>\n<p>[flickr-gallery mode=&#8221;photoset&#8221; photoset=&#8221;72157641025512933&#8243;]<\/p>\n<blockquote>\n<p style=\"padding-left: 30px;\"><em><iframe loading=\"lazy\" src=\"https:\/\/www.flickr.com\/photos\/kultursidan\/12546657574\/player\/941f22c3ab\" height=\"213\" width=\"320\" allowfullscreen=\"\" frameborder=\"0\"><\/iframe><br \/>\n<\/em><em>VITTRA<\/em><\/p>\n<p style=\"padding-left: 30px;\"><em>L\u00e5t: <b>Thoughtless world<\/b> \u2013 av Alva Engberg<br \/>\nEleonor \u00c5berg Tell (gitarr), Oliver Hedlund (bas), Alva Engberg (s\u00e5ng), Angelica Hjortberger (s\u00e5ng)<\/em><\/p>\n<p style=\"padding-left: 60px;\"><em>\u201dEn filosofisk melodi, om att man inte f\u00e5r ha egna \u00e5sikter. Rockig, i The Cures-stil.\u201d<\/em><\/p>\n<\/blockquote>\n<p>&nbsp;<\/p>\n<p><em><iframe loading=\"lazy\" src=\"https:\/\/www.flickr.com\/photos\/kultursidan\/12546655924\/player\/49e4363f37\" height=\"160\" width=\"240\" allowfullscreen=\"\" frameborder=\"0\"><\/iframe><\/em><br \/>\nDJ\u00c4KNEPARK<\/p>\n<p>L\u00e5t: <b>Five to one 1 5\u20131<\/b><br \/>\nAv och med Christin Al Salek (gitarr) och Limija Vidimlic (s\u00e5ng)<\/p>\n<p style=\"padding-left: 30px;\">\u201dDet handlar om v\u00e4nskap, om v\u00e5rt tjejg\u00e4ng som kommer att splittras i gymnasiet. Vi vill f\u00e5 med alla tjejerna p\u00e5 scenen. En ganska lugn l\u00e5t.\u201d<\/p>\n<blockquote>\n<p style=\"padding-left: 30px;\"><iframe loading=\"lazy\" src=\"https:\/\/www.flickr.com\/photos\/kultursidan\/12546654624\/player\/da383ae51f\" height=\"213\" width=\"320\" allowfullscreen=\"\" frameborder=\"0\"><\/iframe><br \/>\n<em>S\u00d6DERPORT<\/em><\/p>\n<p style=\"padding-left: 30px;\"><em>L\u00e5t: <b>What you had<\/b><br \/>\nAv och med Smedra Yunan, Rosa Bato, Mikaela Yakoub och Mireille Chamoun<\/em><\/p>\n<p style=\"padding-left: 60px;\"><em>\u201dDet handlar om olycklig k\u00e4rlek, en lugn l\u00e5t, rnb. Vi kommer att \u00e4ndra lite p\u00e5 l\u00e5ten, det blir mer blandade k\u00e4nslor.\u201d<\/em><\/p>\n<\/blockquote>\n<p><em><iframe loading=\"lazy\" src=\"https:\/\/www.flickr.com\/photos\/kultursidan\/12546147825\/player\/80db22e605\" height=\"240\" width=\"160\" allowfullscreen=\"\" frameborder=\"0\"><\/iframe><\/em><br \/>\nEKTORP<\/p>\n<p>L\u00e5t: <b>Superman<\/b><br \/>\nAv och med Elin Gripenblad<\/p>\n<p style=\"padding-left: 30px;\">\u201dDen handlar om olycklig k\u00e4rlek, att man inte blir s\u00e5, typ, uppm\u00e4rksammad av den man gillar. En lugn l\u00e5t.\u201d<\/p>\n<blockquote>\n<p style=\"padding-left: 60px;\"><iframe loading=\"lazy\" src=\"https:\/\/www.flickr.com\/photos\/kultursidan\/12546651844\/player\/00fbf89e91\" height=\"240\" width=\"156\" allowfullscreen=\"\" frameborder=\"0\"><\/iframe><\/p>\n<p style=\"padding-left: 60px; text-align: left;\"><em>NAVESTAD<\/em><\/p>\n<p style=\"text-align: left; padding-left: 30px;\"><em>L\u00e5t: <b>Don\u2019t look back<\/b> \u2013 av Lina Demetriades<br \/>\nEvelina Isik och Lina Demetriades (b\u00e5da s\u00e5ng)<\/em><\/p>\n<p style=\"padding-left: 60px;\"><em>\u201dDet handlar om att man inte ska d\u00f6ma folk och se p\u00e5 det d\u00e5liga. Man ska f\u00f6rs\u00f6ka se fram\u00e5t. Det \u00e4r en lugn l\u00e5t.\u201d<\/em><\/p>\n<\/blockquote>\n<p><iframe loading=\"lazy\" src=\"https:\/\/www.flickr.com\/photos\/kultursidan\/12546150215\/player\/062ae8295a\" height=\"160\" width=\"240\" allowfullscreen=\"\" frameborder=\"0\"><\/iframe><br \/>\nHAGA<\/p>\n<p style=\"padding-left: 30px;\">L\u00e5t: <b>Flickan med en dr\u00f6m<\/b><br \/>\nAv och med Victor Lind (s\u00e5ng och akustisk gitarr)<\/p>\n<p>\u201dDet var en h\u00e4ndelse i vintras. Jag tr\u00e4ffade kompisar och b\u00f6rjade prata med en person jag inte m\u00f6tt tidigare. Hon var h\u00e4rlig att prata med, vi fick bra kontakt. Men hon bodde i G\u00f6teborg. Hon hade m\u00e5nga musikdr\u00f6mmar hon ocks\u00e5, har varit ute och spelat mycket. Svensk folkrock.\u201d<\/p>\n<blockquote>\n<p style=\"padding-left: 30px;\"><iframe loading=\"lazy\" src=\"https:\/\/www.flickr.com\/photos\/kultursidan\/12546648114\/player\/d4859dba24\" height=\"196\" width=\"320\" allowfullscreen=\"\" frameborder=\"0\"><\/iframe><br \/>\n<em>RUDOLF STEINER<\/em><\/p>\n<p style=\"padding-left: 30px;\"><em>L\u00e5t: <b>Redline<\/b> \u2013 av Alva Levald (melodi), Daniel Braesch (text), Johannes Johansson (ursprungsimprovisation)<br \/>\nDaniel Braesch (s\u00e5ng), Martin Braesch (bas), Alva Levald (s\u00e5ng), William Lampa (akustisk gitarr), My Bengtsdotter (s\u00e5ng), Johannes Johansson (piano)<\/em><\/p>\n<p style=\"padding-left: 60px;\"><em>\u201dDen handlar inte om n\u00e5got viktigt, n\u00e5gon som blir l\u00e4mnad utan att veta varf\u00f6r. Den g\u00e5r \u00e4nd\u00e5 i dur. Den \u00e4r hoppfull. V\u00e4ldigt akustisk. Poprock.\u201d<\/em><\/p>\n<\/blockquote>\n<p><iframe loading=\"lazy\" src=\"https:\/\/www.flickr.com\/photos\/kultursidan\/12546287243\/player\/805dee6160\" height=\"160\" width=\"240\" allowfullscreen=\"\" frameborder=\"0\"><\/iframe><br \/>\nHULTDAL<\/p>\n<p>L\u00e5t: <b>It\u2019s the one<\/b><br \/>\nAv och med Robin Lotz<\/p>\n<p style=\"padding-left: 30px;\">\u201dDen handlar om fred, att alla runtom i v\u00e4rlden ska k\u00e4nna sig trygga. \u00c4ven om de saknar pengar, mat eller f\u00f6r\u00e4ldrar.\u201d<\/p>\n","protected":false},"excerpt":{"rendered":"<p>NORRK\u00d6PING Egna l\u00e5tar. \u00c5tta skolor delar i Kulturskolans Melodifestival i \u00e5r. H\u00e4romdagen m\u00f6ttes alla f\u00f6r f\u00f6rsta g\u00e5ngen. Nu v\u00e4ntar repetitioner, l\u00e5tarna ska arrangeras f\u00f6r kompband och k\u00f6r. En presentationsfilm ing\u00e5r ocks\u00e5 i paketet. Festivalledningen hoppas p\u00e5 mer dans i \u00e5r. <a class=\"continue-reading-link\" href=\"https:\/\/www.kultursidan.nu\/?p=13915\">L\u00e4s mer <span class=\"meta-nav\">&rarr; <\/span><\/a><\/p>\n","protected":false},"author":1001006,"featured_media":0,"comment_status":"closed","ping_status":"open","sticky":false,"template":"","format":"standard","meta":{"_jetpack_memberships_contains_paid_content":false,"footnotes":""},"categories":[7],"tags":[13],"class_list":["post-13915","post","type-post","status-publish","format-standard","hentry","category-norrkoping","tag-musik"],"jetpack_featured_media_url":"","jetpack_sharing_enabled":true,"_links":{"self":[{"href":"https:\/\/www.kultursidan.nu\/index.php?rest_route=\/wp\/v2\/posts\/13915","targetHints":{"allow":["GET"]}}],"collection":[{"href":"https:\/\/www.kultursidan.nu\/index.php?rest_route=\/wp\/v2\/posts"}],"about":[{"href":"https:\/\/www.kultursidan.nu\/index.php?rest_route=\/wp\/v2\/types\/post"}],"author":[{"embeddable":true,"href":"https:\/\/www.kultursidan.nu\/index.php?rest_route=\/wp\/v2\/users\/1001006"}],"replies":[{"embeddable":true,"href":"https:\/\/www.kultursidan.nu\/index.php?rest_route=%2Fwp%2Fv2%2Fcomments&post=13915"}],"version-history":[{"count":0,"href":"https:\/\/www.kultursidan.nu\/index.php?rest_route=\/wp\/v2\/posts\/13915\/revisions"}],"wp:attachment":[{"href":"https:\/\/www.kultursidan.nu\/index.php?rest_route=%2Fwp%2Fv2%2Fmedia&parent=13915"}],"wp:term":[{"taxonomy":"category","embeddable":true,"href":"https:\/\/www.kultursidan.nu\/index.php?rest_route=%2Fwp%2Fv2%2Fcategories&post=13915"},{"taxonomy":"post_tag","embeddable":true,"href":"https:\/\/www.kultursidan.nu\/index.php?rest_route=%2Fwp%2Fv2%2Ftags&post=13915"}],"curies":[{"name":"wp","href":"https:\/\/api.w.org\/{rel}","templated":true}]}}