{"id":13924,"date":"2014-02-16T13:12:06","date_gmt":"2014-02-16T12:12:06","guid":{"rendered":"https:\/\/intelligent-friend-7861.standoutwp.com\/?p=13924"},"modified":"2014-02-24T12:23:41","modified_gmt":"2014-02-24T11:23:41","slug":"flygande-start-for-alla-hjartans-dag-show","status":"publish","type":"post","link":"https:\/\/www.kultursidan.nu\/?p=13924","title":{"rendered":"Flygande start f\u00f6r Alla Hj\u00e4rtans Dag-show"},"content":{"rendered":"<p><iframe loading=\"lazy\" src=\"https:\/\/www.flickr.com\/photos\/kultursidan\/12560982845\/player\/b5229e4f94\" height=\"362\" width=\"500\"  frameborder=\"0\" allowfullscreen webkitallowfullscreen mozallowfullscreen oallowfullscreen msallowfullscreen><\/iframe><\/p>\n<p><em>\u00a0Sprakande. Film- och musikgymnasiets Alla hj\u00e4rtans dag-show uppskattades stort av publiken. Fr\u00e5n start till landning.<br \/>\n<\/em><\/p>\n<p>&nbsp;<\/p>\n<h1><span style=\"color: #ff0000;\">Jakten p\u00e5 smycket Havets hj\u00e4rta en r\u00f6d tr\u00e5d&#8230;<\/span><\/h1>\n<p>&nbsp;<\/p>\n<p><b>Br\u00e5vikssalen p\u00e5 Elite Grand Hotel \u00e4r full av f\u00f6rv\u00e4ntansfulla f\u00f6r\u00e4ldrar, syskon, sl\u00e4ktingar och v\u00e4nner.<\/b> L\u00e5ngbord st\u00e5r uppdukade med levande ljus och vita dukar. Ist\u00e4llet f\u00f6r den sedvanliga musikalupps\u00e4ttningen har de f\u00f6rsta avg\u00e5ngseleverna p\u00e5 inriktningen Scen och artist valt att g\u00f6ra en krogshow.<\/p>\n<p>Kv\u00e4llens uppl\u00e4gg presenteras rappt i b\u00e4sta flygplansstil \u2013 b\u00e5de den v\u00e4lmodulerade r\u00f6sten och de \u00f6vertydliga handr\u00f6relserna finns med. F\u00f6rr\u00e4ttens serveras och f\u00f6rsta akten drar ig\u00e5ng. Ingen scenografi p\u00e5 scenen men ett stort r\u00f6tt hj\u00e4rta projiceras i fonden och kv\u00e4llens f\u00f6rsta tema \u00e4r givet \u2013 k\u00e4rlek.<\/p>\n<p>&nbsp;<\/p>\n<p><iframe loading=\"lazy\" src=\"https:\/\/www.flickr.com\/photos\/kultursidan\/12561094903\/player\/ee65156710\" height=\"240\" width=\"400\" allowfullscreen=\"\" frameborder=\"0\"><\/iframe><br \/>\n<em>Erbjudande. Oskar St\u00e9en uppvaktar mer \u00e4n en under kv\u00e4llens lopp.<\/em><\/p>\n<p>&nbsp;<\/p>\n<p><b>Josefin Holst och Oskar St\u00e9en g\u00f6r en duett d\u00e4r b\u00e5de nya och \u00e4ldre k\u00e4rlekss\u00e5nger blandas.<\/b> Textraderna har valts ut s\u00e5 att de tillsammans ber\u00e4ttar en historia \u2013 snyggt gjort. Oskar St\u00e9en, enda killen p\u00e5 scen under kv\u00e4llen, sjunger tons\u00e4kert och har en fin musikalr\u00f6st. Josefin Holst imponerar med b\u00e5de r\u00f6st och inlevelse, inte minst lite l\u00e4ngre in i akten n\u00e4r hon g\u00f6r Whitney Houston-l\u00e5ten <i>I Will Always Love You<\/i>. En annan stark insats g\u00f6r Anna Carlsson n\u00e4r hon a capella drar av discol\u00e5ten <i>I Will Survive<\/i> i sin h\u00f6gst personliga tolkning.<\/p>\n<p>F\u00f6rsta akten avslutas med Whams <i>Wake Me Up Before You Go-Go<\/i> med hela ensemblen p\u00e5 scenen. Varmr\u00e4tten serveras och artisterna f\u00e5r ta lite paus.<\/p>\n<p><b>Andra aktens filmtema inleds med <i>My Heart Will Go On<\/i> fr\u00e5n <i>Titanic<\/i> med Cecilia Henriksson<i>.<\/i><\/b><i> <\/i>Jakten p\u00e5 smycket Havets hj\u00e4rta \u00e4r en l\u00f6s r\u00f6d tr\u00e5d som l\u00f6per genom akten. Ethan Hunt fr\u00e5n <i>Misson Impossible<\/i> och James Bond i flera olika upplagor kallas in. Ett nummer som bryter av \u00e4r <i>Cup Song<\/i> med Sara P Martinsson och Karin Jansson. Fin harmoni i st\u00e4ms\u00e5ngen och snyggt ackompanjemang med handtrummande och slag med koppar.<\/p>\n<p>Dansen st\u00e5r i fokus och finalen blir ett danspotpurri till flera v\u00e4lk\u00e4nda filmteman som <i>Star Wars<\/i>, <i>Batman, Harry Potter, Indiana Jones <\/i>och<i> Pirates of the Caribbean<\/i>.<\/p>\n<p>&nbsp;<\/p>\n<p><iframe loading=\"lazy\" src=\"https:\/\/www.flickr.com\/photos\/kultursidan\/12560982075\/player\/c6174f328c\" height=\"320\" width=\"213\" allowfullscreen=\"\" frameborder=\"0\"><\/iframe><br \/>\n<em> Omsv\u00e4rmad. Hanna Colllin f\u00e5r som hon vill i H\u00e5ll om mig.<\/em><\/p>\n<p>&nbsp;<\/p>\n<p><b>Till efterr\u00e4tten f\u00e5r vi b\u00e5de schlagerstj\u00e4rnor och schlagerd\u00e4ngor.<\/b> Det serveras pasta till Lasse Holm-l\u00e5ten <i>Cannelloni Macaroni<\/i> och <i>En tuff brud i lyxf\u00f6rpackning<\/i> g\u00f6r entr\u00e9 i Amanda Salomonsson Bostr\u00f6ms guldfodralsskepnad. Kicki, Bettan och Lotta dansar f\u00f6rbi, och Carola tycker om Tommy. Hanna Collin g\u00f6r en sprallig och energisk version av Nanne Gr\u00f6nwalls <i>H\u00e5ll om mig<\/i>.<\/p>\n<p>Tempot lugnas ned och st\u00e4mningen f\u00f6rt\u00e4tas n\u00e4r Anna Carlsson och Sara P Martinsson g\u00f6r en finst\u00e4md duett av Sarek-l\u00e5ten <i>Genom eld och vatten<\/i>. Tempot pumpas upp igen n\u00e4r kv\u00e4llen avslutas med <i>Kom och ta mig<\/i> och <i>Come on and dance<\/i> i sk\u00f6n f\u00f6rening.<\/p>\n<p><b>L\u00e4rarna Lasse Petersson och David Richardsson har f\u00f6rtj\u00e4nstfullt kompat till flera l\u00e5tar under kv\u00e4llen.<\/b> I \u00f6vrigt \u00e4r det eleverna sj\u00e4lva som st\u00e5r f\u00f6r allt arbete med krogshowen. Gl\u00e4djen \u00e4r stor n\u00e4r de tar emot slutappl\u00e5derna. Och de kan k\u00e4nna sig stolta \u2013 b\u00e5de resan och landningen har g\u00e5tt utm\u00e4rkt \u2013 f\u00f6r att \u00e5terknyta till flygplansmetaforen i b\u00f6rjan.<\/p>\n<p><i>Text: Felicia Eriksson<br \/>\nFoto: Simon Mortensen<\/i><\/p>\n<blockquote>\n<h3><em>ELITE GRAND HOTEL Norrk\u00f6ping<\/em><\/h3>\n<p>14-15 februari 2014<em><br \/>\n<b>Alla Hj\u00e4rtans Dag-show<br \/>\n<\/b>Film- och Musikgymnasiet<\/em><\/p>\n<p style=\"padding-left: 30px;\"><em>Manus, regi, koreografi, scenografi, kostym, medverkande:<\/em><br \/>\n<em> Eleverna i avg\u00e5ngsklass Scen och artist<\/em><\/p>\n<\/blockquote>\n<p>L\u00c4NKAR<br \/>\nFilm- och Musikgymnasiet <a title=\"Film- och musikgymnasiet\" href=\"http:\/\/www.filmomusikgymnasiet.se\" target=\"_blank\">hemsida<\/a><br \/>\nAlla hj\u00e4rtans dag-show visar nya FMG\u00a0<a title=\"Alla hj\u00e4rtans dag-show visar nya FMG\" href=\"https:\/\/www.kultursidan.nu\/?p=13882\" target=\"_blank\">reportage<\/a> Kultursidan.nu 12\/2 2014<br \/>\nFLER BILDER FR\u00c5N KONSERTEN \u2013 KLICKA<\/p>\n<p>[flickr-gallery mode=&#8221;photoset&#8221; photoset=&#8221;72157641056438623&#8243;]<\/p>\n","protected":false},"excerpt":{"rendered":"<p>NORRK\u00d6PING Levande ljus och vita dukar. K\u00e4rlek, film och schlager var temat n\u00e4r Film- och musikgymnasiet bj\u00f6d p\u00e5 krogshow p\u00e5 Alla Hj\u00e4rtans Dag. Avg\u00e5ngseleverna fr\u00e5n inriktningen Scen och artist tog med publiken p\u00e5 en musikalisk resa med sk\u00f6na st\u00e4mningar. <a class=\"continue-reading-link\" href=\"https:\/\/www.kultursidan.nu\/?p=13924\">L\u00e4s mer <span class=\"meta-nav\">&rarr; <\/span><\/a><\/p>\n","protected":false},"author":1001006,"featured_media":0,"comment_status":"closed","ping_status":"open","sticky":false,"template":"","format":"standard","meta":{"_jetpack_memberships_contains_paid_content":false,"footnotes":""},"categories":[7],"tags":[13,42],"class_list":["post-13924","post","type-post","status-publish","format-standard","hentry","category-norrkoping","tag-musik","tag-show"],"jetpack_featured_media_url":"","jetpack_sharing_enabled":true,"_links":{"self":[{"href":"https:\/\/www.kultursidan.nu\/index.php?rest_route=\/wp\/v2\/posts\/13924","targetHints":{"allow":["GET"]}}],"collection":[{"href":"https:\/\/www.kultursidan.nu\/index.php?rest_route=\/wp\/v2\/posts"}],"about":[{"href":"https:\/\/www.kultursidan.nu\/index.php?rest_route=\/wp\/v2\/types\/post"}],"author":[{"embeddable":true,"href":"https:\/\/www.kultursidan.nu\/index.php?rest_route=\/wp\/v2\/users\/1001006"}],"replies":[{"embeddable":true,"href":"https:\/\/www.kultursidan.nu\/index.php?rest_route=%2Fwp%2Fv2%2Fcomments&post=13924"}],"version-history":[{"count":0,"href":"https:\/\/www.kultursidan.nu\/index.php?rest_route=\/wp\/v2\/posts\/13924\/revisions"}],"wp:attachment":[{"href":"https:\/\/www.kultursidan.nu\/index.php?rest_route=%2Fwp%2Fv2%2Fmedia&parent=13924"}],"wp:term":[{"taxonomy":"category","embeddable":true,"href":"https:\/\/www.kultursidan.nu\/index.php?rest_route=%2Fwp%2Fv2%2Fcategories&post=13924"},{"taxonomy":"post_tag","embeddable":true,"href":"https:\/\/www.kultursidan.nu\/index.php?rest_route=%2Fwp%2Fv2%2Ftags&post=13924"}],"curies":[{"name":"wp","href":"https:\/\/api.w.org\/{rel}","templated":true}]}}