{"id":13958,"date":"2014-02-19T15:40:19","date_gmt":"2014-02-19T14:40:19","guid":{"rendered":"https:\/\/intelligent-friend-7861.standoutwp.com\/?p=13958"},"modified":"2014-03-22T11:09:48","modified_gmt":"2014-03-22T10:09:48","slug":"arbis-rojer-rent-pa-skandiateatern","status":"publish","type":"post","link":"https:\/\/www.kultursidan.nu\/?p=13958","title":{"rendered":"Arbis r\u00f6jer Rent p\u00e5 Skandiateatern"},"content":{"rendered":"<p><iframe loading=\"lazy\" src=\"https:\/\/www.flickr.com\/photos\/kultursidan\/12617740475\/player\/c1e2d6eb59\" height=\"333\" width=\"500\" allowfullscreen=\"\" frameborder=\"0\"><\/iframe><\/p>\n<p><i>New York. Skandiateatern. Plats f\u00f6r Rent. <\/i><\/p>\n<p>&nbsp;<\/p>\n<h1><span style=\"color: #ff0000;\">&#8221;Det \u00e4r ett kaos just nu&#8221;<\/span><\/h1>\n<p>&nbsp;<\/p>\n<p><b>Efter h\u00f6stens och vinterns repetitioner n\u00e4rmar sig musikalen <i>Rent<\/i> premi\u00e4r.<\/b> I rivnings- och byggkaoset p\u00e5 Skandiateatern st\u00e5r regiss\u00f6ren Johan Pettersson. Visionerna som \u00e4r s\u00e5 klara f\u00f6r honom b\u00f6rjar bli verklighet ocks\u00e5 f\u00f6r \u00f6vriga inblandade.<\/p>\n<p>Rockmusikalen<i> Rent<\/i> \u00e4r en uppdaterad <i>La Boh\u00e8me<\/i>, sjukdomen \u00e4r inte l\u00e4ngre tuberkolos utan HIV som h\u00e4r drabbar fler \u00e4n Mimi.<\/p>\n<p>\u2013 Vi har rivit tillbaka till 1940-talet, s\u00e4ger regiss\u00f6ren Johan Pettersson under en snabb guidning av scen och salong. Vi har i stort sett tagit bort allt som Chopp event byggde till, balkongen p\u00e5 sidan, och det mesta av scenen.<\/p>\n<p>&nbsp;<\/p>\n<p><iframe loading=\"lazy\" src=\"https:\/\/www.flickr.com\/photos\/kultursidan\/12618162334\/player\/34a3af887b\" height=\"213\" width=\"320\" allowfullscreen=\"\" frameborder=\"0\"><\/iframe><br \/>\n<em> I str\u00e5lkastarljuset. Regiss\u00f6ren Johan Pettersson.<\/em><\/p>\n<p>&nbsp;<\/p>\n<p><b>Rummet b\u00e4r syn f\u00f6r s\u00e4gen, det ligger rivningsvirke d\u00e4r publiken satt vid bord under l\u00e4ktaren f\u00f6r inte s\u00e5 l\u00e4nge sedan.<\/b> Den f\u00f6rl\u00e4ngda balkongen \u00e4r ett minne blott och kvar \u00e4r ett h\u00e5l genom l\u00e4ktarsargen. I ruinerna v\u00e4xer det nya fram, scenografin visar ett rum p\u00e5 ena sidan, p\u00e5 den andra ska orkestern sitta innanf\u00f6r en husfasad, som \u00e4nnu inte \u00e4r byggd. Johan Pettersson visar en skiss ritat med kulspetspetspenna p\u00e5 ett enkelt A4-papper.<\/p>\n<p>\u2013 Scenbygget kom ig\u00e5ng h\u00e4romdagen, det \u00e4r ett kaos just nu. Men f\u00f6r mig som har helheten i huvudet \u00e4r allt s\u00e5 klart, det \u00e4r konstigt att det inte \u00e4r s\u00e5 f\u00f6r alla andra.<\/p>\n<p>Arbis Nytta &amp; N\u00f6je producerar f\u00f6rest\u00e4llningen som f\u00e5tt bidrag fr\u00e5n kommunens Kultur- och fritidsn\u00e4mnd. Det g\u00f6r att de kan betala hyran.<\/p>\n<p>&nbsp;<\/p>\n<p><iframe loading=\"lazy\" src=\"https:\/\/www.flickr.com\/photos\/kultursidan\/12617859063\/player\/79a1703dca\" height=\"240\" width=\"400\" allowfullscreen=\"\" frameborder=\"0\"><\/iframe><br \/>\n<em> V\u00e4nnerna. Roger och Mark spelas av Olle Petersson och Daniel Ivarsson.\u00a0<\/em><\/p>\n<p>&nbsp;<\/p>\n<p><b>Omkring 35 personer \u00e4r med i projektet, alla deltar p\u00e5 ideell basis.<\/b> M\u00e5nga kommer fr\u00e5n <i>Tivolisaga<\/i>, som Johan Pettersson och Johan Christer Sch\u00fctz satte upp i somras. Bland huvudrollsinnehavarna m\u00e4rks Olle Petersson och Linnea K\u00e4llstr\u00f6m fr\u00e5n <i>Tivolisaga<\/i>, h\u00e4r och nu spelar han Roger medan Linnea delar rollen som Mimi med Felicia Utter.<\/p>\n<p>Allteftersom ensemblen b\u00f6rjar samlas inf\u00f6r den sena eftermiddagens repetition ser jag m\u00e5nga v\u00e4lk\u00e4nda ansikten i alla \u00e5ldrar.\u00a0 Men ocks\u00e5 n\u00e5gra nya.<\/p>\n<p><b>Daniel Ivarson spelar dokument\u00e4rfilmaren Mark, en av huvudpersonerna.<\/b> Det var hans bror som tipsade om Rent och fick iv\u00e4g Daniel p\u00e5 audition.<\/p>\n<p>\u2013 Jag gick musikklass men f\u00f6rs\u00f6kte bli golfproffs sedan. Nu ansvarar jag f\u00f6r marknadsf\u00f6ringen f\u00f6r en golfklubb, s\u00e4ger Daniel Ivarsson.<\/p>\n<p>&nbsp;<\/p>\n<p><iframe loading=\"lazy\" src=\"https:\/\/www.flickr.com\/photos\/kultursidan\/12617864333\/player\/f43c023d52\" height=\"240\" width=\"400\" allowfullscreen=\"\" frameborder=\"0\"><\/iframe><br \/>\n<em> Uppsjungning. Ensemblen st\u00e5r p\u00e5 scenen, eller p\u00e5 golvet nedanf\u00f6r.<\/em><\/p>\n<p>&nbsp;<\/p>\n<p><strong>Marina Kosyreva finns p\u00e5 plats tack vare kompisen Elin\u00a0G\u00e5rdfalk.<\/strong> Marina spelar pundare, hon sjunger och dansar.<\/p>\n<p>\u2013 Jag fick visa upp mig p\u00e5 audition. Det h\u00e4r \u00e4r j\u00e4ttekul och jag vill forts\u00e4tta, jag hittar dolda talanger jag inte visste att jag hade. Jag kan sjunga och dansa och de s\u00e4ger att jag \u00e4r bra.<\/p>\n<p><b>Dags f\u00f6r uppsjungning under ledning av Emil Sandung. <\/b>Ensemblen samlas p\u00e5 scenen, den upph\u00f6jda \u00f6ppna delen. Tungrullningar och skalor upp\u00e5t och ned\u00e5t. Medan Johan Pettersson b\u00e4r in en vit likkista tillsammans med musikansvarige Johan Christer Sch\u00fctz, J.C. kallad.<\/p>\n<p>Det \u00e4r J.C. som i sin egenskap av kapellm\u00e4stare ska leda orkestern innanf\u00f6r den \u00e4nnu obyggda husfasaden. Det \u00e4r ett stort framsteg att musikalen spelas med livemusik i st\u00e4llet f\u00f6r med f\u00f6rinspelad musik som det var i Tivolisaga i somras.<\/p>\n<p>\u2013 Jag har \u00e4ndrat en del i vissa l\u00e5tar, det ska l\u00e5ta mer \u00e4kta och riktigt, s\u00e4ger han och lyfter fram hur roligt det \u00e4r att jobba tillsammans, se produktionen v\u00e4xa fram.<\/p>\n<p>&nbsp;<\/p>\n<p><iframe loading=\"lazy\" src=\"https:\/\/www.flickr.com\/photos\/kultursidan\/12617739245\/player\/acd6eb4b80\" height=\"213\" width=\"320\" allowfullscreen=\"\" frameborder=\"0\"><\/iframe><br \/>\n<em> J.C. Sch\u00fctz och Johan Pettersson b\u00e4r rekvisita.<\/em><\/p>\n<p>&nbsp;<\/p>\n<p><b>Ljuddesignern Micaela \u201dMucken\u201d Petersson beh\u00f6ver inte heller sjunga upp.<\/b> Hon har arbetat med teknik, b\u00e5de ljud och ljus, sedan 2008 p\u00e5 Arbis, som numera heter Bredgatan 54. Nu jobbar hon dubbelt, b\u00e5de h\u00e4r och d\u00e4r.<\/p>\n<p>\u2013 Det \u00e4r ash\u00e4ftigt att b\u00f6rja om fr\u00e5n b\u00f6rjan. H\u00e4r m\u00e5ste vi komma p\u00e5 nya s\u00e4tt att h\u00e4nga, att s\u00e4tta ljus och fixa ljud, s\u00e4ger \u201dMucken\u201d.<\/p>\n<p>\u2013 Att ljuds\u00e4tta s\u00e5 de f\u00e5r medh\u00f6rning \u00e4r ganska enkelt, forts\u00e4tter hon. Utmaningen h\u00e4r \u00e4r att ensemblen kommer att r\u00f6ra sig i hela lokalen. Den kan komma att sitta framf\u00f6r h\u00f6gtalarna s\u00e5 att det riskerar att bli rundg\u00e5ng. Det kommer en som Operan som ska hj\u00e4lpa till, som vet vad f\u00f6r slags utrustning som beh\u00f6vs.<\/p>\n<p><b>\u2013 Okej! D\u00e5 g\u00f6mmer vi oss. <\/b>Johan Pettersson signalerar att f\u00f6rberedelserna \u00e4r klara f\u00f6r upps\u00e4ttningens allra f\u00f6rsta genomdrag.<b><br \/>\n\u2013 <\/b>S\u00e5 k\u00f6r vi!<\/p>\n<p><i>Text: Ann-Charlotte Sandelin<br \/>\n<\/i><em>Foto: Foto-Kenny Nilsson<\/em><\/p>\n<blockquote>\n<h3><em>SKANDIATEATERN Norrk\u00f6ping<\/em><\/h3>\n<p>2 mars 2014 premi\u00e4r<em><br \/>\n<b>Rent<br \/>\n<\/b>Rockmusikal av Jonathan Larson<\/em><\/p>\n<p style=\"padding-left: 30px;\"><em>Regi: Johan Pettersson<\/em><br \/>\n<em> Kapellm\u00e4stare: Johan Christer Sch\u00fctz<\/em><br \/>\n<em> Koreografi: Elin Hultberg<\/em><br \/>\n<em> Prod: Arbis Nytta &amp; N\u00f6je<\/em><\/p>\n<\/blockquote>\n<p>L\u00c4NKAR<br \/>\nRent <a title=\"Facebook\" href=\"https:\/\/www.facebook.com\/RENTNKPG?ref=ts&amp;fref=ts \" target=\"_blank\">Facebook <\/a><br \/>\nTivolisaga uppfyller m\u00e5nga dr\u00f6mmar <a title=\"Tivolisaga uppfyller m\u00e5nga dr\u00f6mmar\" href=\"https:\/\/www.kultursidan.nu\/?p=11938\" target=\"_blank\">recension<\/a> Kultursidan.nu 27\/8 2013<br \/>\nRent t\u00e4nder ett gnistrande ljus i m\u00f6rkret <a title=\"Rent t\u00e4nder ett gnistrande ljus i m\u00f6rkret (recension)\" href=\"https:\/\/www.kultursidan.nu\/?p=14189\" target=\"_blank\">recension<\/a> Kultursidan.nu 3\/3 2014<br \/>\nFLER BILDER FR\u00c5N REPETITIONEN \u2013 KLICKA<\/p>\n<p>[flickr-gallery mode=&#8221;photoset&#8221; photoset=&#8221;72157641175202623&#8243;]<\/p>\n","protected":false},"excerpt":{"rendered":"<p>NORRK\u00d6PING Genomdrag. H\u00f6stens och vinterns repetitioner p\u00e5 musikalen Rent n\u00e4rmar sig premi\u00e4r. I rivnings- och byggkaoset p\u00e5 Skandiateatern st\u00e5r regiss\u00f6ren Johan Pettersson. Visionerna som \u00e4r s\u00e5 klara f\u00f6r honom b\u00f6rjar bli verklighet ocks\u00e5 f\u00f6r \u00f6vriga inblandade. <a class=\"continue-reading-link\" href=\"https:\/\/www.kultursidan.nu\/?p=13958\">L\u00e4s mer <span class=\"meta-nav\">&rarr; <\/span><\/a><\/p>\n","protected":false},"author":1001006,"featured_media":0,"comment_status":"closed","ping_status":"open","sticky":false,"template":"","format":"standard","meta":{"_jetpack_memberships_contains_paid_content":false,"footnotes":""},"categories":[7],"tags":[31],"class_list":["post-13958","post","type-post","status-publish","format-standard","hentry","category-norrkoping","tag-musikal"],"jetpack_featured_media_url":"","jetpack_sharing_enabled":true,"_links":{"self":[{"href":"https:\/\/www.kultursidan.nu\/index.php?rest_route=\/wp\/v2\/posts\/13958","targetHints":{"allow":["GET"]}}],"collection":[{"href":"https:\/\/www.kultursidan.nu\/index.php?rest_route=\/wp\/v2\/posts"}],"about":[{"href":"https:\/\/www.kultursidan.nu\/index.php?rest_route=\/wp\/v2\/types\/post"}],"author":[{"embeddable":true,"href":"https:\/\/www.kultursidan.nu\/index.php?rest_route=\/wp\/v2\/users\/1001006"}],"replies":[{"embeddable":true,"href":"https:\/\/www.kultursidan.nu\/index.php?rest_route=%2Fwp%2Fv2%2Fcomments&post=13958"}],"version-history":[{"count":0,"href":"https:\/\/www.kultursidan.nu\/index.php?rest_route=\/wp\/v2\/posts\/13958\/revisions"}],"wp:attachment":[{"href":"https:\/\/www.kultursidan.nu\/index.php?rest_route=%2Fwp%2Fv2%2Fmedia&parent=13958"}],"wp:term":[{"taxonomy":"category","embeddable":true,"href":"https:\/\/www.kultursidan.nu\/index.php?rest_route=%2Fwp%2Fv2%2Fcategories&post=13958"},{"taxonomy":"post_tag","embeddable":true,"href":"https:\/\/www.kultursidan.nu\/index.php?rest_route=%2Fwp%2Fv2%2Ftags&post=13958"}],"curies":[{"name":"wp","href":"https:\/\/api.w.org\/{rel}","templated":true}]}}