{"id":13996,"date":"2014-02-21T14:34:45","date_gmt":"2014-02-21T13:34:45","guid":{"rendered":"https:\/\/intelligent-friend-7861.standoutwp.com\/?p=13996"},"modified":"2014-03-09T19:52:45","modified_gmt":"2014-03-09T18:52:45","slug":"ewk-museet-hanger-om-och-fornyar","status":"publish","type":"post","link":"https:\/\/www.kultursidan.nu\/?p=13996","title":{"rendered":"EWK-museet h\u00e4nger om och f\u00f6rnyar"},"content":{"rendered":"<p><iframe loading=\"lazy\" src=\"https:\/\/www.flickr.com\/photos\/kultursidan\/12674457284\/player\/4ebcc3face\" height=\"332\" width=\"500\"  frameborder=\"0\" allowfullscreen webkitallowfullscreen mozallowfullscreen oallowfullscreen msallowfullscreen><\/iframe><\/p>\n<p><i>Carina Milde h\u00e4nger om. Under v\u00e5ren h\u00e4nger 12 bilder p\u00e5 temat <i>Vems r\u00f6st h\u00f6rs egentligen i det offentliga rummet? i det yttre galleriet.<\/i><br \/>\n<\/i><\/p>\n<p>&nbsp;<\/p>\n<h1><span style=\"color: #ff0000;\">&#8230;om avst\u00e5ndet mellan folket och de folkvalda<\/span><\/h1>\n<p>&nbsp;<\/p>\n<p><b>N\u00e4r EWK gisslade skeenden i sin tid ritade han bilder vars sk\u00e4rpa kan vara lika vass \u00e4n i dag.<\/b> F\u00f6r f\u00f6rsta g\u00e5ngen sedan EWK-museet startade i Arbetets Museum 2009 har bilderna i det allra heligaste, det inre galleriet, bytts ut.<\/p>\n<p>I det rummet visas bilder som har en annan innerlighet \u00e4n den humoristiska satir som fick EWK att framkalla ett leende hos de som s\u00e5g hans bilder. d\u00e4r h\u00e4nger <em>Moder Jord<\/em> som vi sett f\u00f6rr i samma rum. N\u00e4stan.<\/p>\n<p>\u2013 Det \u00e4r en annan version av <em>Moder Jord<\/em> vi h\u00e4ngt. Ett senare original, p\u00e5pekar Carina Milde.<\/p>\n<p><strong>Det \u00e4r fem nya bilder.<\/strong> F\u00f6rutom <em>Moder Jord<\/em> ser man <em>Tr\u00e4det \u2013 och f\u00e5gellivet \u00e4r sig inte heller likt<\/em> (1992) som skildrar ett kalhygge. De andra skildrar milj\u00f6fr\u00e5gor och en mer ovanlig vinkel p\u00e5 Capitoleum, USA:s maktcentrum. Vid n\u00e4rmare betraktande s\u00e5 k\u00e4nns flera av dem som gamla bekanta, s\u00e5dana man sett i tidigare utst\u00e4llningar p\u00e5 EWK-museet. Som skildringen av det svenska folkhemmet invid en ankdamm.<\/p>\n<p>\u2013 Valet har kommit av att vi sett att vissa bilder \u00e5terkommit i v\u00e5r verksamhet under de h\u00e4r fem f\u00f6rsta \u00e5ren., f\u00f6rklarar Carina Milde.<\/p>\n<p>&nbsp;<\/p>\n<p><iframe loading=\"lazy\" src=\"https:\/\/www.flickr.com\/photos\/kultursidan\/12674457544\/player\/8bb2dec4ce\" height=\"240\" width=\"400\" allowfullscreen=\"\" frameborder=\"0\"><\/iframe><br \/>\n<em> Flykting, 1987, visas i bildspelet som rullar i det inre galleriet.<\/em><\/p>\n<p>&nbsp;<\/p>\n<p><b>F\u00f6r\u00e4ndringen har gjorts f\u00f6r att koppla EWK-utst\u00e4llningen till Arbetets Museums stora satsning <i>Framtidsland<\/i> som premi\u00e4rvisas senare i v\u00e5r.<\/b> Den utst\u00e4llningen kommer att handla om arbete och vardag i ett h\u00e5llbart samh\u00e4lle. Inte bara milj\u00f6 och natur utan \u00e4ven hur m\u00e4nniskor bem\u00f6ter varandra i framtiden.<\/p>\n<p>Galleriet \u00e4r m\u00f6rklagt f\u00f6r att skydda de k\u00e4nsliga originalen som framtr\u00e4der i sparsamt ljus. D\u00e4r visas ocks\u00e5 m\u00e5nga fler i ett bildspel inne i galleriet.<\/p>\n<p><b>Tolv nya bilder h\u00e4nger i det yttre galleriet, under temat <i>Vems r\u00f6st h\u00f6rs egentligen i det offentliga rummet?<br \/>\n<\/i><\/b>\u2013 Jag har s\u00f6kt efter bilder d\u00e4r EWK problematiserar kring sp\u00e4nningen mellan folket och de folkvalda, det \u00e4r ju val i \u00e5r. Bilderna knyter ocks\u00e5 an till v\u00e5r temautst\u00e4llning <i>Megafon<\/i>, som tar upp graffittikonsten i Norrk\u00f6ping, s\u00e4ger Carina Milde, EWK-museets intendent.<\/p>\n<p>En del bilder f\u00e5ngar dagens debatt p\u00e5 pricken \u2013 med EWK:s starka medk\u00e4nsla med dem som drabbas. <em>Sweden AB<\/em> med l\u00e5ng arbetsl\u00f6shetsk\u00f6 utanf\u00f6r den st\u00e4ngda d\u00f6rren k\u00e4nns \u00e4nnu mer aktuell nu \u00e4n 1982 d\u00e5 den ritades. Medan <em>Studentrevolt<\/em> fr\u00e5n 1969 med stadiga poliser med h\u00f6jda batonger mer k\u00e4nns som kommentarer till h\u00e4ndelser utanf\u00f6r v\u00e5rt rikes gr\u00e4nser. Om nu inte Carina Mildes k\u00e4nda fingertoppsk\u00e4nsla f\u00e5ngat det bubblande motst\u00e5ndet mot f\u00f6rslaget p\u00e5 s\u00e4nkta studiebidrag.<\/p>\n<p>&nbsp;<\/p>\n<p><iframe loading=\"lazy\" src=\"https:\/\/www.flickr.com\/photos\/kultursidan\/12673978755\/player\/72bcaafb6f\" height=\"240\" width=\"400\" allowfullscreen=\"\" frameborder=\"0\"><\/iframe><br \/>\n<em> Sveriges riksdag fr\u00e5n 1992 ing\u00e5r i den nya temautst\u00e4llningen.<\/em><\/p>\n<p>&nbsp;<\/p>\n<p><b>\u2013 Jag kan inte g\u00e5 igenom samlingarna utan att sv\u00e4ra h\u00f6gt och jubla f\u00f6r att han \u00e4r s\u00e5 fruktansv\u00e4rt briljant,<\/b> sade Carina Milde i en intervju med P4 \u00d6sterg\u00f6tland p\u00e5 torsdagsmorgonen.<\/p>\n<p>Det finns all anledning att se EWK:s teckningar p\u00e5 Arbetets museum. I arkivet finns cirka 2.300 bilder. Trots att de har n\u00e5gra \u00e5r p\u00e5 nacken s\u00e5 \u00e4r de i v\u00e4ldigt m\u00e5nga fall aktuella \u00e4ven i dag.<\/p>\n<p>\u2013 Hur man \u00e4n v\u00e4nder och vrider p\u00e5 det s\u00e5 har vi m\u00e4nniskor en tendens att upprepa oss\u00a0 genom historien, sade Carina Milde och tillade n\u00e5got senare i programmet: Vilken politisk fr\u00e5ga det \u00e4n \u00e4r s\u00e5 finns han d\u00e4r.<\/p>\n<p>&nbsp;<\/p>\n<p><iframe loading=\"lazy\" src=\"https:\/\/www.flickr.com\/photos\/kultursidan\/12673977525\/player\/054ab24571\" height=\"240\" width=\"400\" allowfullscreen=\"\" frameborder=\"0\"><\/iframe><br \/>\n<em> \u00c4ldreomsorg fr\u00e5n 1979. EWK:s kommentar.<\/em><\/p>\n<p>&nbsp;<\/p>\n<p><b>Utst\u00e4llningen <i>Vems r\u00f6st h\u00f6rs egentligen i det offentliga rummet? <\/i>h\u00e4nger i det yttre galleriet fram till i juni.<\/b> Under sommaren kommer EWK-museet att visa helt andra bilder av EWK: portr\u00e4tt av d\u00e5 aktuella poeter, knutna till landsbygden och jordbruket, som publicerades i tidskriften <i>Perspektiv<\/i>.<\/p>\n<p><i>Text: Sven \u00c5ke Molund och Ann-Charlotte Sandelin<br \/>\nFoto: Sven \u00c5ke Molund<\/i><\/p>\n<blockquote>\n<h3><em>EWK-MUSEET, ARBETETS MUSEUM Norrk\u00f6ping<\/em><\/h3>\n<p>22 februari \u2013 juni 2014<em><br \/>\n<b>Vems r\u00f6st h\u00f6rs egentligen i det offentliga rummet?<br \/>\n<\/b>Bilder av EWK<\/em><br \/>\n<em> \u00c4ven utbyte av bilder i det inre galleriet har gjorts<\/em><\/p><\/blockquote>\n<p>L\u00c4NKAR<br \/>\nEWK-museet, Arbetets museum <a title=\"Arbetets museum\" href=\"http:\/\/www.arbetetsmuseum.se\" target=\"_blank\">hemsida<\/a><br \/>\nEn Megafon f\u00f6r graffiti hos EWK <a title=\"En Megafon f\u00f6r graffiti hos EWK\" href=\"https:\/\/www.kultursidan.nu\/?p=13052\" target=\"_blank\">reportage<\/a> Kultursidan.nu 15\/11 2013<br \/>\nCarina Mildes tre f\u00f6rsta \u00e5r med EWK <a title=\"Carina Mildes tre f\u00f6rsta \u00e5r med EWK\" href=\"https:\/\/www.kultursidan.nu\/?p=2800\" target=\"_blank\">reportage<\/a> Kultursidan.nu 1\/11 2011<br \/>\nFLER BILDER FR\u00c5N EWK-MUSEET \u2013 KLICKA<\/p>\n<p>[flickr-gallery mode=&#8221;photoset&#8221; photoset=&#8221;72157641305214284&#8243;]<\/p>\n","protected":false},"excerpt":{"rendered":"<p>NORRK\u00d6PING H\u00e5llbar. N\u00e4r EWK gisslade skeenden i sin tid ritade han bilder vars sk\u00e4rpa \u00e4r lika vass \u00e4n i dag. Fem \u00e5r efter starten har intendenten Carina Milde f\u00f6rnyat urvalet i det innersta galleriet. Det yttre galleriet tar upp avst\u00e5ndet mellan folket och de folkvalda. <a class=\"continue-reading-link\" href=\"https:\/\/www.kultursidan.nu\/?p=13996\">L\u00e4s mer <span class=\"meta-nav\">&rarr; <\/span><\/a><\/p>\n","protected":false},"author":1001006,"featured_media":0,"comment_status":"closed","ping_status":"open","sticky":false,"template":"","format":"standard","meta":{"_jetpack_memberships_contains_paid_content":false,"footnotes":""},"categories":[7],"tags":[43,47],"class_list":["post-13996","post","type-post","status-publish","format-standard","hentry","category-norrkoping","tag-satir","tag-utstallning"],"jetpack_featured_media_url":"","jetpack_sharing_enabled":true,"_links":{"self":[{"href":"https:\/\/www.kultursidan.nu\/index.php?rest_route=\/wp\/v2\/posts\/13996","targetHints":{"allow":["GET"]}}],"collection":[{"href":"https:\/\/www.kultursidan.nu\/index.php?rest_route=\/wp\/v2\/posts"}],"about":[{"href":"https:\/\/www.kultursidan.nu\/index.php?rest_route=\/wp\/v2\/types\/post"}],"author":[{"embeddable":true,"href":"https:\/\/www.kultursidan.nu\/index.php?rest_route=\/wp\/v2\/users\/1001006"}],"replies":[{"embeddable":true,"href":"https:\/\/www.kultursidan.nu\/index.php?rest_route=%2Fwp%2Fv2%2Fcomments&post=13996"}],"version-history":[{"count":0,"href":"https:\/\/www.kultursidan.nu\/index.php?rest_route=\/wp\/v2\/posts\/13996\/revisions"}],"wp:attachment":[{"href":"https:\/\/www.kultursidan.nu\/index.php?rest_route=%2Fwp%2Fv2%2Fmedia&parent=13996"}],"wp:term":[{"taxonomy":"category","embeddable":true,"href":"https:\/\/www.kultursidan.nu\/index.php?rest_route=%2Fwp%2Fv2%2Fcategories&post=13996"},{"taxonomy":"post_tag","embeddable":true,"href":"https:\/\/www.kultursidan.nu\/index.php?rest_route=%2Fwp%2Fv2%2Ftags&post=13996"}],"curies":[{"name":"wp","href":"https:\/\/api.w.org\/{rel}","templated":true}]}}