{"id":1404,"date":"2011-04-12T10:43:09","date_gmt":"2011-04-12T08:43:09","guid":{"rendered":"https:\/\/intelligent-friend-7861.standoutwp.com\/?p=1404"},"modified":"2021-05-05T17:50:06","modified_gmt":"2021-05-05T16:50:06","slug":"%e2%80%9dvarldens-mitt-finns-inte-pa-kartan%e2%80%9d-pa-arbetets-museum","status":"publish","type":"post","link":"https:\/\/www.kultursidan.nu\/?p=1404","title":{"rendered":"\u201dV\u00e4rldens mitt finns inte p\u00e5 kartan\u201d p\u00e5 Arbetets museum"},"content":{"rendered":"<p><img loading=\"lazy\" decoding=\"async\" class=\"alignnone\" src=\"https:\/\/live.staticflickr.com\/5309\/5612717820_58aeba10d3.jpg\" alt=\"Ram\u00fcnas\" width=\"500\" height=\"332\" \/><br \/>\n<em>Ett sp\u00e4nnande projekt, var 12-\u00e5rige Ram\u00fcnas omd\u00f6me. Han kommer fr\u00e5n barnhemmet Pabrad\u00e9 i Litauen och medverkade i seminariet som h\u00f6lls i anslutning till utst\u00e4llningen.<\/em><\/p>\n<p>&nbsp;<\/p>\n<h1><span style=\"color: #ff0000;\">Barns egna bilder och r\u00f6ster<\/span><\/h1>\n<p>&nbsp;<\/p>\n<p><strong>\u2013 Barn kan, vill och v\u00e5gar<\/strong> om vuxna m\u00e4nniskor \u00e4r intresserade. Nu har barnen uttryckt sig. Nu g\u00e4ller det att lyssna p\u00e5 dom!<\/p>\n<p>F\u00f6rfattaren och filmaren <a title=\"G\u00f6ran Odbratt\" href=\"http:\/\/www.goranodbratt.se\/\" target=\"_blank\" rel=\"noopener\">G\u00f6ran Odbratt<\/a> har tillsammans med barn i Ryssland, Litauen och Sverige gjort utst\u00e4llningen <em>V\u00e4rlden mitt finns inte p\u00e5 kartan<\/em>. Utst\u00e4llningen som visas p\u00e5 <a title=\"Arbetets museum\" href=\"http:\/\/www.arbetetsmuseum.se\/\" target=\"_blank\" rel=\"noopener\">Arbetets museum<\/a> omfattar cirka 200 bilder och bildspel.<\/p>\n<p>Tidigare har G\u00f6ran Odbratt publicerat en reserapport, med samma namn, om vad som h\u00e4nt efter n\u00e4stan 15 \u00e5rs samarbete mellan Sverige, Litauen, Kirgistan och Ryssland n\u00e4r det g\u00e4ller barn p\u00e5 barnhem eller institution.<\/p>\n<p>&nbsp;<\/p>\n<p><img loading=\"lazy\" decoding=\"async\" class=\"alignnone\" src=\"https:\/\/live.staticflickr.com\/5141\/5612717402_d625af28b8.jpg\" alt=\"V\u00e4gg 2\" width=\"500\" height=\"332\" \/><br \/>\n<img loading=\"lazy\" decoding=\"async\" class=\"alignnone\" src=\"https:\/\/live.staticflickr.com\/5108\/5612717110_340684f992_m.jpg\" alt=\"V\u00e4gg 4\" width=\"240\" height=\"159\" \/> <img loading=\"lazy\" decoding=\"async\" class=\"alignnone\" src=\"https:\/\/live.staticflickr.com\/5110\/5612716776_be12048846_m.jpg\" alt=\"V\u00e4gg 6\" width=\"240\" height=\"144\" \/><br \/>\n<img loading=\"lazy\" decoding=\"async\" class=\"alignnone\" src=\"https:\/\/live.staticflickr.com\/5145\/5612717306_cbd91656cd.jpg\" alt=\"V\u00e4gg 3\" width=\"500\" height=\"358\" \/><br \/>\n<em>Barnens egna bilder.<\/em><\/p>\n<p>&nbsp;<\/p>\n<p><strong>Odbratt satte kameror i h\u00e4nderna p\u00e5 barnen<\/strong> och under ett halv\u00e5r producerades mellan 25.000 och 30.000 bilder och teckningar. Sedan har han g\u00e5tt igenom bilderna tillsammans med de unga fotograferna som ber\u00e4ttat om sina tankar om s\u00e5dant som hem, k\u00e4rlek, r\u00e4dsla och relationer. Tv\u00e5 professionella fotografer, Kent Klich och Lars Tunbj\u00f6rk, har ocks\u00e5 medverkat i arbetet och n\u00e5gra av deras bilder finns med i utst\u00e4llningen.<\/p>\n<p>En del bilder \u00e4r starka i sitt uttryck, \u00e4ven om utst\u00e4llningens prim\u00e4ra m\u00e5lgrupp \u00e4r barn och ungdomar, kommer alla som \u00e4r intresserade av barn och deras r\u00e4ttigheter och m\u00f6jligheter att ber\u00f6ras av bilderna och texterna. Aktuellt \u00e4r den i Sverige nyligen genomf\u00f6rda Vanv\u00e5rdsutredningen och mycket handlar om Barnkonventionen i det budskap som bes\u00f6karna f\u00e5r.<\/p>\n<p>&nbsp;<\/p>\n<p><img loading=\"lazy\" decoding=\"async\" class=\"alignnone\" src=\"https:\/\/live.staticflickr.com\/5026\/5612755726_2f49ff2539.jpg\" alt=\"Varldens mitt finns\" width=\"500\" height=\"312\" \/><br \/>\n<img loading=\"lazy\" decoding=\"async\" class=\"alignnone\" src=\"https:\/\/live.staticflickr.com\/5146\/5612755156_1af4003bc5_m.jpg\" alt=\"G\u00f6ran Odbratt\" width=\"159\" height=\"240\" \/> <img loading=\"lazy\" decoding=\"async\" class=\"alignnone\" src=\"https:\/\/live.staticflickr.com\/5227\/5612755646_c856811149_n.jpg\" alt=\"G\u00f6ran Odbratt och seminariedeltagare\" width=\"320\" height=\"213\" \/><br \/>\n<em>Alla ungdomar som bidragit med foto och bilder n\u00e4mns vid namn.<\/em><br \/>\n<em>G\u00f6ran Odbratt och seminariedeltagare i utst\u00e4llningen.<\/em><\/p>\n<p>&nbsp;<\/p>\n<p><strong>I fredags anordnades ett seminarium<\/strong>, i anslutning till utst\u00e4llningen, om ansvarsfr\u00e5gor och barns r\u00e4ttigheter i samband med omh\u00e4ndertagande. P\u00e5 plats fanns personal och barn fr\u00e5n Otradnoje center i Moskva, barnhemmet i Pabrad\u00e9 i Litauen, R\u00e5by ungdomshem utanf\u00f6r Lund och Steninge transitboende i Sigtuna. Det fanns ocks\u00e5 representanter f\u00f6r <a title=\"Barnombudsmannen\" href=\"http:\/\/www.barnombudsmannen.se\/\" target=\"_blank\" rel=\"noopener\">Barnombudsmannen<\/a> i Sverige och motsvarande fr\u00e5n Ryssland och Litauen. Seminariet lockade cirka 80 deltagare.<\/p>\n<p><strong>Vi tr\u00e4ffade 12-\u00e5rige Ram\u00fcnas fr\u00e5n barnhemmet Pabrad\u00e9<\/strong> som tyckte att det varit sp\u00e4nnande att f\u00e5 vara med i projektet och att nu f\u00f6r f\u00f6rsta g\u00e5ngen p\u00e5 komma till Sverige och Norrk\u00f6ping. Han tyckte det blivit en stor och sp\u00e4nnande utst\u00e4llning och var glad \u00f6ver att f\u00e5 vara medverkande.<\/p>\n<p>&nbsp;<\/p>\n<p><img loading=\"lazy\" decoding=\"async\" class=\"alignnone\" src=\"https:\/\/live.staticflickr.com\/5188\/5612716586_c1e39fbc27_m.jpg\" alt=\"Bild 2\" width=\"240\" height=\"174\" \/> <img loading=\"lazy\" decoding=\"async\" class=\"alignnone\" src=\"https:\/\/live.staticflickr.com\/5187\/5612137051_424b30ef5e_m.jpg\" alt=\"Sol\" width=\"240\" height=\"181\" \/><br \/>\n<em>M\u00e5lning p\u00e5 foto \u2013 det st\u00e5r Katt p\u00e5 ryska i pratbubblan.<\/em><br \/>\n<em>Adilas Sol.<\/em><\/p>\n<p><strong>Utst\u00e4llningen \u201dV\u00e4rldens mitt finns inte p\u00e5 kartan<\/strong> \u2013 en utst\u00e4llning med barns r\u00f6ster i fokus\u201d har producerats av Arbetets Museum och G\u00f6ran Odbratt i samarbete med <a title=\"Sida\" href=\"http:\/\/www.sida.se\/Svenska\/\" target=\"_blank\" rel=\"noopener\">SIDA<\/a>. Den visas p\u00e5 Arbetets Museum fr\u00e5n den 9 april till b\u00f6rjan av h\u00f6sten n\u00e4r den flyttas till Ryssland innan den \u00e5terkommer till Sverige f\u00f6r en turn\u00e9. Arbetets Museum i Norrk\u00f6ping forts\u00e4tter producera engagerande utst\u00e4llningar!<\/p>\n<p><em>Text och foto: Sven \u00c5ke Molund<\/em><\/p>\n<ul>\n<li>ARBETETS MUSEUM Norrk\u00f6ping<\/li>\n<li><em>9 april \u2013 16 oktober 2011<\/em><strong><br \/>\nV\u00e4rldens mitt finns inte p\u00e5 kartan<\/strong><br \/>\nG\u00f6ran Odbratt<br \/>\nFoto: Barn i Ryssland, Litauen, Sverige samt Kent Klich och Lars Tunbj\u00f6rk<\/li>\n<\/ul>\n","protected":false},"excerpt":{"rendered":"<p>NORRK\u00d6PING Barn kan, vill och v\u00e5gar. Lyssna p\u00e5 dom! S\u00e4ger f\u00f6rfattaren och filmaren G\u00f6ran Odbratt som satte kameror i h\u00e4nderna p\u00e5 barn p\u00e5 barnhem i Ryssland, Litauen och Sverige. En glad, ber\u00f6rande och omtumlande utst\u00e4llning med starka m\u00e5lningar och m\u00e5nga, m\u00e5nga bra foton. <a class=\"continue-reading-link\" href=\"https:\/\/www.kultursidan.nu\/?p=1404\">L\u00e4s mer <span class=\"meta-nav\">&rarr; <\/span><\/a><\/p>\n","protected":false},"author":1001006,"featured_media":0,"comment_status":"closed","ping_status":"open","sticky":false,"template":"","format":"standard","meta":{"_jetpack_memberships_contains_paid_content":false,"footnotes":""},"categories":[7],"tags":[17],"class_list":["post-1404","post","type-post","status-publish","format-standard","hentry","category-norrkoping","tag-foto"],"jetpack_featured_media_url":"","jetpack_sharing_enabled":true,"_links":{"self":[{"href":"https:\/\/www.kultursidan.nu\/index.php?rest_route=\/wp\/v2\/posts\/1404","targetHints":{"allow":["GET"]}}],"collection":[{"href":"https:\/\/www.kultursidan.nu\/index.php?rest_route=\/wp\/v2\/posts"}],"about":[{"href":"https:\/\/www.kultursidan.nu\/index.php?rest_route=\/wp\/v2\/types\/post"}],"author":[{"embeddable":true,"href":"https:\/\/www.kultursidan.nu\/index.php?rest_route=\/wp\/v2\/users\/1001006"}],"replies":[{"embeddable":true,"href":"https:\/\/www.kultursidan.nu\/index.php?rest_route=%2Fwp%2Fv2%2Fcomments&post=1404"}],"version-history":[{"count":2,"href":"https:\/\/www.kultursidan.nu\/index.php?rest_route=\/wp\/v2\/posts\/1404\/revisions"}],"predecessor-version":[{"id":42857,"href":"https:\/\/www.kultursidan.nu\/index.php?rest_route=\/wp\/v2\/posts\/1404\/revisions\/42857"}],"wp:attachment":[{"href":"https:\/\/www.kultursidan.nu\/index.php?rest_route=%2Fwp%2Fv2%2Fmedia&parent=1404"}],"wp:term":[{"taxonomy":"category","embeddable":true,"href":"https:\/\/www.kultursidan.nu\/index.php?rest_route=%2Fwp%2Fv2%2Fcategories&post=1404"},{"taxonomy":"post_tag","embeddable":true,"href":"https:\/\/www.kultursidan.nu\/index.php?rest_route=%2Fwp%2Fv2%2Ftags&post=1404"}],"curies":[{"name":"wp","href":"https:\/\/api.w.org\/{rel}","templated":true}]}}