{"id":1410,"date":"2011-04-12T16:53:17","date_gmt":"2011-04-12T14:53:17","guid":{"rendered":"https:\/\/intelligent-friend-7861.standoutwp.com\/?p=1410"},"modified":"2021-05-05T18:10:04","modified_gmt":"2021-05-05T17:10:04","slug":"corneille-pa-galleri-sander","status":"publish","type":"post","link":"https:\/\/www.kultursidan.nu\/?p=1410","title":{"rendered":"Corneille p\u00e5 Galleri Sander"},"content":{"rendered":"<p><img loading=\"lazy\" decoding=\"async\" class=\"alignnone\" src=\"https:\/\/live.staticflickr.com\/5103\/5613441110_468ab17901.jpg\" alt=\"Corneille\" width=\"500\" height=\"333\" \/><br \/>\n<em>F\u00e5geln och m\u00e5nen. En k\u00e4rleksfull skulptur. Observera fisken, ytterligare ett djur i Corneilles bildv\u00e4rld.<\/em><\/p>\n<p>&nbsp;<\/p>\n<h1><span style=\"color: #ff0000;\">F\u00e4rgsprakande livsaptit<\/span><\/h1>\n<p>&nbsp;<\/p>\n<p><strong>Det \u00e4r som en utst\u00e4llning av Brioleksaker. <\/strong>Katter och f\u00e5glar i glada f\u00e4rger. Om det nu inte vore f\u00f6r alla de nakna kvinnorna , vita, bruna och bl\u00e5. Liggande kvinnor. F\u00e5glar som pussas. Katter p\u00e5 bes\u00f6k. Erotik light. D\u00e4r har vi 90 procent av motiven i konstn\u00e4ren <a title=\"Corneille, konstn\u00e4r, 1922-2010\" href=\"http:\/\/www.gkm.se\/corneille\/index-1012.htm\" target=\"_blank\" rel=\"noopener\">Corneilles<\/a> bildv\u00e4rld.<\/p>\n<p>F\u00f6r ett knappt \u00e5r sedan gick han bort. <a title=\"Galleri Sander\" href=\"http:\/\/www.gallerisander.se\/nkpg\/index.html\" target=\"_blank\" rel=\"noopener\">Galleri Sander<\/a> kallar det en minnesutst\u00e4llning, de tv\u00e5 rummen har fyllts med 29 verk, mest grafik, n\u00e5gra gouacher och ett par skulpturer.<\/p>\n<p>&nbsp;<\/p>\n<p><img loading=\"lazy\" decoding=\"async\" class=\"alignnone\" src=\"https:\/\/live.staticflickr.com\/5307\/5612865393_f25e1a9b6e.jpg\" alt=\"Corneille\" width=\"500\" height=\"321\" \/><br \/>\n<img loading=\"lazy\" decoding=\"async\" class=\"alignnone\" src=\"https:\/\/live.staticflickr.com\/5148\/5612865637_3b51819145_w.jpg\" alt=\"Corneille\" width=\"267\" height=\"400\" \/> <img loading=\"lazy\" decoding=\"async\" class=\"alignnone\" src=\"https:\/\/live.staticflickr.com\/5029\/5612863943_3a6c3d39fe_m.jpg\" alt=\"Corneille\" width=\"240\" height=\"160\" \/><br \/>\n<em>Corneilles livsgl\u00f6dande bilder i olika tekniker fyller galleriet. Till h\u00f6ger detalj av nedersta m\u00e5lningen till v\u00e4nster.<br \/>\n<\/em><\/p>\n<p>&nbsp;<\/p>\n<p><strong>Och nog \u00e4r han v\u00e4rd att minnas<\/strong> den belgiskf\u00f6dde konstn\u00e4ren, son till holl\u00e4ndska f\u00f6r\u00e4ldrar, som studerade teckning i Amsterdam mitt under brinnande v\u00e4rldskrig och flyttade till Paris 1946. Tv\u00e5 \u00e5r senare, 1948, var han med om att grunda gruppen <a title=\"Cobra, konstn\u00e4rsgrupp 1948-1951\" href=\"http:\/\/sv.wikipedia.org\/wiki\/Cobra_(konstn\u00e4rsgrupp)\" target=\"_blank\" rel=\"noopener\">Cobra<\/a> n\u00e4r nederl\u00e4ndarna i Reflex sm\u00e4lte samman med andra avantgardistiska grupperingar fr\u00e5n Danmark och Belgien. Snart sl\u00f6t sig fler till gruppen, bland andra svenskarna C-O Hult\u00e9n, Max Walter Svanberg och Anders \u00d6sterlin. Corneille blev Sverigev\u00e4n med goda gallerikontakter.<\/p>\n<p>P\u00e5 Corneilles och Cobras program stod impulser fr\u00e5n barn, \u201dprimitiv konst\u201d, Paul Klee och Joan Mir\u00f3, absurdism och vad som helst som inte bara var en rak linje fr\u00e5n den v\u00e4sterl\u00e4ndska konsten. Den v\u00e4sterl\u00e4ndska linjen kr\u00f6kte sig och tog en exotismens sv\u00e4ngom.<\/p>\n<p>&nbsp;<\/p>\n<p><img loading=\"lazy\" decoding=\"async\" class=\"alignnone\" src=\"https:\/\/live.staticflickr.com\/5144\/5612861785_48c2edd3f7.jpg\" alt=\"Corneille\" width=\"500\" height=\"280\" \/><br \/>\n<img loading=\"lazy\" decoding=\"async\" class=\"alignnone\" src=\"https:\/\/live.staticflickr.com\/5142\/5613443196_b649383d5d_m.jpg\" alt=\"Corneille\" width=\"240\" height=\"149\" \/> <img loading=\"lazy\" decoding=\"async\" class=\"alignnone\" src=\"https:\/\/live.staticflickr.com\/5069\/5612861281_35e07c3677_m.jpg\" alt=\"Corneille\" width=\"240\" height=\"160\" \/><br \/>\n<em>Grafik och skulptur.<\/em><\/p>\n<p>&nbsp;<\/p>\n<p><strong>Och de glada f\u00e4rgerna.<\/strong> Som fl\u00f6dar p\u00e5 v\u00e4ggarna i galleriet. Kvinnorna symboliserar k\u00e4rlek och livsaptit, f\u00e5glarna friheten. Motiven varieras i st\u00e4ndigt nya f\u00e4rgkonstellationer. Skulpturerna \u00e4r dubbelsidiga. Mjuka former, tydliga konturer. Visst finns ett sl\u00e4ktskap med Brios glada taxar, som jag minns dem.<\/p>\n<p><em>Text och foto: Ann-Charlotte Sandelin<\/em><\/p>\n<ul>\n<li>GALLERI SANDER Norrk\u00f6ping<\/li>\n<li><em>9 \u2013 23 april 2011<br \/>\n<\/em><strong>Corneille<\/strong><br \/>\nM\u00e5lningar, grafik, skulptur<\/li>\n<\/ul>\n","protected":false},"excerpt":{"rendered":"<p>F\u00e4rgsprakande konst. Som mest av allt liknar erotik light med Brio-stuk. En livsgl\u00e4djens konstn\u00e4r har lagt ner penseln f\u00f6r gott. <a class=\"continue-reading-link\" href=\"https:\/\/www.kultursidan.nu\/?p=1410\">L\u00e4s mer <span class=\"meta-nav\">&rarr; <\/span><\/a><\/p>\n","protected":false},"author":1001006,"featured_media":0,"comment_status":"closed","ping_status":"closed","sticky":false,"template":"","format":"standard","meta":{"_jetpack_memberships_contains_paid_content":false,"footnotes":""},"categories":[7],"tags":[14],"class_list":["post-1410","post","type-post","status-publish","format-standard","hentry","category-norrkoping","tag-konst"],"jetpack_featured_media_url":"","jetpack_sharing_enabled":true,"_links":{"self":[{"href":"https:\/\/www.kultursidan.nu\/index.php?rest_route=\/wp\/v2\/posts\/1410","targetHints":{"allow":["GET"]}}],"collection":[{"href":"https:\/\/www.kultursidan.nu\/index.php?rest_route=\/wp\/v2\/posts"}],"about":[{"href":"https:\/\/www.kultursidan.nu\/index.php?rest_route=\/wp\/v2\/types\/post"}],"author":[{"embeddable":true,"href":"https:\/\/www.kultursidan.nu\/index.php?rest_route=\/wp\/v2\/users\/1001006"}],"replies":[{"embeddable":true,"href":"https:\/\/www.kultursidan.nu\/index.php?rest_route=%2Fwp%2Fv2%2Fcomments&post=1410"}],"version-history":[{"count":3,"href":"https:\/\/www.kultursidan.nu\/index.php?rest_route=\/wp\/v2\/posts\/1410\/revisions"}],"predecessor-version":[{"id":42858,"href":"https:\/\/www.kultursidan.nu\/index.php?rest_route=\/wp\/v2\/posts\/1410\/revisions\/42858"}],"wp:attachment":[{"href":"https:\/\/www.kultursidan.nu\/index.php?rest_route=%2Fwp%2Fv2%2Fmedia&parent=1410"}],"wp:term":[{"taxonomy":"category","embeddable":true,"href":"https:\/\/www.kultursidan.nu\/index.php?rest_route=%2Fwp%2Fv2%2Fcategories&post=1410"},{"taxonomy":"post_tag","embeddable":true,"href":"https:\/\/www.kultursidan.nu\/index.php?rest_route=%2Fwp%2Fv2%2Ftags&post=1410"}],"curies":[{"name":"wp","href":"https:\/\/api.w.org\/{rel}","templated":true}]}}