{"id":1413,"date":"2011-04-13T22:13:17","date_gmt":"2011-04-13T20:13:17","guid":{"rendered":"https:\/\/intelligent-friend-7861.standoutwp.com\/?p=1413"},"modified":"2021-05-05T18:31:59","modified_gmt":"2021-05-05T17:31:59","slug":"de-vann-ostgotateaterns-manustavling","status":"publish","type":"post","link":"https:\/\/www.kultursidan.nu\/?p=1413","title":{"rendered":"De vann \u00d6stg\u00f6tateaterns manust\u00e4vling"},"content":{"rendered":"<p><img loading=\"lazy\" decoding=\"async\" class=\"alignnone\" src=\"https:\/\/live.staticflickr.com\/5070\/5617253524_1f746e9e02.jpg\" alt=\"Anna Barbro och Emma\" width=\"500\" height=\"250\" \/><br \/>\n<em>Tre dramatiker.\u00a0 Anna Nygren, Barbro Mild och Emma Palmkvist.<\/em><\/p>\n<p>&nbsp;<\/p>\n<h1><span style=\"color: #ff0000;\">Anna 1 av 3 av 65<\/span><\/h1>\n<p>&nbsp;<\/p>\n<p><strong>Skriv s\u00e5 spelar vi.<\/strong> N\u00e4r <a title=\"\u00d6stg\u00f6tateatern\" href=\"http:\/\/www.ostgotateatern.se\/Default.aspx\" target=\"_blank\" rel=\"noopener\">\u00d6stg\u00f6tateatern<\/a> gick ut med inbjudan till manust\u00e4vling visste regiss\u00f6ren Stina Ancker inte vad hon skulle f\u00e5 se. Nu vet hon. <em>Skuld<\/em>, <em>Bordsdekorationer<\/em> och <em>Tum\u00f6ren<\/em>, det \u00e4r titlarna p\u00e5 de tre pj\u00e4ser som valts ut bland 65 inskickade bidrag.<\/p>\n<p><strong>Pj\u00e4sf\u00f6rfattarna \u00e4r samtliga kvinnor.<\/strong> Emma Palmkvist st\u00e5r bakom <em>Skuld<\/em> som handlar om en duktig kvinna som inte kan till\u00e5ta sig att njuta av vardagen. En vardagsrysare, kallar man den p\u00e5 \u00d6stg\u00f6tateatern. Emma Palmkvist studerar skrivande p\u00e5 distans.<\/p>\n<p>L\u00e4raren Barbro Mild har h\u00e4mtat inspiration fr\u00e5n sin yrkesg\u00e4rning i <em>Bordsdekorationer<\/em> som ger en \u00f6gonblicksbild fr\u00e5n en komplex ton\u00e5rs- och f\u00f6r\u00e4ldrarelation.<\/p>\n<p>&nbsp;<\/p>\n<p><iframe loading=\"lazy\" title=\"YouTube video player\" src=\"https:\/\/www.youtube.com\/embed\/jh1c8J4jLoY\" width=\"560\" height=\"315\" frameborder=\"0\" allowfullscreen=\"allowfullscreen\"><\/iframe><br \/>\n<em>Anna Nygren ber\u00e4ttar att hon skriver f\u00f6r att st\u00e4lla fr\u00e5gor. Scener ur monologen Fragment av allt vi dr\u00f6mde om och ur pj\u00e4sen Kliniken. Film 4:06 min.<\/em><\/p>\n<p>&nbsp;<\/p>\n<p><strong>Anna Nygren, som studerar p\u00e5 <a title=\"Nordens Folkh\u00f6gskola Biskops-Arn\u00f6\" href=\"http:\/\/www.biskops-arn.se\/\" target=\"_blank\" rel=\"noopener\">Nordens Folkh\u00f6gskola Biskops-Arn\u00f6<\/a><\/strong>, g\u00e5r med kortpj\u00e4sen <em>Tum\u00f6ren<\/em> ett steg vidare i sitt skrivande. Hon har byggt p\u00e5 sj\u00e4lvbiografisk grund tidigare men med <em>Tum\u00f6ren <\/em>utmanar hon sin egen fantasi.<\/p>\n<p>\u2013 Jag har absolut ingen erfarenhet alls av cancer, s\u00e4ger Anna Nygren. D\u00e5 f\u00e5r jag anv\u00e4nda min fantasi och f\u00f6rs\u00f6ka s\u00e4tta mig in i hur andra t\u00e4nker och k\u00e4nner.<\/p>\n<p>Anna Nygren har ett stort teaterintresse och \u00e4r fortfarande engagerad i <a title=\"Kvartersteatern\" href=\"http:\/\/www.kvartersteatern.com\/\" target=\"_blank\" rel=\"noopener\">Kvartersteatern<\/a> i Norrk\u00f6ping, trots studierna. Under Kvartersteaterns sista festivalhelg stod hon sj\u00e4lv p\u00e5 scenen, dels i monologen <em>Fragment av allt vi dr\u00f6mde om<\/em>, ett suggestivt m\u00f6te med en psykolog\/psykiatriker\/psykopat och dels med Kill Your Darlings, en grupp fr\u00e5n Link\u00f6ping som g\u00e4stspelade p\u00e5 festivalen.<\/p>\n<p>Dessutom s\u00e5g hon sin egen <em>Kliniken<\/em>, en drygt timsl\u00e5ng pj\u00e4s hon skrivit om flickan Hanna som v\u00e5rdas f\u00f6r \u00e4tst\u00f6rningar. Med pj\u00e4sen g\u00f6r hon ett inl\u00e4gg i debatten om v\u00e5rden, som hon inte tycker fungerar. Sk\u00e5despelarna var unga och vuxna nyb\u00f6rjare.<\/p>\n<p>\u2013 Det k\u00e4ndes v\u00e4ldigt konstigt. P\u00e5 ett s\u00e4tt var jag v\u00e4ldigt sj\u00e4lvkritisk till det jag sj\u00e4lv gjort, men p\u00e5 ett annat s\u00e4tt s\u00e5 tyckte jag att de gjorde det v\u00e4ldigt bra och det var v\u00e4ldigt roligt att se det, s\u00e4ger Anna och forts\u00e4tter:<\/p>\n<p>\u2013 F\u00f6rst s\u00e5 utg\u00e5r jag fr\u00e5n n\u00e5got som ligger v\u00e4ldigt n\u00e4ra mig, men i skrivprocessen g\u00e5r jag utanf\u00f6r mig sj\u00e4lv och ser allt med andra \u00f6gon och beskriver andra saker. D\u00e5 handlar det inte l\u00e4ngre om mig.<\/p>\n<p>Frida Nystr\u00f6m, verksamhetsledare p\u00e5 Kvartersteatern, regisserade <em>Kliniken<\/em>.<\/p>\n<p>\u2013 Jag litar j\u00e4ttemycket p\u00e5 Frida och visste att hon skulle g\u00f6ra ett bra jobb. Det var sk\u00f6nt att bara sl\u00e4ppa det.<\/p>\n<p>&nbsp;<\/p>\n<p><img loading=\"lazy\" decoding=\"async\" class=\"alignnone\" src=\"https:\/\/live.staticflickr.com\/5265\/5617252032_ed48e949e3_w.jpg\" alt=\"Stina Ancker\" width=\"268\" height=\"400\" \/><br \/>\n<em>Stina Ancker regisserar de tre kortpj\u00e4serna som spelas i Caf\u00e9 Gycklaren.<\/em><\/p>\n<p>&nbsp;<\/p>\n<p><strong>Redan den 3 maj har de tre kortpj\u00e4serna premi\u00e4r <\/strong>i Caf\u00e9 Gycklaren p\u00e5 \u00d6stg\u00f6tateatern<strong>.<\/strong> D\u00e5 \u00e4r det tre professionella sk\u00e5despelare Gunnel Samuelsson, Sven Angleflod och Ann-Sofie Andersson Kern som tar hand om <em>Skuld<\/em>, <em>Bordsdekorationer<\/em> och <em>Tum\u00f6ren. <\/em>I regi av Stina Ancker.<\/p>\n<p>Och den 7 maj \u00e4r det premi\u00e4rdags f\u00f6r Anna igen, d\u00e5 <em>K\u00e4rlek r\u00e4tt och sl\u00e4tt<\/em>, en pj\u00e4s som skrivits till <a title=\"Norrk\u00f6ping Pride\" href=\"http:\/\/norrkopingpride.se\/\" target=\"_blank\" rel=\"noopener\">Norrk\u00f6ping Pride<\/a> spelas p\u00e5 Arbetets museum. Och lite senare \u00e4r det dags igen. P\u00e5 <a title=\"ung scen\/\u00f6st\" href=\"http:\/\/www.ungscen.se\/\" target=\"_blank\" rel=\"noopener\">ung scen\/\u00f6sts<\/a> lab &#8230;<\/p>\n<p><em>Text och film: Ann-Charlotte Sandelin<br \/>\nFoto: \u00d6stg\u00f6tateatern<\/em><\/p>\n<p>&nbsp;<\/p>\n<ul>\n<li>\u00d6STG\u00d6TATEATERN Norrk\u00f6ping<\/li>\n<li><em>3, 10 och 17 maj<\/em><br \/>\n<strong>Bordsdekorationer \u2013 Tum\u00f6ren \u2013 Skuld<\/strong><br \/>\nBarbro Mild \u2013 Anna Nygren \u2013 Emma Palmkvist<\/li>\n<\/ul>\n<p>&nbsp;<\/p>\n<ul>\n<li>ARBETETS MUSEUM Norrk\u00f6ping<\/li>\n<li><em>7 maj<\/em><br \/>\n<strong>K\u00e4rlek r\u00e4tt och sl\u00e4tt<\/strong><br \/>\nKill Your Darlings<\/li>\n<\/ul>\n","protected":false},"excerpt":{"rendered":"<p>NORRK\u00d6PING Tre kvinnor skrev de vinnande bidragen Bordsdekorationer, Tum\u00f6ren och Skuld. En av dem \u00e4r Anna Nygren, en ung tjej som redan hunnit med mycket teater och skrivande. <a class=\"continue-reading-link\" href=\"https:\/\/www.kultursidan.nu\/?p=1413\">L\u00e4s mer <span class=\"meta-nav\">&rarr; <\/span><\/a><\/p>\n","protected":false},"author":1001006,"featured_media":0,"comment_status":"open","ping_status":"open","sticky":false,"template":"","format":"standard","meta":{"_jetpack_memberships_contains_paid_content":false,"footnotes":""},"categories":[7],"tags":[39,12],"class_list":["post-1413","post","type-post","status-publish","format-standard","hentry","category-norrkoping","tag-pris","tag-teater"],"jetpack_featured_media_url":"","jetpack_sharing_enabled":true,"_links":{"self":[{"href":"https:\/\/www.kultursidan.nu\/index.php?rest_route=\/wp\/v2\/posts\/1413","targetHints":{"allow":["GET"]}}],"collection":[{"href":"https:\/\/www.kultursidan.nu\/index.php?rest_route=\/wp\/v2\/posts"}],"about":[{"href":"https:\/\/www.kultursidan.nu\/index.php?rest_route=\/wp\/v2\/types\/post"}],"author":[{"embeddable":true,"href":"https:\/\/www.kultursidan.nu\/index.php?rest_route=\/wp\/v2\/users\/1001006"}],"replies":[{"embeddable":true,"href":"https:\/\/www.kultursidan.nu\/index.php?rest_route=%2Fwp%2Fv2%2Fcomments&post=1413"}],"version-history":[{"count":4,"href":"https:\/\/www.kultursidan.nu\/index.php?rest_route=\/wp\/v2\/posts\/1413\/revisions"}],"predecessor-version":[{"id":42862,"href":"https:\/\/www.kultursidan.nu\/index.php?rest_route=\/wp\/v2\/posts\/1413\/revisions\/42862"}],"wp:attachment":[{"href":"https:\/\/www.kultursidan.nu\/index.php?rest_route=%2Fwp%2Fv2%2Fmedia&parent=1413"}],"wp:term":[{"taxonomy":"category","embeddable":true,"href":"https:\/\/www.kultursidan.nu\/index.php?rest_route=%2Fwp%2Fv2%2Fcategories&post=1413"},{"taxonomy":"post_tag","embeddable":true,"href":"https:\/\/www.kultursidan.nu\/index.php?rest_route=%2Fwp%2Fv2%2Ftags&post=1413"}],"curies":[{"name":"wp","href":"https:\/\/api.w.org\/{rel}","templated":true}]}}