{"id":14151,"date":"2014-02-26T20:56:50","date_gmt":"2014-02-26T19:56:50","guid":{"rendered":"https:\/\/intelligent-friend-7861.standoutwp.com\/?p=14151"},"modified":"2014-03-09T19:58:06","modified_gmt":"2014-03-09T18:58:06","slug":"maria-qvarzells-minnesbilder-pa-np33","status":"publish","type":"post","link":"https:\/\/www.kultursidan.nu\/?p=14151","title":{"rendered":"Maria Qvarzells minnesbilder p\u00e5 NP33"},"content":{"rendered":"<p><iframe loading=\"lazy\" src=\"https:\/\/www.flickr.com\/photos\/kultursidan\/12797693284\/player\/dbc3f90e85\" height=\"326\" width=\"500\"  frameborder=\"0\" allowfullscreen webkitallowfullscreen mozallowfullscreen oallowfullscreen msallowfullscreen><\/iframe><\/p>\n<p><i>Bror i hatten. I ljusboxar lyser bilderna p\u00e5 brodern, kl\u00e4dd som rumlare anno dazumal, i gr\u00e4ndens ljus. Tavlans glas speglar bilderna p\u00e5 v\u00e4ggen mittemot.<\/i><\/p>\n<p>&nbsp;<\/p>\n<h1><span style=\"color: #ff0000;\">Fynd fr\u00e5n den analoga tiden<\/span><\/h1>\n<p>&nbsp;<\/p>\n<p><b>Fotografen Maria Qvarzell hittade foton fr\u00e5n 1980-talets G\u00f6taborg i en dammig portf\u00f6lj.<\/b> Nu visar hon bilder fr\u00e5n en period d\u00e5 hon experimenterade med ansikten, kroppar, gestalter i m\u00f6rker och ljus. Det vi ser \u00e4r originalkopiorna, de letades fram n\u00e4r utst\u00e4llningen kom p\u00e5 tal.<\/p>\n<p>Dagen f\u00f6re torsdagens vernissage \u00e4r Maria Qvarzell hemma, f\u00f6rkyld. I st\u00e4llet \u00e4r det Andrew Jones som h\u00e4nger upp bilderna i det svarta galleriet p\u00e5 bottenplanet i NP33. Och ber\u00e4ttar om deras bakgrund.<\/p>\n<p>\u2013 Alla \u00e4r tagna f\u00f6re 1989. Maria bodde i G\u00f6teborg och jobbade p\u00e5 ett fotolabb. Chefen l\u00e4r de anst\u00e4llda leka med framkallningsmaskinerna.<\/p>\n<p>Bilderna togs med diafilm. Sedan \u00f6verf\u00f6rdes de till h\u00f6gglansigt fotopapper av h\u00f6g kvalitet, Prestige hette det. Andrew Jones visar p\u00e5 ett ansikte som skiftar i gr\u00f6nt.<\/p>\n<p>\u2013 Det h\u00e4r har hon gjort i framkallningen, Photoshop fanns inte p\u00e5 den tiden.<\/p>\n<p>&nbsp;<\/p>\n<p><iframe loading=\"lazy\" src=\"https:\/\/www.flickr.com\/photos\/kultursidan\/12797285825\/player\/e19f9e74b4\" height=\"120\" width=\"400\" allowfullscreen=\"\" frameborder=\"0\"><\/iframe><\/p>\n<p><em>&#8221;Woman who is worried&#8221;. En serie s\u00f6ker ansiktets k\u00e4nslouttryck, n\u00e4ra varje foto st\u00e5r en liten textrad.<\/em><\/p>\n<p>&nbsp;<\/p>\n<p><b>Urvalet i utst\u00e4llningen visar olika bildserier, ofta med kvinnor, i ett experimenterande med ljus, f\u00e4rg och skuggor. <\/b>Intrycket \u00e4r tysta bilder i natten eller \u00e5tminstone skymningen, men helt s\u00e4ker kan man inte vara. D\u00e4r \u00e4r en serie med kvinna i urban milj\u00f6, invid en kyrka, n\u00e4stan s\u00e5 man h\u00f6r klackarna mot marken. Ung kvinna i park, uppspetad p\u00e5 en sten. En serie s\u00f6ker ansiktets k\u00e4nslouttryck, n\u00e4ra varje foto st\u00e5r en liten textrad.<\/p>\n<p>\u00c4ven kroppsn\u00e4ra studier finns med, som ett unders\u00f6kande i linjen mellan erotik och form\/f\u00e4lt. H\u00e4nder skalar en apelsin (ett outtalad l\u00f6fte om k\u00e4rleksfrukt), stolsrygg mot rygg \u2013 d\u00e4r b\u00f6rjar motivet uppl\u00f6sas och bli till f\u00e4lt och nyanser.<\/p>\n<p><b>Unga m\u00e4n i hatt och frack i gr\u00e4ndens gula sken, rumlare fr\u00e5n en g\u00e5ngen tid och det slutar i r\u00e4nnstenen med flaskan i hand.<\/b> De bilderna lyser det om, inifr\u00e5n l\u00e5dor som Andrew Jones byggt.<\/p>\n<p>\u2013 Det \u00e4r Marias bror. Jag tror att hon ser Charlie Chaplin som inspirat\u00f6r, s\u00e4ger han.<\/p>\n<p>&nbsp;<\/p>\n<p><iframe loading=\"lazy\" src=\"https:\/\/www.flickr.com\/photos\/kultursidan\/12797285295\/player\/5c66c4aa02\" height=\"281\" width=\"400\" allowfullscreen=\"\" frameborder=\"0\"><\/iframe><\/p>\n<p><em>I glas och ram. Minnen fr\u00e5n 1980-talets G\u00f6teborg, s\u00e5 l\u00e4nge sedan.<\/em><\/p>\n<p>&nbsp;<\/p>\n<p><strong>Alla bilder har placerats i glas och ram, med stora vita passepartouter.<\/strong> De speglar sig l\u00e4tt i varandra, f\u00f6r ett tyst samtal i det dunkla rummet n\u00e4r man g\u00e5r f\u00f6rbi. Som en h\u00e4lsning fr\u00e5n en annan tid, ett 1980-tal som har tystnat och f\u00f6rts in i minnets dunkel.<\/p>\n<p><i>Text och foto: Ann-Charlotte Sandelin<\/i><\/p>\n<blockquote>\n<h3><em>NP33 Norrk\u00f6ping<\/em><\/h3>\n<p>27 februari \u2013 22 mars 2014<br \/>\nVernissage 27\/2 \u00a0kl 16-20<em><br \/>\n<b>A long time ago<br \/>\n<\/b>Maria Qvarzell<\/em><br \/>\n<em> Foto<\/em><\/p><\/blockquote>\n<p>L\u00c4NKAR<br \/>\nNP33 <a title=\"Galleri Sander\/NP33\" href=\"http:\/\/www.np33.se\" target=\"_blank\">hemsida<\/a><br \/>\nFLER BILDER FR\u00c5N UTST\u00c4LLNINGEN \u2013 KLICKA<\/p>\n<p>[flickr-gallery mode=&#8221;photoset&#8221; photoset=&#8221;72157641571433594&#8243;]<\/p>\n","protected":false},"excerpt":{"rendered":"<p>NORRK\u00d6PING P\u00e5 den analoga tiden. Fotografen Maria Qvarzell hittade foton fr\u00e5n 1980-talet i en dammig portf\u00f6lj. Nu visar hon bilder fr\u00e5n en period d\u00e5 hon experimenterade med ansikten, kroppar, gestalter i m\u00f6rker och ljus. <a class=\"continue-reading-link\" href=\"https:\/\/www.kultursidan.nu\/?p=14151\">L\u00e4s mer <span class=\"meta-nav\">&rarr; <\/span><\/a><\/p>\n","protected":false},"author":1001006,"featured_media":0,"comment_status":"closed","ping_status":"open","sticky":false,"template":"","format":"standard","meta":{"_jetpack_memberships_contains_paid_content":false,"footnotes":""},"categories":[7],"tags":[17,14],"class_list":["post-14151","post","type-post","status-publish","format-standard","hentry","category-norrkoping","tag-foto","tag-konst"],"jetpack_featured_media_url":"","jetpack_sharing_enabled":true,"_links":{"self":[{"href":"https:\/\/www.kultursidan.nu\/index.php?rest_route=\/wp\/v2\/posts\/14151","targetHints":{"allow":["GET"]}}],"collection":[{"href":"https:\/\/www.kultursidan.nu\/index.php?rest_route=\/wp\/v2\/posts"}],"about":[{"href":"https:\/\/www.kultursidan.nu\/index.php?rest_route=\/wp\/v2\/types\/post"}],"author":[{"embeddable":true,"href":"https:\/\/www.kultursidan.nu\/index.php?rest_route=\/wp\/v2\/users\/1001006"}],"replies":[{"embeddable":true,"href":"https:\/\/www.kultursidan.nu\/index.php?rest_route=%2Fwp%2Fv2%2Fcomments&post=14151"}],"version-history":[{"count":0,"href":"https:\/\/www.kultursidan.nu\/index.php?rest_route=\/wp\/v2\/posts\/14151\/revisions"}],"wp:attachment":[{"href":"https:\/\/www.kultursidan.nu\/index.php?rest_route=%2Fwp%2Fv2%2Fmedia&parent=14151"}],"wp:term":[{"taxonomy":"category","embeddable":true,"href":"https:\/\/www.kultursidan.nu\/index.php?rest_route=%2Fwp%2Fv2%2Fcategories&post=14151"},{"taxonomy":"post_tag","embeddable":true,"href":"https:\/\/www.kultursidan.nu\/index.php?rest_route=%2Fwp%2Fv2%2Ftags&post=14151"}],"curies":[{"name":"wp","href":"https:\/\/api.w.org\/{rel}","templated":true}]}}