{"id":14233,"date":"2014-03-07T17:58:31","date_gmt":"2014-03-07T16:58:31","guid":{"rendered":"https:\/\/intelligent-friend-7861.standoutwp.com\/?p=14233"},"modified":"2018-12-10T12:02:52","modified_gmt":"2018-12-10T11:02:52","slug":"promenad-i-new-york-pa-galleri-kronan","status":"publish","type":"post","link":"https:\/\/www.kultursidan.nu\/?p=14233","title":{"rendered":"Promenad i New York p\u00e5 Galleri Kronan"},"content":{"rendered":"<p><a title=\"Pelle Perlefelt \u2013 motiv i milj\u00f6n blir objekt och \u00e5terf\u00f6rs i utst\u00e4llningen.\" href=\"https:\/\/www.flickr.com\/photos\/kultursidan\/12989719403\/in\/album-72157641998553955\/\"><img loading=\"lazy\" decoding=\"async\" src=\"https:\/\/farm8.staticflickr.com\/7441\/12989719403_58b2665a27.jpg\" alt=\"Pelle Perlefelt \u2013 motiv i milj\u00f6n blir objekt och \u00e5terf\u00f6rs i utst\u00e4llningen.\" width=\"500\" height=\"307\" \/><\/a><br \/>\n<i>Samtal med en vattenpost. Pelle Perlefelt h\u00e4mtar motiv fr\u00e5n milj\u00f6erna och g\u00f6r dem till objekt. Som i sin tur \u00e5terf\u00f6rs till omgivningen genom att placeras i utst\u00e4llningen.<\/i><\/p>\n<p>&nbsp;<\/p>\n<h1><span style=\"color: #ff0000;\">M\u00e5lade minnesbilder. Nytaget i 1830-talsteknik.<\/span><\/h1>\n<p>&nbsp;<\/p>\n<p><b>F\u00f6r l\u00e4nge sedan.<\/b> Konstn\u00e4ren Pelle Perlefelt minns Williamsburg 1996. Stadsdelen var ruffig, gr\u00e4s och buskar tr\u00e4ngde igenom asfalten. Han gick. Han s\u00e5g. Han dokumenterade. Nu har han m\u00e5lat.<\/p>\n<p>Daniel Bj\u00f6rkerts foton ser ut att vara fr\u00e5n ett annat \u00e5rhundrade. De \u00e4r helt nytagna \u00e4ven om tekniken \u00e4r fr\u00e5n 1830-talet. De tv\u00e5 st\u00e4ller just nu ut p\u00e5 Galleri Kronan.<\/p>\n<p>&nbsp;<\/p>\n<p><iframe loading=\"lazy\" src=\"https:\/\/www.flickr.com\/photos\/kultursidan\/12989986494\/player\/a29511aa56\" width=\"280\" height=\"400\" frameborder=\"0\" allowfullscreen=\"allowfullscreen\"><\/iframe><\/p>\n<p><em>Under Williamsburg bridge. Pelle Perlefelt provade att f\u00f6rst teckna den i litet format. Det k\u00e4ndes inte r\u00e4tt. Den h\u00e4r storleken blev b\u00e4ttre.<\/em><\/p>\n<p>&nbsp;<\/p>\n<p><b>Konstn\u00e4ren Pelle Perlefelt promenerade i stadsdelen Williamsburg under n\u00e5gra m\u00e5nader \u00e5r 1996.<\/b> Utg\u00e5ngspunkt f\u00f6r promenaderna var Olle Bonni\u00e9rs atelj\u00e9, bel\u00e4gen i ett gammalt bankpalats. Kvarteren var delvis f\u00f6rfallna, allm\u00e4nna platser v\u00e4xte igen. Graffitti fyllde v\u00e4ggarna tv\u00e5 meter upp fr\u00e5n gatuniv\u00e5. Folk st\u00e4llde ut sin soptunna till h\u00e4mtningsdagen. I n\u00e4rheten l\u00e5g en v\u00e4lsk\u00f6tt park som i en annan v\u00e4rld. Pendelt\u00e5gen in till New York city f\u00e4rdades h\u00f6gt uppe p\u00e5 Williamsburg bridge. Han passerade bron s\u00e5 gott som dagligen, s\u00e5g det m\u00e4ktiga fackverket underifr\u00e5n.<\/p>\n<p>I denna v\u00e4rld str\u00f6vade Pelle Perlefelt. Han fotograferade, tecknade i skissblock och tog ibland med sig filmkameran, f\u00e5ngade \u00e4ven stadens ljud. Sedan reste han hem.<\/p>\n<p><b>\u2013 Jag m\u00e5lade mer abstrakt tidigare, ber\u00e4ttar Pelle Perlefelt. <\/b>Egentligen \u00e4r jag skolad i modellm\u00e5leri i Nordiska konstskolan i Kikkola i Finland. Sedan br\u00f6t jag med det och b\u00f6rjade m\u00e5la abstrakt.<br \/>\nF\u00f6r fyra \u00e5r sedan tog han fram bilderna fr\u00e5n New York. Minnena \u00e5terkom.<\/p>\n<p>I utst\u00e4llningen <i>Brooklyn history \u201996<\/i> \u00e4r m\u00e5lningarna folktomma. Det \u00e4r staden som kommer till synes som fasadytor och gator. Skrotbilar har f\u00f6rts till sista vilan p\u00e5 en parkeringsplats och \u00e4r halvt inb\u00e4ddade i gr\u00e4s. Graffittim\u00e5lningarna vindlar organiskt mot enf\u00e4rgade ytor. Det \u00e4r sol och skugga, kraftfulla f\u00e4rger som m\u00f6ts.<\/p>\n<p>En del m\u00e5lningar skildrar hela milj\u00f6er, andra blir som mer abstrakta utsnitt ur n\u00e5got st\u00f6rre. Sk\u00e4rpan \u00e4r densamma oavsett bildens djup, det g\u00f6r att allt blir lika viktigt, en helhet.<\/p>\n<p>&nbsp;<\/p>\n<p><iframe loading=\"lazy\" src=\"https:\/\/www.flickr.com\/photos\/kultursidan\/12989592935\/player\/5bebaf8127\" width=\"320\" height=\"224\" frameborder=\"0\" allowfullscreen=\"allowfullscreen\"><\/iframe><br \/>\n<em> Utsnitt ur milj\u00f6n som p\u00e5minner om postmodernismens komposition. Men det \u00e4r en husgavel helt n\u00e4ra och en byggnad p\u00e5 andra sidan gatan.<\/em><\/p>\n<p>&nbsp;<\/p>\n<p><b>Sj\u00e4lva m\u00e5leriet skiftar beroende p\u00e5 motiv.<\/b> V\u00e4xtlighet \u00e4r frodigare och med luddigare kontur \u00e4n husgavlars h\u00e5rda ytor. Graffittin k\u00e4nns verkligen som graffitti medan en trappa skildras i detalj, ljusets skiftningar i stegen fr\u00e5n bottenv\u00e5ningen till de f\u00f6rsvinnande avsatserna h\u00f6gst upp. F\u00f6r att inte tala om den vackert tecknade bron i ljusa f\u00e4rger, den \u00e4r f\u00f6r \u00f6vrigt utst\u00e4llningens st\u00f6rsta verk.<\/p>\n<p>\u2013 Jag tycker om arkitektur. Min pappa h\u00f6ll p\u00e5 med modellj\u00e4rnv\u00e4gar. Han dog 2009. D\u00e5 b\u00f6rjade jag se detaljer p\u00e5 ett annat s\u00e4tt.<\/p>\n<p>N\u00e5gra objekt finns ocks\u00e5 i utst\u00e4llningen. En bl\u00e5 soptunna. En r\u00f6d vattenpost. H\u00e4mtade ur milj\u00f6n, skulpterade i tr\u00e4 och m\u00e5lade. Samt \u00e5terf\u00f6rda till sin k\u00e4nda omgivning i utst\u00e4llningens form.<br \/>\n<iframe loading=\"lazy\" src=\"https:\/\/www.flickr.com\/photos\/kultursidan\/12989738883\/player\/90002af13f\" width=\"400\" height=\"270\" frameborder=\"0\" allowfullscreen=\"allowfullscreen\"><\/iframe><\/p>\n<p><em>Portr\u00e4tt av Daniel Bj\u00f6rkert x 2. Ett av fotografierna i hans Album i Lilla galleriet \u00e4r n\u00e4mligen ett sj\u00e4lvportr\u00e4tt.<\/em><\/p>\n<p>&nbsp;<\/p>\n<p><b>Daniel Bj\u00f6rkerts foton inne i Lilla galleriet tycks ha f\u00e4rdats i n\u00e4ra 200 \u00e5r.<\/b> Monokroma bilder i sepiaton. Portr\u00e4tt p\u00e5 personer i hans n\u00e4rhet, inklusive ett allvarligt sj\u00e4lvportr\u00e4tt, och eviga milj\u00f6er fr\u00e5n farmorsfar fyrm\u00e4starens Gotland: en strandpromenad invid en ruin, Hoburgens fyr, en ek. Som i ett <i>Album<\/i>, vilket ocks\u00e5 \u00e4r hans namn p\u00e5 utst\u00e4llningen. Trots att fotona h\u00e4nger i loppisfyndade ramar.<\/p>\n<p>\u2013 Jag vill ta fram en fin bild. Jag vill f\u00e5nga st\u00e4mningen, inte dokumentera motivet, s\u00e4ger Daniel Bj\u00f6rkert.<\/p>\n<p>Bilderna uttrycker lugn och stillhet. Han s\u00e4ger att han f\u00f6rs\u00f6ker skala av s\u00e5 mycket som m\u00f6jligt. H\u00e4r \u00e4r f\u00e4rgerna borta, bilderna bygger p\u00e5 mjuka nyanserna n\u00e4ra bilder d\u00e4r naturligt ljus skapar motivet mot bakgrunden. I <i>Mor med hatt<\/i> \u00e4r \u00e4ven de borta n\u00e4r motivet blir en m\u00f6rk silhuett mot ljus fond.<\/p>\n<p>&nbsp;<\/p>\n<p><iframe loading=\"lazy\" src=\"https:\/\/www.flickr.com\/photos\/kultursidan\/12990006064\/player\/f58958fdcb\" width=\"245\" height=\"320\" frameborder=\"0\" allowfullscreen=\"allowfullscreen\"><\/iframe><br \/>\n<em> Mor i hatt.<\/em><\/p>\n<p>&nbsp;<\/p>\n<p><b>Det r\u00e4cker inte att s\u00e4ga att han fotograferar analogt, vi \u00e4r tvungna att g\u00e5 tillbaka till fotografikonstens ursprung \u2013 1830-tal \u2013 f\u00f6r att landa r\u00e4tt.<\/b> Daniel Bj\u00f6rkert experimenterar g\u00e4rna med enkla kameror, n\u00e5got som st\u00e4ller st\u00f6rre krav p\u00e5 fotografen, under fototillf\u00e4llet och senare i labbet.<\/p>\n<p>\u2013 H\u00e4r har jag anv\u00e4nt en storformatskamera fr\u00e5n 1970-talet, f\u00f6rklarar han. Med modernt fotopapper som negativ.<\/p>\n<p>Positiven, de f\u00e4rdiga bilderna, \u00e4r p\u00e5 akvarellpapper som han bestrukit med ljusk\u00e4nsliga kemikalier. De \u00e4r kontaktkopierade vilket inneb\u00e4r att negativ och positiv pressats samman och ljussatts. Bilden blir d\u00e4rigenom precis lika stor som negativet. Vilket p\u00e5minner om att fotografi kan vara en foto-grafisk konstart.<\/p>\n<p><b>Daniel Bj\u00f6rkert st\u00e4llde ut p\u00e5 NP33 s\u00e5 sent som i h\u00f6stas, d\u00e5 tillsammans med meningsfr\u00e4nden Dan Isaac Wallin.<\/b> Att fotografera p\u00e5 gammalt s\u00e4tt har blivit en r\u00f6relse, med experimentella och\/eller konstn\u00e4rliga f\u00f6rtecken. F\u00f6r Daniel Bj\u00f6rkerts del \u00e4r det b\u00e5de och.<\/p>\n<p><i>Text: Ann-Charlotte Sandelin<br \/>\nFoto: Nils-G\u00f6ran Tillgren<br \/>\n<\/i><\/p>\n<blockquote>\n<h3><em>GALLERI KRONAN Norrk\u00f6ping<\/em><\/h3>\n<p>1 \u2013 16 mars 2014<em><br \/>\n<\/em><\/p>\n<p><em><b>Brooklyn history \u201996<br \/>\n<\/b>Pelle Perlefelt<\/em><br \/>\n<em> M\u00e5leri och skulptur<\/em><\/p>\n<p><em><b>Album<br \/>\n<\/b>Daniel Bj\u00f6rkert<\/em><br \/>\n<em> Fotografi<\/em><\/p><\/blockquote>\n<p>L\u00c4NKAR<br \/>\nPelle Perlefelt <a title=\"Pelle Perlefelt\" href=\"http:\/\/www.pelleperlefelt.com\" target=\"_blank\" rel=\"noopener\">hemsida<\/a><br \/>\nDaniel Bj\u00f6rkert <a title=\"Daniel Bj\u00f6rkert\" href=\"http:\/\/www.danielbjorkert.com\" target=\"_blank\" rel=\"noopener\">hemsida<\/a><br \/>\nGalleri Kronan <a title=\"Galleri Kronan\" href=\"http:\/\/www.gallerikronan.se\" target=\"_blank\" rel=\"noopener\">hemsida <\/a><br \/>\nEnkla kamerors fotografi p\u00e5 NP33 <a title=\"Enkla kamerors fotografi p\u00e5 NP33\" href=\"https:\/\/www.kultursidan.nu\/?p=12484\" target=\"_blank\" rel=\"noopener\">reportage<\/a> Kultursidan.nu 8\/10 2013<\/p>\n<p>FLER BILDER FR\u00c5N PELLE PERLEFELT \u2013 KLICKA<\/p>\n<p><a data-flickr-embed='true' href='https:\/\/www.flickr.com\/photos\/kultursidan\/albums\/72157641998553955' title='Pelle Perlefelt, Galleri Kronan, 2014 by Kultursidan, on Flickr'><img src='https:\/\/live.staticflickr.com\/2305\/12989721923_d9fabacc64_c.jpg' width='800' height='600' alt='Pelle Perlefelt \u2013 trappan upp till atelj\u00e9n i det gamla bankhuset.'><\/a><script async src='https:\/\/embedr.flickr.com\/assets\/client-code.js' charset='utf-8'><\/script><\/p>\n<p>FLER BILDER FR\u00c5N DANIEL BJ\u00d6RKERT \u2013 KLICKA<\/p>\n<p><a data-flickr-embed='true' href='https:\/\/www.flickr.com\/photos\/kultursidan\/albums\/72157641998553915' title='Daniel Bj\u00f6rkert, Galleri Kronan, 2014 by Kultursidan, on Flickr'><img src='https:\/\/live.staticflickr.com\/7414\/12989611665_d483869172_c.jpg' width='800' height='600' alt='Daniel Bj\u00f6rkert \u2013 Ellen, Anna'><\/a><script async src='https:\/\/embedr.flickr.com\/assets\/client-code.js' charset='utf-8'><\/script><\/p>\n<p>&nbsp;<\/p>\n","protected":false},"excerpt":{"rendered":"<p>NORRK\u00d6PING F\u00f6r l\u00e4nge sedan. Konstn\u00e4ren Pelle Perlefelt minns Williamsburg 1996. Stadsdelen var ruffig. Han gick. Han s\u00e5g. Han dokumenterade. Nu har han m\u00e5lat. Daniel Bj\u00f6rkerts foton ser ut att vara fr\u00e5n ett annat \u00e5rhundrade. Men de \u00e4r helt nytagna. <a class=\"continue-reading-link\" href=\"https:\/\/www.kultursidan.nu\/?p=14233\">L\u00e4s mer <span class=\"meta-nav\">&rarr; <\/span><\/a><\/p>\n","protected":false},"author":1001006,"featured_media":0,"comment_status":"closed","ping_status":"open","sticky":false,"template":"","format":"standard","meta":{"_jetpack_memberships_contains_paid_content":false,"footnotes":""},"categories":[7],"tags":[17,14],"class_list":["post-14233","post","type-post","status-publish","format-standard","hentry","category-norrkoping","tag-foto","tag-konst"],"jetpack_featured_media_url":"","jetpack_sharing_enabled":true,"_links":{"self":[{"href":"https:\/\/www.kultursidan.nu\/index.php?rest_route=\/wp\/v2\/posts\/14233","targetHints":{"allow":["GET"]}}],"collection":[{"href":"https:\/\/www.kultursidan.nu\/index.php?rest_route=\/wp\/v2\/posts"}],"about":[{"href":"https:\/\/www.kultursidan.nu\/index.php?rest_route=\/wp\/v2\/types\/post"}],"author":[{"embeddable":true,"href":"https:\/\/www.kultursidan.nu\/index.php?rest_route=\/wp\/v2\/users\/1001006"}],"replies":[{"embeddable":true,"href":"https:\/\/www.kultursidan.nu\/index.php?rest_route=%2Fwp%2Fv2%2Fcomments&post=14233"}],"version-history":[{"count":2,"href":"https:\/\/www.kultursidan.nu\/index.php?rest_route=\/wp\/v2\/posts\/14233\/revisions"}],"predecessor-version":[{"id":39397,"href":"https:\/\/www.kultursidan.nu\/index.php?rest_route=\/wp\/v2\/posts\/14233\/revisions\/39397"}],"wp:attachment":[{"href":"https:\/\/www.kultursidan.nu\/index.php?rest_route=%2Fwp%2Fv2%2Fmedia&parent=14233"}],"wp:term":[{"taxonomy":"category","embeddable":true,"href":"https:\/\/www.kultursidan.nu\/index.php?rest_route=%2Fwp%2Fv2%2Fcategories&post=14233"},{"taxonomy":"post_tag","embeddable":true,"href":"https:\/\/www.kultursidan.nu\/index.php?rest_route=%2Fwp%2Fv2%2Ftags&post=14233"}],"curies":[{"name":"wp","href":"https:\/\/api.w.org\/{rel}","templated":true}]}}