{"id":14245,"date":"2014-03-08T13:05:01","date_gmt":"2014-03-08T12:05:01","guid":{"rendered":"https:\/\/intelligent-friend-7861.standoutwp.com\/?p=14245"},"modified":"2014-04-25T23:06:18","modified_gmt":"2014-04-25T22:06:18","slug":"tank-om-en-flykting-kom-till-mig-recension","status":"publish","type":"post","link":"https:\/\/www.kultursidan.nu\/?p=14245","title":{"rendered":"T\u00e4nk om \u2013 en flykting kom till mig? (recension)"},"content":{"rendered":"<p><iframe loading=\"lazy\" src=\"https:\/\/www.flickr.com\/photos\/kultursidan\/13007822254\/in\/photolist-kPsunu-kPqwvn-kPqwbp\/player\/\" height=\"320\" width=\"230\" allowfullscreen=\"\" frameborder=\"0\"><\/iframe><\/p>\n<p style=\"text-align: center;\"><i>Flyktingen \u00e4r en angel\u00e4gen ungdomsbok.<\/i><\/p>\n<p>&nbsp;<\/p>\n<h1><span style=\"color: #ff0000;\">Bloggen f\u00e5r det att v\u00e4nda<br \/>\n<\/span><\/h1>\n<p>&nbsp;<\/p>\n<p><b>T\u00e4nk om det \u00e4r h\u00e4r det h\u00e4nder?<\/b> Skoltjejen Amanda bor i en by utanf\u00f6r stan, det \u00e4r augusti. P\u00e5 bloggen skriver hon: <i>Idag har jag plockat bl\u00e5b\u00e4r med familjen. N\u00e5gon har brutit sig in i v\u00e5r jaktstuga fast jag vet inte vem f\u00f6r jag blev skitr\u00e4dd, sl\u00e4ngde kniven ifr\u00e5n mig och sprang till pappa och mamma. Dagens outfit: jeans och urtv\u00e4ttad tr\u00f6ja med bl\u00e5b\u00e4rsfl\u00e4ckar.<\/i><\/p>\n<p>En ung man fr\u00e5n flyktingf\u00f6rl\u00e4ggningen har flytt efter ett br\u00e5k. Nu han har hittat den enkla jaktstugan i skogen. Amanda smyger dit och ger honom mat och lite kl\u00e4der. Knappt har de hunnit utveckla en sk\u00f6r v\u00e4nskap s\u00e5 uppt\u00e4cks han, jakten b\u00f6rjar igen men nu \u00e4r han inte ensam. Amanda inviger fler v\u00e4nner i sin hemlighet och tillsammans f\u00f6rs\u00f6ker de hj\u00e4lpa. N\u00e4r det g\u00e5r riktigt illa skriver hon p\u00e5 sin blogg.<\/p>\n<p><b>F\u00f6rfattaren Titti Knutsson har tidigare i sin ungdomsbokserie gestaltat omv\u00e4rldens konflikter som om de utspelas h\u00e4r och nu. <\/b>Genom en lika enkel som effektiv metod som att ge alla \u201dsvenska\u201d namn: Karin, Erik, Gunnar,\u2028 Andersson.<\/p>\n<p>I <i>Muren<\/i> (2009) och uppf\u00f6ljaren <i>Kampen (2011) <\/i>m\u00f6ts Peter och Sofia, barn fr\u00e5n tv\u00e5 sidor av en djup konflikt. Det skulle kunna vara Israel\/Palestina, n\u00e5gonstans i det forna Jugoslavien. F\u00f6rfattaren visar hur ett inb\u00f6rdeskrig infekterar spr\u00e5k och verklighet men ocks\u00e5 hur barnen lyckas \u00f6vervinna r\u00e4dslan f\u00f6r den andre. Kapitlen v\u00e4xlar mellan Peters och Sofias perspektiv.<\/p>\n<p>&nbsp;<\/p>\n<p><iframe loading=\"lazy\" src=\"https:\/\/www.flickr.com\/photos\/kultursidan\/13007439215\/player\/cb73215a88\" height=\"270\" width=\"400\" allowfullscreen=\"\" frameborder=\"0\"><\/iframe><br \/>\n<em> Titti Knutsson, f\u00f6rfattare som flyttat fr\u00e5n Link\u00f6ping till Norrk\u00f6ping, deltog p\u00e5 \u00d6sterg\u00f6tlands bokm\u00e4ssa i h\u00f6stas.<\/em><\/p>\n<p>&nbsp;<\/p>\n<p><strong>I <i>Flyktingen<\/i>, utgiven 2013, men l\u00e4mnad i mina h\u00e4nder n\u00e5gra dagar efter Rysslands annektering av Krim, f\u00f6rskjuts perspektivet ytterligare.<\/strong> Dessutom m\u00f6ter vi dagligen m\u00e4nniskor som av olika anledningar l\u00e4mnat sitt land. Vi har blivit allt mer vana vid att se m\u00e4nniskor i n\u00f6d, kanske f\u00f6r vana.<\/p>\n<p><b>Boken \u00e4r sp\u00e4nnande, kapitlen korta och spr\u00e5ket flyter l\u00e4tt. <\/b>Den h\u00e4r g\u00e5ngen sker allt ur Amandas perspektiv. N\u00e4stan. L\u00e4saren f\u00e5r se utdrag ur andras brev och sms-meddelanden.<\/p>\n<p>Men ocks\u00e5 dokument fr\u00e5n Migrationsmyndigheten med \u00e4rendenummer och enkla fakta: K\u00f6n, nationalitet, l\u00e4ngd, vikt, status etc. Dokumenten vittnar samtidigt om hur synen p\u00e5 den andre f\u00f6rvr\u00e4nger myndighetens m\u00e4nniskosyn. Regler anv\u00e4nds som hinder, i st\u00e4llet f\u00f6r st\u00f6d.<\/p>\n<p><b>F\u00f6r det outtalade \u201dSverige\u201d som Amanda bor i har blivit h\u00e5rdare.<\/b> 14-\u00e5ringen har egen dator, mobil och g\u00e5r i skolan. Men familjen m\u00e5ste plocka bl\u00e5b\u00e4r varje sensommar f\u00f6r att f\u00f6rst\u00e4rka kassan, som p\u00e5 Moa Martinssons tid. Kanske betalningen \u00e4r densamma som den thail\u00e4ndska kvinna som jag k\u00f6pt bl\u00e5b\u00e4r och kantareller av utanf\u00f6r Nelins konditori. Om jag vill ha dem s\u00e5 m\u00e5ste n\u00e5gon plocka.<\/p>\n<p>Eller s\u00e5 \u00e4r det inte Sverige. Amanda noterar hur Timur, som han heter, sticker ut med sitt ljusa h\u00e5r. Som om det spelar n\u00e5gon roll, egentligen.<\/p>\n<p><strong><i>Flyktingen<\/i> passar perfekt f\u00f6r bokslukar\u00e5ldern.<\/strong> Men eftersom antalet bokslukare krympt, \u00e4r det skolans klassrumsl\u00e4sning (h\u00f6gstadiet) man f\u00e5r hoppas p\u00e5. Flyktingen \u00e4r en bra ing\u00e5ng till samtal om konflikter och vad de g\u00f6r med synen p\u00e5 medm\u00e4nniskan.<\/p>\n<p><i>Text: Ann-Charlotte Sandelin<br \/>\nFoto: Ann-Charlotte Sandelin och Mia Karlsv\u00e4rd<\/i><\/p>\n<blockquote><p><iframe loading=\"lazy\" src=\"https:\/\/www.flickr.com\/photos\/kultursidan\/13007821284\/player\/35fbb4130b\" height=\"130\" width=\"125\" allowfullscreen=\"\" frameborder=\"0\"><\/iframe><\/p>\n<p><strong>Jag tyckte boken var bra och jag str\u00e4ckl\u00e4ste den.<\/strong> En aspekt var f\u00f6r att den var l\u00e4ttl\u00e4st och kanske f\u00f6r lite yngre barn (f\u00f6r de mellan 12 och 14 \u00e5r).<\/p>\n<p>Andra anledningen var tack vare att den var s\u00e5 pass sp\u00e4nnande och k\u00e4ndes verklig. Flyktingar och hur de skickas fram och tillbaka mellan l\u00e4nder \u00e4r ju n\u00e5got mycket vanligt och man borde uppm\u00e4rksamma det.<\/p>\n<p><strong>Vilma Adolfsson<\/strong> 16 \u00e5r<\/p><\/blockquote>\n<p>&nbsp;<\/p>\n<blockquote>\n<h3><em>UNGDOMSROMAN<\/em><\/h3>\n<p><em><b>Flyktingen<br \/>\n<\/b>Titti Knutsson<\/em><\/p>\n<p style=\"padding-left: 30px;\"><em> Kabusa b\u00f6cker<\/em><br \/>\n<em> 2013<\/em><\/p>\n<\/blockquote>\n<p>L\u00c4NKAR<br \/>\nTitti Knutsson <a title=\"Titti Knutsson\" href=\"http:\/\/textmakareknutsson.se\" target=\"_blank\">hemsida <\/a><br \/>\nKabusa b\u00f6cker <a title=\"Kabusa b\u00f6cker\" href=\"http:\/\/www.kabusabocker.se\" target=\"_blank\">hemsida <\/a><\/p>\n<p>FLER BILDER \u2013 KLICKA<\/p>\n<p>[flickr-gallery mode=&#8221;photoset&#8221; photoset=&#8221;72157642041147283&#8243;]<\/p>\n","protected":false},"excerpt":{"rendered":"<p>NORRK\u00d6PING T\u00e4nk om? Amanda m\u00f6ter en ung man p\u00e5 flykt. F\u00f6rfattaren Titti Knutsson har tidigare i sin ungdomsbokserie gestaltat omv\u00e4rldens konflikter som om de utspelas h\u00e4r och nu. I Flyktingen f\u00f6rskjuts perspektiven en aning, \u00e4ven i v\u00e5rt land. <a class=\"continue-reading-link\" href=\"https:\/\/www.kultursidan.nu\/?p=14245\">L\u00e4s mer <span class=\"meta-nav\">&rarr; <\/span><\/a><\/p>\n","protected":false},"author":1001006,"featured_media":0,"comment_status":"closed","ping_status":"open","sticky":false,"template":"","format":"standard","meta":{"_jetpack_memberships_contains_paid_content":false,"footnotes":""},"categories":[55,64,7],"tags":[37,16],"class_list":["post-14245","post","type-post","status-publish","format-standard","hentry","category-linkoping","category-litteratur-2","category-norrkoping","tag-barnkultur","tag-litteratur"],"jetpack_featured_media_url":"","jetpack_sharing_enabled":true,"_links":{"self":[{"href":"https:\/\/www.kultursidan.nu\/index.php?rest_route=\/wp\/v2\/posts\/14245","targetHints":{"allow":["GET"]}}],"collection":[{"href":"https:\/\/www.kultursidan.nu\/index.php?rest_route=\/wp\/v2\/posts"}],"about":[{"href":"https:\/\/www.kultursidan.nu\/index.php?rest_route=\/wp\/v2\/types\/post"}],"author":[{"embeddable":true,"href":"https:\/\/www.kultursidan.nu\/index.php?rest_route=\/wp\/v2\/users\/1001006"}],"replies":[{"embeddable":true,"href":"https:\/\/www.kultursidan.nu\/index.php?rest_route=%2Fwp%2Fv2%2Fcomments&post=14245"}],"version-history":[{"count":0,"href":"https:\/\/www.kultursidan.nu\/index.php?rest_route=\/wp\/v2\/posts\/14245\/revisions"}],"wp:attachment":[{"href":"https:\/\/www.kultursidan.nu\/index.php?rest_route=%2Fwp%2Fv2%2Fmedia&parent=14245"}],"wp:term":[{"taxonomy":"category","embeddable":true,"href":"https:\/\/www.kultursidan.nu\/index.php?rest_route=%2Fwp%2Fv2%2Fcategories&post=14245"},{"taxonomy":"post_tag","embeddable":true,"href":"https:\/\/www.kultursidan.nu\/index.php?rest_route=%2Fwp%2Fv2%2Ftags&post=14245"}],"curies":[{"name":"wp","href":"https:\/\/api.w.org\/{rel}","templated":true}]}}