{"id":14269,"date":"2014-03-09T16:06:16","date_gmt":"2014-03-09T15:06:16","guid":{"rendered":"https:\/\/intelligent-friend-7861.standoutwp.com\/?p=14269"},"modified":"2014-04-25T23:07:41","modified_gmt":"2014-04-25T22:07:41","slug":"petter-och-son-tillsammans-pa-bravalla","status":"publish","type":"post","link":"https:\/\/www.kultursidan.nu\/?p=14269","title":{"rendered":"Petter och SON tillsammans p\u00e5 Br\u00e5valla"},"content":{"rendered":"<p><iframe loading=\"lazy\" src=\"https:\/\/www.flickr.com\/photos\/kultursidan\/13034118135\/in\/photolist-kRMgdK-kRP7bb-kRMhzn-kRN1fz-kRQWq6-9yPRSf-98ihps-98ihs5-98ihNj-ezudo4\/player\/\" width=\"500\" height=\"387\" frameborder=\"0\" allowfullscreen webkitallowfullscreen mozallowfullscreen oallowfullscreen msallowfullscreen><\/iframe><\/p>\n<p><i>Petter tar med ett riktigt stort band till Br\u00e5vallafestivalen \u2013 Norrk\u00f6pings symfoniorkester.<\/i><\/p>\n<p>&nbsp;<\/p>\n<h1><span style=\"color: #ff0000;\">Symfoniorkestern ger power till Petter<\/span><\/h1>\n<p>&nbsp;<\/p>\n<p><b>\u2013 T\u00e4nkte ta med mig det h\u00e4r bandet till Br\u00e5valla i sommar.<\/b> Till en j\u00e4vla festivalscen. Vad s\u00e4gs om det? #pettersommar #br\u00e5valla2014.<\/p>\n<p>I l\u00f6rdags sl\u00e4pptes nyheten att hiphopartisten Petter Alexis Askegren spelar med Norrk\u00f6pings symfoniorkester p\u00e5 Br\u00e5valla 27 juni. Petter sj\u00e4lv sl\u00e4ppte nyheten p\u00e5 Instagram och fick under de f\u00f6rsta 24 timmarna 1.359 gillare och m\u00e5nga glada tillrop.<\/p>\n<p>Norrk\u00f6pings symfoniorkester skickade ut ett pressmeddelande och gick ut p\u00e5 Facebook. D\u00e4r nyheten genast delades 15 g\u00e5nger.<\/p>\n<p>\u2013 F\u00f6r oss \u00e4r det en sj\u00e4lvklarhet att delta n\u00e4r Sveriges st\u00f6rsta musikevent \u00e4ger rum i Norrk\u00f6ping, s\u00e4ger Karin Veres, SON:s VD och konstn\u00e4rliga ledare.<\/p>\n<p>&nbsp;<\/p>\n<p><iframe loading=\"lazy\" src=\"https:\/\/www.flickr.com\/photos\/kultursidan\/13034262893\/player\/829cee8a88\" height=\"275\" width=\"400\" allowfullscreen=\"\" frameborder=\"0\"><\/iframe><br \/>\n<em> Hans Ek har gjort det f\u00f6rr, med b\u00e5de Norrk\u00f6pings symfoniorkester och med Petter. Fotot togs vid h\u00f6stens Music from the movies i De Geerhallen.<\/em><\/p>\n<p>&nbsp;<\/p>\n<p><b>Symfoniorkestern har genom \u00e5ren visat p\u00e5 b\u00e5de djup och bredd.<\/b> Om inspelningarna av komposit\u00f6ren Allan Petterssons musik utmanar p\u00e5 djupet h\u00f6r film- och musikalmusik till bredden. P\u00e5 dirigentpulten kommer Hans Ek att st\u00e5. Honom har Petter samarbetat med f\u00f6rr.<\/p>\n<p>\u2013 Hans Ek \u00e4r en av Sveriges skickligaste arrang\u00f6rer och dirigenter i den h\u00e4r genren, och vi har ett mycket l\u00e5ngt och gott samarbete med honom, s\u00e4ger Karin Veres.<\/p>\n<p>I h\u00f6stas ledde Hans Ek <i>Music from the movies<\/i> d\u00e5 Symfoniorkestern samarbetade med musikalartisterna Hanna Lindblad och Oskar Nilsson. 2011 var det Salem Al Fakir som g\u00e4stade SON. Backar man till 2002 var det lokala Liverpool som gav en konsert med Beatlesmusik, ocks\u00e5 d\u00e5 med Hans Ek som dirigent.<\/p>\n<p><b>\u2013 R\u00e4kna med en spelning som kommer att ge termen &#8221;m\u00e4ktigt&#8221; en helt ny inneb\u00f6rd,<\/b> d\u00e5 Petters uppsj\u00f6 av moderna, svenska klassiker f\u00e5r en ny inramning, skriver Br\u00e5vallafestivalen p\u00e5 sin hemsida.<\/p>\n<p>&nbsp;<\/p>\n<p><iframe loading=\"lazy\" src=\"https:\/\/www.flickr.com\/photos\/kultursidan\/13034835325\/player\/47e2ab4bef\" height=\"275\" width=\"400\" allowfullscreen=\"\" frameborder=\"0\"><\/iframe><br \/>\n<em> Petters arrangemang utnyttjar symfoniorkesterns m\u00f6jligheter, s\u00e4ger Karin Veres.<\/em><\/p>\n<p>&nbsp;<\/p>\n<p><b>Karin Veres ser fram emot samarbetet med Petter, som i dagarna \u00e4r mer aktuell \u00e4n n\u00e5gonsin.<\/b> P\u00e5 onsdag g\u00e4stspelar han p\u00e5 Kungliga operan med den scenens f\u00f6rsta hiphopkonsert n\u00e5gonsin. Det blir en livekonsert med senaste albumet <i>B\u00f6rjan p\u00e5 allt<\/i>.<\/p>\n<p>\u2013 Hans musik har arrangemang som verkligen utnyttjar hela symfoniorkesterns m\u00f6jligheter, p\u00e5pekar Karin Veres.<\/p>\n<p>I visionen om Musikstaden Norrk\u00f6ping 2020 st\u00e5r Norrk\u00f6pings symfoniorkester sedan l\u00e4nge i fr\u00e4msta ledet.<\/p>\n<p><i>Text: Ann-Charlotte Sandelin<br \/>\nFoto: Ann-Charlotte Sandelin, Melinda Reyes Hiltunen, Stina Gullander, Petter<\/i><\/p>\n<blockquote>\n<h3><em>BR\u00c5VALLAFESTIVALEN Norrk\u00f6ping<\/em><\/h3>\n<p>26 \u2013 28 juni 2014<em><br \/>\n<\/em><em><b>Petter och Norrk\u00f6pings symfoniorkester <\/b>27\/6<b><em><b> <\/b><\/em><br \/>\n<\/b><\/em><\/p>\n<p style=\"padding-left: 30px;\"><em>FLER AKTER MED LOKAL ANKNYTNING<\/em><br \/>\n<em> Markus Kruneg\u00e5rd 26\/6<\/em><br \/>\n<em> Den svenska Bj\u00f6rnstammen 26\/6<\/em><\/p>\n<p style=\"padding-left: 30px;\"><em>FLER AKTER MED HIPHOP<\/em><br \/>\n<em> Linda Pira, Stor &amp; Salazar Brothers 26\/6<\/em><br \/>\n<em> Mack Beats feat: Jaqe och Julia Spada 26\/6<\/em><br \/>\n<em> Chance The Rapper 27\/6<\/em><br \/>\n<em> Kanye West 28\/6<\/em><\/p>\n<\/blockquote>\n<p>L\u00c4NKAR<br \/>\nBr\u00e5vallafestivalen <a title=\"Br\u00e5vallafestivalen\" href=\"http:\/\/www.bravallafestival.se\" target=\"_blank\">hemsida <\/a><br \/>\nPetter <a title=\"Petter\" href=\"http:\/\/www.petter.nu\" target=\"_blank\">hemsida <\/a><br \/>\nSON <a href=\"http:\/\/www.norrkopingssymfoniorkester.se\">hemsida<\/a><\/p>\n<p>FLER BILDER\u00a0 \u2013 KLICKA<\/p>\n<p>[flickr-gallery mode=&#8221;photoset&#8221; photoset=&#8221;72157642098287393&#8243;]<\/p>\n","protected":false},"excerpt":{"rendered":"<p>NORRK\u00d6PING Uppbackning. Hiphopartisten Petter spelar med Norrk\u00f6pings symfoniorkester p\u00e5 Br\u00e5valla 27 juni. \u201dR\u00e4kna med en spelning som kommer att ge termen &#8221;m\u00e4ktigt&#8221; en helt ny inneb\u00f6rd\u201d, skriver Br\u00e5vallafestivalen p\u00e5 sin hemsida. <a class=\"continue-reading-link\" href=\"https:\/\/www.kultursidan.nu\/?p=14269\">L\u00e4s mer <span class=\"meta-nav\">&rarr; <\/span><\/a><\/p>\n","protected":false},"author":1001006,"featured_media":0,"comment_status":"closed","ping_status":"open","sticky":false,"template":"","format":"standard","meta":{"_jetpack_memberships_contains_paid_content":false,"footnotes":""},"categories":[7],"tags":[13],"class_list":["post-14269","post","type-post","status-publish","format-standard","hentry","category-norrkoping","tag-musik"],"jetpack_featured_media_url":"","jetpack_sharing_enabled":true,"_links":{"self":[{"href":"https:\/\/www.kultursidan.nu\/index.php?rest_route=\/wp\/v2\/posts\/14269","targetHints":{"allow":["GET"]}}],"collection":[{"href":"https:\/\/www.kultursidan.nu\/index.php?rest_route=\/wp\/v2\/posts"}],"about":[{"href":"https:\/\/www.kultursidan.nu\/index.php?rest_route=\/wp\/v2\/types\/post"}],"author":[{"embeddable":true,"href":"https:\/\/www.kultursidan.nu\/index.php?rest_route=\/wp\/v2\/users\/1001006"}],"replies":[{"embeddable":true,"href":"https:\/\/www.kultursidan.nu\/index.php?rest_route=%2Fwp%2Fv2%2Fcomments&post=14269"}],"version-history":[{"count":0,"href":"https:\/\/www.kultursidan.nu\/index.php?rest_route=\/wp\/v2\/posts\/14269\/revisions"}],"wp:attachment":[{"href":"https:\/\/www.kultursidan.nu\/index.php?rest_route=%2Fwp%2Fv2%2Fmedia&parent=14269"}],"wp:term":[{"taxonomy":"category","embeddable":true,"href":"https:\/\/www.kultursidan.nu\/index.php?rest_route=%2Fwp%2Fv2%2Fcategories&post=14269"},{"taxonomy":"post_tag","embeddable":true,"href":"https:\/\/www.kultursidan.nu\/index.php?rest_route=%2Fwp%2Fv2%2Ftags&post=14269"}],"curies":[{"name":"wp","href":"https:\/\/api.w.org\/{rel}","templated":true}]}}