{"id":14278,"date":"2014-03-09T19:14:13","date_gmt":"2014-03-09T18:14:13","guid":{"rendered":"https:\/\/intelligent-friend-7861.standoutwp.com\/?p=14278"},"modified":"2014-04-25T23:08:43","modified_gmt":"2014-04-25T22:08:43","slug":"samtal-pa-internationella-kvinnodagen","status":"publish","type":"post","link":"https:\/\/www.kultursidan.nu\/?p=14278","title":{"rendered":"Samtal p\u00e5 Internationella kvinnodagen"},"content":{"rendered":"<p><iframe loading=\"lazy\" src=\"https:\/\/www.flickr.com\/photos\/kultursidan\/13036441555\/in\/photolist-kRZRAB-kS21x3-kRZS64-kRZce8-kRZaTH-kS1Y2b\/player\/\" width=\"500\" height=\"333\" frameborder=\"0\" allowfullscreen webkitallowfullscreen mozallowfullscreen oallowfullscreen msallowfullscreen><\/iframe><\/p>\n<p><i>Byr\u00e5n mot diskriminering arrangerade panelsamtal om utlandsf\u00f6dda kvinnors m\u00f6jligheter i samh\u00e4llet p\u00e5 Internationella kvinnodagen.<\/i><\/p>\n<p>&nbsp;<\/p>\n<h1><span style=\"color: #ff0000;\">&#8221;Ta tag i det ni vill engagera er i!&#8221;<\/span><\/h1>\n<p>&nbsp;<\/p>\n<p><b>Systemfel eller individuella f\u00f6ruts\u00e4ttningar?<\/b> Ett av inslagen under Internationella kvinnodagen p\u00e5 Arbetets museum handlade om utlandsf\u00f6dda kvinnors m\u00f6jligheter att delta i samh\u00e4lls- och f\u00f6reningslivet. Byr\u00e5n mot diskriminering f\u00f6ljde upp sitt projekt <i>Vi avg\u00f6r framtiden!<\/i> med ett panelsamtal. Moderator var projektledaren Nodira Aminova.<\/p>\n<p>&nbsp;<\/p>\n<p><iframe loading=\"lazy\" src=\"https:\/\/www.flickr.com\/photos\/kultursidan\/13036791844\/player\/5e99d2f8ef\" height=\"280\" width=\"400\" allowfullscreen=\"\" frameborder=\"0\"><\/iframe><br \/>\n<em> M\u00e5nga var i r\u00f6relse under Internationella kvinnodagen p\u00e5 Arbetets museum.<\/em><\/p>\n<p>&nbsp;<\/p>\n<p><b>Men dagen b\u00f6rjade med demonstrationst\u00e5g fr\u00e5n H\u00f6rsalsparken till Laxholmstorget.<\/b> Inne p\u00e5 Arbetets museum fylldes huset av aktiviteter, fr\u00e4mst p\u00e5 plan 6. D\u00e4r dukade flera partier och andra organisationer upp till minim\u00e4ssa med bokbord och ballonger.<\/p>\n<p>Journalisten och f\u00f6rfattaren Ulrika Nandra talade om hedersv\u00e5ld och maktut\u00f6vande. Andra aktiviteter var sj\u00e4lvf\u00f6rsvarskurs och Teater Tamauers musikal <i>Pigan<\/i> \u2013 en f\u00f6rest\u00e4llning om rutavdraget och vad som kan h\u00e4nda n\u00e4r en ung nyinflyttad tjej i G\u00f6teborg b\u00f6rjar p\u00e5 ett st\u00e4df\u00f6retag.<\/p>\n<p>&nbsp;<\/p>\n<p><iframe loading=\"lazy\" src=\"https:\/\/www.flickr.com\/photos\/kultursidan\/13036800304\/player\/75f26135fe\" height=\"280\" width=\"400\" allowfullscreen=\"\" frameborder=\"0\"><\/iframe><\/p>\n<p><em>Nodira Aminova h\u00f6ll i seminariet som arrangerades av Byr\u00e5n mot diskriminering.<\/em><\/p>\n<p>&nbsp;<\/p>\n<p><b>Byr\u00e5n mot diskriminerings panelsamtal om utlandsf\u00f6dda kvinnors makt och inflytande i dagens samh\u00e4lle och f\u00f6reningsliv i Norrk\u00f6pingar spretade i olika riktningar.<\/b> Moderatorn Nodira Aminova inledde med att presentera projektet <i>Vi avg\u00f6r framtiden! <\/i>som ger 20 kvinnor ledarskapsutbildning och f\u00f6reningskunnande med m\u00e5let att minst h\u00e4lften av dem ska n\u00e5 styrelsepositioner i f\u00f6reningslivet, g\u00e4rna i det politiska arbetet<i>. <\/i><\/p>\n<p><b>\u2013 Om n\u00e5gon vill ha mer makt s\u00e5 m\u00e5ste n\u00e5gon maka p\u00e5 sig, filosoferade kommunalr\u00e5det Lars Stjernqvist (S).<\/b> Sedan 2001 har vi best\u00e4mt att v\u00e5ra vallistor ska se ut som Sveriges befolkning, inte bara vad g\u00e4ller f\u00f6rdelningen mellan kvinnor och m\u00e4n utan ocks\u00e5 vad g\u00e4ller utlandsf\u00f6dda. Men ju h\u00f6gre upp i hierarkin, ju mer syns m\u00e4n i toppen.<\/p>\n<p>Moderaterna vill av princip inte kvotera. Men oppositionsr\u00e5det P\u00e4ivi Johansson (M) har sett en hel del kvinnor som kommit in i och sedan l\u00e4mnat partiet. Och resonerade i termerna att det beh\u00f6vs en grupp som st\u00f6ttar varandra.<\/p>\n<p>\u2013 Man m\u00e5ste prestera sj\u00e4lv. Och ha n\u00e5gon som vill en v\u00e4l, sade P\u00e4ivi Johansson och h\u00e4vdade att m\u00f6jligheterna \u00e4r stora f\u00f6r den som vill ta plats.<\/p>\n<p>\u2013 \u00c4ven om man st\u00e5r som nummer 15 p\u00e5 vallistan s\u00e5 finns d\u00e4r m\u00e5nga uppdrag. De personer som verkligen vill n\u00e5got \u00e4r de som m\u00e4rks och kommer fram.<\/p>\n<p>&nbsp;<\/p>\n<p><iframe loading=\"lazy\" src=\"https:\/\/www.flickr.com\/photos\/kultursidan\/13036446045\/player\/8dc41c42d7\" height=\"280\" width=\"400\" allowfullscreen=\"\" frameborder=\"0\"><\/iframe><br \/>\n<em>Panelen: Hadeel Ali, Ewa Maria Piotrowicz, Miriam Fuenzeliaa, P\u00e4vi Johansson och Lars Stjernqvist.\u00a0<\/em><\/p>\n<p>&nbsp;<\/p>\n<p><b>Myriam Fuenzalida Alcayaga \u00e4r ordf\u00f6rande f\u00f6r R\u00f6da korset i Norrk\u00f6ping och d\u00e4rmed en viktig f\u00f6rebild.<\/b> Hon po\u00e4ngterade hur viktigt det \u00e4r f\u00f6r utlandsf\u00f6dda kvinnor att komma in p\u00e5 arbetsmarknaden.<\/p>\n<p>\u2013 R\u00f6da korset utbildar folk i olika uppgifter. Det \u00e4r n\u00e5got de politiska partierna skulle kunna g\u00f6ra, uppmanade Myriam Fuenzalida Alcayaga som ocks\u00e5 talade varmt f\u00f6r att engagera sig i barnens skolg\u00e5ng, som en v\u00e4g f\u00f6r kvinnor att f\u00e5 mer kontakt med samh\u00e4llet.<\/p>\n<p><b>B\u00e5de Eva Maria Piotrowicz och Hadeel Ali fr\u00e5gade efter b\u00e4ttre system och metoder f\u00f6r att bem\u00f6ta utlandsf\u00f6dda.<\/b> Eva Maria Piotrowicz p\u00e5pekade att skillnaderna mellan olika grupper \u00f6kat inom det svenska v\u00e5rdsystemet sedan 1980-talet.<\/p>\n<p>\u2013 Utg\u00e5 fr\u00e5n brukarens behov, sade hon och po\u00e4ngterade att kommunikationenen mellan makten och folket m\u00e5ste vara dubbelriktat.<\/p>\n<p>\u2013 De vill h\u00f6ras, de som k\u00e4nner sig utanf\u00f6r samh\u00e4llet.<\/p>\n<p>&nbsp;<\/p>\n<p><iframe loading=\"lazy\" src=\"https:\/\/www.flickr.com\/photos\/kultursidan\/13036576773\/player\/64175c3df4\" height=\"280\" width=\"400\" allowfullscreen=\"\" frameborder=\"0\"><\/iframe><br \/>\n<em>Hadeel Ali lyfte fram att m\u00e4nniskor \u00e4r olika och beh\u00f6ver bem\u00f6tas p\u00e5 olika s\u00e4tt.\u00a0 Till h\u00f6ger om henne Eva Maria Piotrowicz.<\/em><\/p>\n<p>&nbsp;<\/p>\n<p><strong>Hadeel Ali t\u00e4nkte mer p\u00e5 SFI-undervisningen:<\/strong><\/p>\n<p>\u2013 Man kan inte s\u00e4tta ihop personer som \u00e4r olika och bem\u00f6ta dem p\u00e5 samma s\u00e4tt, sade hon och efterfr\u00e5gade ett mer individanpassat system.<\/p>\n<p>\u2013 Ta tag i det ni vill engagera er i! V\u00e5rt samh\u00e4lle bara v\u00e4ntar p\u00e5 er, avslutade Myriam Fuenzalida Alcayaga panelsamtalet.<\/p>\n<p><b>P\u00e5 kv\u00e4llen gick allvaret \u00f6ver i kvinnodagsfirande.<\/b> Sing\/songwritern Amanda Leonardsson spelade i Caf\u00e9 Strykj\u00e4rnet d\u00e4refter blev det fest i Laxholmsk\u00e4llaren med Luntgatan Girls och DJ.<\/p>\n<p><i>Text och foto: Ann-Charlotte Sandelin<br \/>\n<\/i><\/p>\n<blockquote>\n<h3><em>ARBETETS MUSEUM Norrk\u00f6ping<\/em><\/h3>\n<p>8 mars 2014<em><br \/>\n<\/em><b><em>Internationella kvinnodagen<\/em><br \/>\n<\/b><\/p><\/blockquote>\n<p>L\u00c4NKAR<br \/>\nByr\u00e5n mot diskriminering <a title=\"Byr\u00e5n mot diskriminering\" href=\"http:\/\/www.diskriminering.se\" target=\"_blank\">hemsida <\/a><br \/>\nR\u00f6da korset <a title=\"R\u00f6da korset\" href=\"http:\/\/kommun.redcross.se\/norrkoping\/\" target=\"_blank\">hemsida <\/a><br \/>\nArbetets museum <a title=\"Arbetets museum\" href=\"http:\/\/www.arbetetsmuseum.se\" target=\"_blank\">hemsida<\/a><br \/>\nFLER BILDER FR\u00c5N INTERNATIONELLA KVINNODAGEN \u2013 KLICKA<\/p>\n<p>[flickr-gallery mode=&#8221;photoset&#8221; photoset=&#8221;72157642103714864&#8243;]<\/p>\n","protected":false},"excerpt":{"rendered":"<p>NORRK\u00d6PING Systemfel eller individuella f\u00f6ruts\u00e4ttningar? Ett av inslagen p\u00e5 Arbetets museum handlade om utlandsf\u00f6dda kvinnors m\u00f6jligheter att delta i samh\u00e4lls- och f\u00f6reningslivet. Byr\u00e5n mot diskriminering f\u00f6ljde upp sitt projekt Vi avg\u00f6r framtiden! med ett panelsamtal. <a class=\"continue-reading-link\" href=\"https:\/\/www.kultursidan.nu\/?p=14278\">L\u00e4s mer <span class=\"meta-nav\">&rarr; <\/span><\/a><\/p>\n","protected":false},"author":1001006,"featured_media":0,"comment_status":"closed","ping_status":"open","sticky":false,"template":"","format":"standard","meta":{"_jetpack_memberships_contains_paid_content":false,"footnotes":""},"categories":[7],"tags":[15,54,56],"class_list":["post-14278","post","type-post","status-publish","format-standard","hentry","category-norrkoping","tag-debatt","tag-evenemang","tag-politik"],"jetpack_featured_media_url":"","jetpack_sharing_enabled":true,"_links":{"self":[{"href":"https:\/\/www.kultursidan.nu\/index.php?rest_route=\/wp\/v2\/posts\/14278","targetHints":{"allow":["GET"]}}],"collection":[{"href":"https:\/\/www.kultursidan.nu\/index.php?rest_route=\/wp\/v2\/posts"}],"about":[{"href":"https:\/\/www.kultursidan.nu\/index.php?rest_route=\/wp\/v2\/types\/post"}],"author":[{"embeddable":true,"href":"https:\/\/www.kultursidan.nu\/index.php?rest_route=\/wp\/v2\/users\/1001006"}],"replies":[{"embeddable":true,"href":"https:\/\/www.kultursidan.nu\/index.php?rest_route=%2Fwp%2Fv2%2Fcomments&post=14278"}],"version-history":[{"count":0,"href":"https:\/\/www.kultursidan.nu\/index.php?rest_route=\/wp\/v2\/posts\/14278\/revisions"}],"wp:attachment":[{"href":"https:\/\/www.kultursidan.nu\/index.php?rest_route=%2Fwp%2Fv2%2Fmedia&parent=14278"}],"wp:term":[{"taxonomy":"category","embeddable":true,"href":"https:\/\/www.kultursidan.nu\/index.php?rest_route=%2Fwp%2Fv2%2Fcategories&post=14278"},{"taxonomy":"post_tag","embeddable":true,"href":"https:\/\/www.kultursidan.nu\/index.php?rest_route=%2Fwp%2Fv2%2Ftags&post=14278"}],"curies":[{"name":"wp","href":"https:\/\/api.w.org\/{rel}","templated":true}]}}