{"id":14377,"date":"2014-03-21T21:47:58","date_gmt":"2014-03-21T20:47:58","guid":{"rendered":"https:\/\/intelligent-friend-7861.standoutwp.com\/?p=14377"},"modified":"2017-01-31T13:57:48","modified_gmt":"2017-01-31T12:57:48","slug":"glatt-och-varmt-med-konst-eller-klocka-5-0","status":"publish","type":"post","link":"https:\/\/www.kultursidan.nu\/?p=14377","title":{"rendered":"Glatt och varmt med Konst eller klocka 5.0"},"content":{"rendered":"<p><iframe loading=\"lazy\" src=\"https:\/\/www.flickr.com\/photos\/kultursidan\/13288286583\/in\/photolist-mfeWDn-mfeYkt-e4xyyE-e4rX6H-e4rX1x-e4rWXV-e4rX4B-e4xywu-e4xyAN-e4rX8T-bA7kKK-bA774c-bA7mgX-bA76Qc-bncvfd-bncr8o-bncfcu-bA76oe-bA767B-bncreb-bncf3u-bA7kRv-bncuLm-bncvvu-bncvnW-bncrJf-bnceK3-bA7m7V-bncrrq-bncryC-bncfuq-bncnPs-bncnEs-bnco71-bncodS-e4rXkk\/player\/\" width=\"500\" height=\"327\" frameborder=\"0\" allowfullscreen=\"allowfullscreen\"><\/iframe><br \/>\n<em>V\u00e4lkommen in. Alexander Hadads mytologiska skulptur skapar bilden.<\/em><\/p>\n<p>&nbsp;<\/p>\n<h1><span style=\"color: #ff0000;\">S:t Olofsmedalj\u00f6rerna har f\u00f6rsta tjing<\/span><\/h1>\n<p>&nbsp;<\/p>\n<p><b>V\u00e4lkomnande och v\u00e4rmande, det ska vara mycket att v\u00e4lja p\u00e5. <\/b>Samlingsutst\u00e4llningen p\u00e5 Galleri Kronan \u00e4r en \u00f6gonblicksbild av den regionala konsten, med en fingervisning om vart konstn\u00e4rerna befinner sig, \u00e4r p\u00e5 v\u00e4g. N\u00e4r S:t Olofsmedalj\u00f6rerna valt \u00e4r det fritt fram f\u00f6r alla.<\/p>\n<p>Den femte i ordningen, <i>Konst eller klocka 5.0<\/i> s\u00e5ledes. Titeln \u00e4r densamma och nu g\u00e5r allts\u00e5 samarbetsutst\u00e4llningen f\u00f6r Norrk\u00f6pings kommuns S:t Olofsmedalj\u00f6rer in i en v\u00e4lgrundad tradition. Medalj\u00f6rerna \u00e4r anst\u00e4llda eller politiker som utf\u00f6rt sitt v\u00e4rv under en l\u00e5ng rad av \u00e5r och nu bel\u00f6nas med en liten gratifikation. F\u00f6rslagsvis ett konstverk.<\/p>\n<p>&nbsp;<\/p>\n<p><iframe loading=\"lazy\" src=\"https:\/\/www.flickr.com\/photos\/kultursidan\/13288495534\/player\/e0da20a208\" width=\"400\" height=\"350\" frameborder=\"0\" allowfullscreen=\"allowfullscreen\"><\/iframe><br \/>\n<em>F\u00f6r halsen. Ett av <\/em><em>guldsmeden <\/em><em>Maria B\u00f6rjessons tre smycken.<\/em><\/p>\n<p>&nbsp;<\/p>\n<p><b>Det h\u00e4nger tavlor i dubbla rader i Galleri Kronans stora rum.<\/b> Det h\u00e4nger fler i de mindre rummen l\u00e4ngre in och en trappa upp. 32 konstn\u00e4rer deltar, merparten medlemmar i lokala Kifin (Konstn\u00e4rernas intressef\u00f6rening i Norrk\u00f6ping), n\u00e5gra medlemmar i KRO (Konstn\u00e4rernas riksorganisation) och Konsthantverkarna. V\u00e4rdet p\u00e5 varje enskilt verk \u00e4r satt till h\u00f6gst 5.000 kronor.<\/p>\n<p>Begr\u00e4nsningen g\u00f6r att det blir n\u00e5got helt annat \u00e4n en vanlig utst\u00e4llning. H\u00e4r blir det lite mer av hemk\u00e4nsla. Och som Kronans gallerist Karolina Nilsson s\u00e4ger ska det k\u00e4nnas att det finns mycket att v\u00e4lja p\u00e5 \u2013 oavsett om \u00e5sk\u00e5daren h\u00f6r till den vana konstpubliken eller har andra intressen.<\/p>\n<p>&nbsp;<\/p>\n<p><iframe loading=\"lazy\" src=\"https:\/\/www.flickr.com\/photos\/kultursidan\/13288140715\/player\/7a6f5d19af\" width=\"400\" height=\"280\" frameborder=\"0\" allowfullscreen=\"allowfullscreen\"><\/iframe><br \/>\n<em> Inte en den andra lik.\u00a0Verk av Amjad Altayyar, Aaid Jasmin, \u00c5ke Bjurhamn och Peggy Palmstedt.<\/em><\/p>\n<p>&nbsp;<\/p>\n<p><b>Med mellan 90 och 100 verk, var och en har bidragit med tre verk eller i n\u00e5gra fall tv\u00e5, har det varit ett drygt jobb. <\/b>Med p\u00e5 pressvisningen \u00e4r konstn\u00e4rerna Falah Alani och Alexander Hadad som inte bara visar sina egna verk utan har hj\u00e4lpt till med att h\u00e4nga upp alla andras.<\/p>\n<p>\u2013 Vi har f\u00e5tt ge upp tanken p\u00e5 att h\u00e4nga luftigt, s\u00e4ger Karolina Nilsson som ber\u00e4ttar att de plockat och plockat om bland tavlorna.<br \/>\n\u2013 Det \u00e4r sv\u00e5rt, vi vill g\u00f6ra verken r\u00e4ttvisa. Ingen ska k\u00e4nna att den hamnat bakom en d\u00f6rr och inte ses.<\/p>\n<p>Karolina Nilsson tillbakavisar tanken p\u00e5 att de b\u00e4sta verken finns i f\u00f6rsta rummet, i st\u00e4llet har verk av en konstn\u00e4r f\u00e5tt m\u00f6ta verk av olika i var och en av de tre h\u00e4ngningarna.<\/p>\n<p>\u2013 Inget f\u00e5r k\u00e4nnas om en andrasortering, utst\u00e4llningen ska k\u00e4nnas som en helhet.<\/p>\n<p>&nbsp;<\/p>\n<p><iframe loading=\"lazy\" src=\"https:\/\/www.flickr.com\/photos\/kultursidan\/13288294973\/player\/949d9134a1\" width=\"400\" height=\"260\" frameborder=\"0\" allowfullscreen=\"allowfullscreen\"><\/iframe><br \/>\n<em> Trio. Helena Forsberg g\u00e5r mot gryning. Falah Alanis svarta hund finns p\u00e5 alla hans glada tavlor. Vivi-Anne Persson p\u00e5minner om naturens sk\u00f6nhet.<\/em><\/p>\n<p>&nbsp;<\/p>\n<p><b>Den intensiva och f\u00e4rgglada utst\u00e4llningen \u00e4r en \u00f6gonblicksbild av den regionala konsten, ger en fingervisning om var konstn\u00e4rerna befinner sig, vart de \u00e4r p\u00e5 v\u00e4g.<\/b> N\u00e5gra verk \u00e4r helt nya, andra har n\u00e5got eller n\u00e5gra \u00e5r p\u00e5 nacken. Ny i s\u00e4llskapet \u00e4r Jan Pol som presenterar sig med mytologiskt inspirerade bilder. Den inspirationen delar han med skulpt\u00f6ren Alexander Hadad.<\/p>\n<p>M\u00e5nga av konstn\u00e4rerna har haft separatutst\u00e4llningar under de senaste \u00e5ren, den som f\u00f6ljt med ser gamla bekanta g\u00e5 i nya riktningar. Som Stina Hallgren som m\u00e5lar sm\u00e5 sm\u00e5 rektanglar.<\/p>\n<p>Jonny Olsson Grundstr\u00f6m\u00a0 g\u00e5r vidare med sin m\u00e5leriska fotokonst, en belyst gestalt i ett m\u00f6rker minner om senromantiska st\u00e4mningar. \u00c5sa Kummu experimenterar med m\u00e5leri\/tryck\/batik(?) p\u00e5 textil och visar naturmotiv. N\u00e5got hon inte \u00e4r ensam om, fr\u00e5n S\u00f6ren Olssons landskap till Helena Forsbergs dagbr\u00e4ckning till Vivi-Anne Perssons orkid\u00e9 i ett f\u00f6nster. Sp\u00e4nnvidden \u00e4r stor.<\/p>\n<p>Saad Hajo tecknar p\u00e5 glas, l\u00e5ter skuggan falla bak\u00e5t i tavlans l\u00e5da. P\u00e5 glas flyger Ann-Lis Enlunds f\u00e5gel. Erik Cederquist h\u00e5ller en stram gr\u00e5skala, Aaid Jasim \u00e4r f\u00e4rgstark, \u00c5ke Bjurhamn likas\u00e5 fast p\u00e5 ett annat s\u00e4tt. Och s\u00e5 vidare. Inte en \u00e4r den andra lik. Och Jan-Erik Frisendahl \u2013 nestorn \u2013 st\u00e4ndigt oppositionell.<\/p>\n<p>&nbsp;<\/p>\n<p><iframe loading=\"lazy\" src=\"https:\/\/www.flickr.com\/photos\/kultursidan\/13288133735\/player\/be1c16ea65\" width=\"400\" height=\"290\" frameborder=\"0\" allowfullscreen=\"allowfullscreen\"><\/iframe><br \/>\n<em> Hoppande gestalt. Jonny Olsson Grundstr\u00f6m\u00a0 g\u00e5r vidare med sin m\u00e5leriska fotokonst. Till v\u00e4nster Semira Wahabs Blue\u00a0 apple.<br \/>\n<\/em><\/p>\n<p>&nbsp;<\/p>\n<p><b>V\u00e5rljuset g\u00e5r mot skymning och Karolina t\u00e4nder lamporna i rummet.<\/b> Genast lyser konstverken upp och samtalar glatt med varandra. N\u00e4r S:t Olofsmedalj\u00f6rerna valt \u00e4r det fritt fram f\u00f6r alla andra.<\/p>\n<p><i>Text: Ann-Charlotte Sandelin<br \/>\nFoto: Nils-G\u00f6ran Tillgren<\/i><\/p>\n<blockquote>\n<h3><em>GALLERI KRONAN Norrk\u00f6ping<\/em><\/h3>\n<p>22 mars \u2013 6 april 2014<em><br \/>\n<b>Konst eller klocka 5.0<br \/>\n<\/b>Utst\u00e4llning f\u00f6r \u00e5rets S:t Olofsmedalj\u00f6rer<\/em><\/p><\/blockquote>\n<p>L\u00c4NKAR<br \/>\nS:t Olofsmedaljer <a title=\"Info\" href=\"http:\/\/www.norrkoping.se\/organisation\/kommunen\/kommunstyrelsen\/kskontor\/personal\/medaljer\/index.xml\" target=\"_blank\">info <\/a><br \/>\nGalleri Kronan <a title=\"Galleri Kronan\" href=\"http:\/\/www.gallerikronan.se\" target=\"_blank\">hemsida<\/a><\/p>\n<p>BILDSPEL (FLASH) \u2013 KLICKA P\u00c5 BILDEN <em><br \/>\nALT\/MOBIL: SE BILDSPELET <a title=\"Bildspel\" href=\"https:\/\/www.flickr.com\/photos\/kultursidan\/sets\/72157642640051684\/show\/\" target=\"_blank\">H\u00c4R<\/a><\/em><br \/>\n<object width=\"400\" height=\"300\"><param name=\"flashvars\" value=\"offsite=true&amp;lang=en-us&amp;page_show_url=%2Fphotos%2Fkultursidan%2Fsets%2F72157642640051684%2Fshow%2F&amp;page_show_back_url=%2Fphotos%2Fkultursidan%2Fsets%2F72157642640051684%2F&amp;set_id=72157642640051684&amp;jump_to=\" \/><param name=\"movie\" value=\"https:\/\/www.flickr.com\/apps\/slideshow\/show.swf?v=1811922554\" \/><param name=\"allowFullScreen\" value=\"true\" \/><\/object><\/p>\n","protected":false},"excerpt":{"rendered":"<p>NORRK\u00d6PING V\u00e4lkomnande. Det ska vara mycket att v\u00e4lja p\u00e5. Samlingsutst\u00e4llningen p\u00e5 Galleri Kronan \u00e4r en \u00f6gonblicksbild av den regionala konsten, ger en fingervisning om var konstn\u00e4rerna befinner sig, vart de \u00e4r p\u00e5 v\u00e4g. N\u00e4r S:t Olofmedalj\u00f6rerna valt \u00e4r det fritt fram f\u00f6r alla. <a class=\"continue-reading-link\" href=\"https:\/\/www.kultursidan.nu\/?p=14377\">L\u00e4s mer <span class=\"meta-nav\">&rarr; <\/span><\/a><\/p>\n","protected":false},"author":1001006,"featured_media":0,"comment_status":"closed","ping_status":"open","sticky":false,"template":"","format":"standard","meta":{"_jetpack_memberships_contains_paid_content":false,"footnotes":""},"categories":[7],"tags":[14],"class_list":["post-14377","post","type-post","status-publish","format-standard","hentry","category-norrkoping","tag-konst"],"jetpack_featured_media_url":"","jetpack_sharing_enabled":true,"_links":{"self":[{"href":"https:\/\/www.kultursidan.nu\/index.php?rest_route=\/wp\/v2\/posts\/14377","targetHints":{"allow":["GET"]}}],"collection":[{"href":"https:\/\/www.kultursidan.nu\/index.php?rest_route=\/wp\/v2\/posts"}],"about":[{"href":"https:\/\/www.kultursidan.nu\/index.php?rest_route=\/wp\/v2\/types\/post"}],"author":[{"embeddable":true,"href":"https:\/\/www.kultursidan.nu\/index.php?rest_route=\/wp\/v2\/users\/1001006"}],"replies":[{"embeddable":true,"href":"https:\/\/www.kultursidan.nu\/index.php?rest_route=%2Fwp%2Fv2%2Fcomments&post=14377"}],"version-history":[{"count":0,"href":"https:\/\/www.kultursidan.nu\/index.php?rest_route=\/wp\/v2\/posts\/14377\/revisions"}],"wp:attachment":[{"href":"https:\/\/www.kultursidan.nu\/index.php?rest_route=%2Fwp%2Fv2%2Fmedia&parent=14377"}],"wp:term":[{"taxonomy":"category","embeddable":true,"href":"https:\/\/www.kultursidan.nu\/index.php?rest_route=%2Fwp%2Fv2%2Fcategories&post=14377"},{"taxonomy":"post_tag","embeddable":true,"href":"https:\/\/www.kultursidan.nu\/index.php?rest_route=%2Fwp%2Fv2%2Ftags&post=14377"}],"curies":[{"name":"wp","href":"https:\/\/api.w.org\/{rel}","templated":true}]}}