{"id":14463,"date":"2014-03-29T12:47:15","date_gmt":"2014-03-29T11:47:15","guid":{"rendered":"https:\/\/intelligent-friend-7861.standoutwp.com\/?p=14463"},"modified":"2017-04-10T15:32:29","modified_gmt":"2017-04-10T14:32:29","slug":"latt-surrealism-med-mjuk-svarta-recension","status":"publish","type":"post","link":"https:\/\/www.kultursidan.nu\/?p=14463","title":{"rendered":"L\u00e4tt surrealism med mjuk sv\u00e4rta (recension)"},"content":{"rendered":"<p><a title=\"Lasse S\u00f6derberg st\u00e4ller ut grafik p\u00e5 Galleri Sander\/NP33.\" href=\"https:\/\/www.flickr.com\/photos\/kultursidan\/13431514303\/in\/album-72157642964289143\/\"><img loading=\"lazy\" decoding=\"async\" src=\"https:\/\/c1.staticflickr.com\/4\/3802\/13431514303_b98f70d971.jpg\" alt=\"Lasse S\u00f6derberg st\u00e4ller ut grafik p\u00e5 Galleri Sander\/NP33.\" width=\"500\" height=\"333\" \/><\/a><br \/>\n<i>Grafik 1967\u20131991. Lasse S\u00f6derberg visar svartvit grafik med stillsam konsekvens av underfundighet i svart och vitt.<br \/>\n<\/i><\/p>\n<p>&nbsp;<\/p>\n<h1><span style=\"color: #ff0000;\">Kroppen avtecknas ur m\u00f6rkret mot ljuset<\/span><\/h1>\n<p>&nbsp;<\/p>\n<p><b>Lasse S\u00f6derberg visar en grafiksvit som sp\u00e4nner \u00f6ver \u00e5ren fr\u00e5n 1967 till 1991 p\u00e5 Galler Sander\/NP33.<\/b> Skickligheten med torrn\u00e5len kompletteras med en underfundig lek med s\u00e5v\u00e4l motiv som med det svarta och det vita. En h\u00f6gst sev\u00e4rd utst\u00e4llning av grafikens klassiska tekniker.<\/p>\n<p>Av utst\u00e4llningens presentationsblad f\u00e5r jag veta att Lasse S\u00f6derberg, f\u00f6dd i Ulv\u00f6hamn 1941, hunnit arbeta som b\u00e5de gruvarbetare och sj\u00f6man innan han kom in p\u00e5 Konsth\u00f6gskolans grafiklinje \u00e5r 1965. En kvalificerad gissning \u00e4r att det var p\u00e5 Ulv\u00f6n, \u00d6rnsk\u00f6ldsviks sk\u00e4rg\u00e5rd, han steg ner i gruvan. Fram till 1961 br\u00f6ts d\u00e4r n\u00e4mligen j\u00e4rnmalm, titan och vanadin. P\u00e5 Konsth\u00f6gskolan studerade han fram till 1970.<\/p>\n<p>&nbsp;<\/p>\n<p><iframe loading=\"lazy\" src=\"https:\/\/www.flickr.com\/photos\/kultursidan\/13431770574\/player\/\" width=\"400\" height=\"280\" frameborder=\"0\" allowfullscreen=\"allowfullscreen\"><\/iframe><br \/>\nEfter Persona, 1967, och Studier, 1970, \u00e4r b\u00e5da tidiga etsningar.<\/p>\n<p>&nbsp;<\/p>\n<p><b>Redan i elevverken <i>Efter Persona<\/i>, 1967, och <i>Studier<\/i>, 1970, m\u00f6ter betraktaren S\u00f6derbergs underfundighet, det l\u00e4tta anslaget av surrealism av det slag man ser i Magrittes m\u00e5leri.<\/b> <i>Efter Persona<\/i> upprepar konturer men fyller dem med nytt inneh\u00e5ll, tv\u00e5 h\u00e4nder, fylls med havets v\u00e5gor som lyfts upp i en kub. I <i>Studier<\/i> fyller grafikern ytan med olika iakttagelser av samma motiv, ger det avbildade ansiktet flera perspektiv. Effektivt, men ocks\u00e5 intressev\u00e4ckande.<\/p>\n<p>De \u00e4r etsningar, liksom <i>Hj\u00e4rtat<\/i>, en parafras p\u00e5 Veronicas svetteduk men med ett motiv inifr\u00e5n kroppen, och fyndiga <i>P\u00e5 stranden<\/i> som leker med djupet, en \u00f6verkropp mot \u2013 \u00e5ter \u2013 havet.<\/p>\n<p>&nbsp;<\/p>\n<p><iframe loading=\"lazy\" src=\"https:\/\/www.flickr.com\/photos\/kultursidan\/13431766574\/in\/photostream\/player\/\" width=\"280\" height=\"400\" frameborder=\"0\" allowfullscreen=\"allowfullscreen\"><\/iframe><br \/>\n<em>Detalj ur P\u00e5 stranden, etsning fr\u00e5n 1972.<\/em><\/p>\n<p>&nbsp;<\/p>\n<p><b>D\u00e4refter tar torrn\u00e5lstekniken vid men underfundigheten kvarst\u00e5r, inte minst vid vattenbrynet <\/b>(kanske sj\u00f6mannens erfarenhet av havets djup). N\u00e5gra portr\u00e4tt undantagna. <i>\u00c5sa, <\/i>1982, \u00e4r intimt, enkelt och r\u00e4ttframt.<\/p>\n<p>Torrn\u00e5l handlar om konsten att skapa i svart och vitt. Ju t\u00e4tare stick med n\u00e5len desto svartare, m\u00f6jligheten till nyanseringar f\u00f6ljer en glidande skala. Kanske skickligaste uppvisningen \u00e4r <i>Etat dormant, <\/i>1985, en hyllning till Leonardo da Vinci. Intrycket \u00e4r att verket \u00e4r resultatet av en studieresa. Ljuset faller in p\u00e5 en nyss l\u00e4mnad s\u00e4ng, en resv\u00e4ska, en bok och en plansch med m\u00e4starens anteckningar.<\/p>\n<p>Naturligtvis fastnar jag ocks\u00e5 f\u00f6r sj\u00e4lvportr\u00e4ttet i helfigur d\u00e4r Lasse S\u00f6derberg stegar mot v\u00e4nster. Kroppen avtecknas ur m\u00f6rkret mot ljuset.<\/p>\n<p><i>Text och foto: Ann-Charlotte Sandelin<\/i><\/p>\n<p>BILDSPEL (FLASH) \u2013 KLICKA P\u00c5 BILDEN <em><br \/>\nALT\/MOBIL: SE BILDSPELET <a title=\"Bildspel\" href=\"https:\/\/www.flickr.com\/photos\/kultursidan\/sets\/72157642964289143\/show\/\" target=\"_blank\">H\u00c4R<\/a><\/em><br \/>\n<object width=\"400\" height=\"300\"><param name=\"flashvars\" value=\"offsite=true&amp;lang=en-us&amp;page_show_url=%2Fphotos%2Fkultursidan%2Fsets%2F72157642964289143%2Fshow%2F&amp;page_show_back_url=%2Fphotos%2Fkultursidan%2Fsets%2F72157642964289143%2F&amp;set_id=72157642964289143&amp;jump_to=\" \/><param name=\"movie\" value=\"https:\/\/www.flickr.com\/apps\/slideshow\/show.swf?v=1811922554\" \/><param name=\"allowFullScreen\" value=\"true\" \/><\/object><\/p>\n<blockquote>\n<h3><em>NP33 Norrk\u00f6ping<\/em><\/h3>\n<p>22 mars \u2013 26 april 2014<em><br \/>\n<b>Lasse S\u00f6derberg<br \/>\n<\/b>Grafik 1967-1991<\/em><\/p><\/blockquote>\n<p>L\u00c4NKAR<br \/>\nLasse S\u00f6derberg <a title=\"Info\" href=\"http:\/\/www.lexikonettamanda.se\/show.php?aid=18007\" target=\"_blank\">info<\/a><br \/>\nNP33 <a title=\"Galleri Sander\/NP33\" href=\"http:\/\/www.np33.se\" target=\"_blank\">hemsida<\/a><\/p>\n","protected":false},"excerpt":{"rendered":"<p>NORRK\u00d6PING Svartvit grafik. Lasse S\u00f6derberg visar en grafiksvit som sp\u00e4nner \u00f6ver \u00e5ren fr\u00e5n 1967 till 1991. Skickligheten med torrn\u00e5len kompletteras med en underfundig lek med s\u00e5v\u00e4l motiv som med det svarta och det vita. <a class=\"continue-reading-link\" href=\"https:\/\/www.kultursidan.nu\/?p=14463\">L\u00e4s mer <span class=\"meta-nav\">&rarr; <\/span><\/a><\/p>\n","protected":false},"author":1001006,"featured_media":0,"comment_status":"closed","ping_status":"open","sticky":false,"template":"","format":"standard","meta":{"_jetpack_memberships_contains_paid_content":false,"footnotes":""},"categories":[7],"tags":[14],"class_list":["post-14463","post","type-post","status-publish","format-standard","hentry","category-norrkoping","tag-konst"],"jetpack_featured_media_url":"","jetpack_sharing_enabled":true,"_links":{"self":[{"href":"https:\/\/www.kultursidan.nu\/index.php?rest_route=\/wp\/v2\/posts\/14463","targetHints":{"allow":["GET"]}}],"collection":[{"href":"https:\/\/www.kultursidan.nu\/index.php?rest_route=\/wp\/v2\/posts"}],"about":[{"href":"https:\/\/www.kultursidan.nu\/index.php?rest_route=\/wp\/v2\/types\/post"}],"author":[{"embeddable":true,"href":"https:\/\/www.kultursidan.nu\/index.php?rest_route=\/wp\/v2\/users\/1001006"}],"replies":[{"embeddable":true,"href":"https:\/\/www.kultursidan.nu\/index.php?rest_route=%2Fwp%2Fv2%2Fcomments&post=14463"}],"version-history":[{"count":0,"href":"https:\/\/www.kultursidan.nu\/index.php?rest_route=\/wp\/v2\/posts\/14463\/revisions"}],"wp:attachment":[{"href":"https:\/\/www.kultursidan.nu\/index.php?rest_route=%2Fwp%2Fv2%2Fmedia&parent=14463"}],"wp:term":[{"taxonomy":"category","embeddable":true,"href":"https:\/\/www.kultursidan.nu\/index.php?rest_route=%2Fwp%2Fv2%2Fcategories&post=14463"},{"taxonomy":"post_tag","embeddable":true,"href":"https:\/\/www.kultursidan.nu\/index.php?rest_route=%2Fwp%2Fv2%2Ftags&post=14463"}],"curies":[{"name":"wp","href":"https:\/\/api.w.org\/{rel}","templated":true}]}}