{"id":14574,"date":"2014-04-11T16:48:12","date_gmt":"2014-04-11T15:48:12","guid":{"rendered":"https:\/\/intelligent-friend-7861.standoutwp.com\/?p=14574"},"modified":"2014-09-06T10:11:19","modified_gmt":"2014-09-06T09:11:19","slug":"det-varas-for-foretagen-i-hallarna","status":"publish","type":"post","link":"https:\/\/www.kultursidan.nu\/?p=14574","title":{"rendered":"Det v\u00e5ras f\u00f6r f\u00f6retagen i Hallarna"},"content":{"rendered":"<p><iframe loading=\"lazy\" src=\"https:\/\/www.flickr.com\/photos\/kultursidan\/13777208633\/in\/set-72157643792751154\/player\/\" width=\"500\" height=\"333\" frameborder=\"0\" allowfullscreen=\"allowfullscreen\"><\/iframe><\/p>\n<p><i>Det v\u00e5ras f\u00f6r f\u00f6retagen i Hallarna. M\u00e5nga intresserade kom till invigningen av kulturkvarteret Hallarnas senaste tillskott \u2013 f\u00f6retagsatelj\u00e9er.<\/i><\/p>\n<p>&nbsp;<\/p>\n<h1><span style=\"color: #ff0000;\">\u201dK\u00e4ndes f\u00f6r bra f\u00f6r att vara sant\u201d<\/span><\/h1>\n<p>&nbsp;<\/p>\n<p><b>Kreat\u00f6rskluster. Inkubator. M\u00e5nga intresserade kom till invigningen av kulturkvarteret Hallarnas senaste tillskott \u2013 f\u00f6retagsatelj\u00e9erna.<\/b> Pelle Filipsson j\u00e4mf\u00f6rde med sjudande Kreuzberg i Berlin och andra kreativa stadsdelar i storst\u00e4der runtom i v\u00e4rlden. Lars Stjernkvist gratulerade och sedan tog sig alla en titt tre trappor upp.<\/p>\n<p>D\u00e4r \u00f6ppnade de nya hyresg\u00e4sterna d\u00f6rrarna till sina kontor och ber\u00e4ttade om sina f\u00f6retag f\u00f6r alla som gick runt. I stora atelj\u00e9n bj\u00f6ds p\u00e5 t\u00e5rtkalas.<\/p>\n<p>&nbsp;<\/p>\n<p><iframe loading=\"lazy\" src=\"https:\/\/www.flickr.com\/photos\/kultursidan\/13777207455\/in\/set-72157643792751154\/player\/\" width=\"400\" height=\"280\" frameborder=\"0\" allowfullscreen=\"allowfullscreen\"><\/iframe><\/p>\n<p><i>Lars Stjernqvist lyssnade till Pelle Filipssons invigningstal innan han sj\u00e4lv tog vid.<\/i><\/p>\n<p>&nbsp;<\/p>\n<p><b>\u2013 17 kontor \u00e4r kanske inte s\u00e5 mycket, inledde Hallarnas verksamhetsledare Pelle Filipsson<\/b> d\u00e4r han stod p\u00e5 tr\u00e4d\u00e4cket p\u00e5 inneg\u00e5rden utanf\u00f6r ing\u00e5ngen 37 C.<\/p>\n<p>Med f\u00f6retagsatelj\u00e9erna kommer kreativt f\u00f6retagande in p\u00e5 bred front i ett kulturkvarter som hittills fr\u00e4mst hyser \u00d6stg\u00f6tateaterns kontor, Kulturkammarens musik- och teaterf\u00f6reningar samt social verksamhet. Pelle Filipsson j\u00e4mf\u00f6rde med Camden town i London, Kreuzberg i Berlin och andra liknande, onekligen st\u00f6rre, livsrum runt om i v\u00e4rlden. Nu finns det i Sverige, n\u00e4rmare best\u00e4mt i Norrk\u00f6ping. H\u00e4r hemma hos oss.<\/p>\n<p>\u2013 Vi \u00e4r halvv\u00e4gs. Inom n\u00e4rmsta tiden kommer fler h\u00e4ftiga satsningar, lovade Pelle Filipsson innan han v\u00e4ssade fingrarna och klippte det osynliga bandet.<\/p>\n<p><b>\u2013 I Norrk\u00f6ping har vi f\u00f6rm\u00e5gan att f\u00f6rvalta v\u00e5rt f\u00f6rflutna utan att fastna i nostalgi, sade kommunalr\u00e5det Lars Stjernkvist och s\u00e5g upp p\u00e5 den r\u00f6da tegelfasaden.<\/b> Det h\u00e4r \u00e4r ett kvarter med flytande gr\u00e4nser mellan det offentliga, privata, kommunala.<\/p>\n<p>\u2013 Idag manifesteras kvarteret p\u00e5 allvar som centrum f\u00f6r Norrk\u00f6pings kulturliv. Tack alla eldsj\u00e4lar!<\/p>\n<p>&nbsp;<\/p>\n<p><iframe loading=\"lazy\" src=\"https:\/\/www.flickr.com\/photos\/kultursidan\/13777204835\/in\/set-72157643792751154\/player\/\" width=\"400\" height=\"280\" frameborder=\"0\" allowfullscreen=\"allowfullscreen\"><\/iframe><\/p>\n<p><i>Nyfikna. P\u00e5 v\u00e4g upp f\u00f6r trapporna.<\/i><\/p>\n<p>&nbsp;<\/p>\n<p><b>F\u00f6retagsatelj\u00e9erna i 37 C ligger \u00f6ver g\u00e5rden \u2013 sett fr\u00e5n Kulturkammaren \u2013 och sedan tre trappor upp (hiss finns).<\/b> \u00d6stg\u00f6tateaterns gamla m\u00f6belf\u00f6rr\u00e5d har balkats av till 17 rum i olika storlekar och en stor gemensam atelj\u00e9.<\/p>\n<p>\u2013 N\u00e4stan alla rummen \u00e4r uthyrda, det \u00e4r n\u00e5gra kvar, sade Helene Engstr\u00f6m fr\u00e5n Kvarteret Hallarna. En del hyr hela rummet f\u00f6r sig sj\u00e4lva, andra delar med n\u00e5gon annan.<\/p>\n<p>Dagens mellan 20 och 25 f\u00f6retagare ska bli max 50. Varmhyran f\u00f6r det minsta utrymmet, 11 kvadratmeter stort, \u00e4r 1.500 kronor per m\u00e5nad och d\u00e5 ing\u00e5r internet. Alla hyresg\u00e4ster har tillg\u00e5ng till den stora atelj\u00e9n som har 3D-skrivare, ritbord, screentryckeri och lite till. \u00c4ven icke hyresg\u00e4ster kan f\u00e5 hyra in sig i den stora atelj\u00e9n.<\/p>\n<p>&nbsp;<\/p>\n<p><iframe loading=\"lazy\" src=\"https:\/\/www.flickr.com\/photos\/kultursidan\/13777549554\/in\/photostream\/player\/\" width=\"400\" height=\"280\" frameborder=\"0\" allowfullscreen=\"allowfullscreen\"><\/iframe><\/p>\n<p><i>N\u00e4tspindel. Hallarnas Helene Engstr\u00f6m jobbar f\u00f6r att st\u00f6dja de nya hyresg\u00e4sterna.<\/i><\/p>\n<p>&nbsp;<\/p>\n<p><b>Med kreat\u00f6rskluster menas att p\u00e5 en plats d\u00e4r m\u00e5nga kreativa m\u00e4nniskor m\u00f6ts kan nya id\u00e9er utvecklas.<\/b> Med inkubatorbegreppet f\u00f6ljer st\u00f6d f\u00f6r vidareutveckling. F\u00f6retagsatelj\u00e9erna ska vara b\u00e5de och.<\/p>\n<p>\u2013 Nyf\u00f6retagarcentrum ska komma hit n\u00e5gra timmar varje m\u00e5nad och ge r\u00e5d. Vi \u00e4r ocks\u00e5 med i ett EU-projekt som ger ytterligare coachning till f\u00f6retagen. De m\u00e5ste utvecklas, annars kan det h\u00e4r bli en stor lokal med tappade suckar, s\u00e4ger Helene Engstr\u00f6m.<\/p>\n<p>Majoriteten f\u00f6r f\u00f6retagarna \u00e4r kvinnor. Annars \u00e4r blandningen stor sett till \u00e5lder och etnicitet.<\/p>\n<p>\u2013 Det som \u00e4r s\u00e5 roligt \u00e4r att vi inte tagit folk fr\u00e5n andra st\u00e4llen utan att det \u00e4r s\u00e5dana som suttit hemma med sin verksamhet.<\/p>\n<p>&nbsp;<\/p>\n<p><iframe loading=\"lazy\" src=\"https:\/\/www.flickr.com\/photos\/kultursidan\/13777198245\/in\/photostream\/player\/\" width=\"400\" height=\"280\" frameborder=\"0\" allowfullscreen=\"allowfullscreen\"><\/iframe><\/p>\n<p><i>M\u00f6nstermakare. Tove Andersson har flyttat in, tidigare arbetade hon hemma.<br \/>\n<\/i><\/p>\n<p>&nbsp;<\/p>\n<p><b>\u2013 N\u00e4r jag h\u00f6rde talas om det h\u00e4r k\u00e4ndes det f\u00f6r bra f\u00f6r att vara sant, s\u00e4ger Tove Andersson,<\/b> grafisk formgivare och illustrat\u00f6r som ocks\u00e5 \u00e4r korsordskonstrukt\u00f6r.<\/p>\n<p>Hennes lilla rum har sina vinklar och vr\u00e5r och \u00e4r fullt av bilder, egna och andras \u2013 som inspiration. Tove Andersson har frilansat hemifr\u00e5n sedan 2011 och ser fram emot kontakten med grannarna. Nyfikenheten p\u00e5 de andra \u00e4r stor och hon hoppas hitta andra att samarbeta med.<\/p>\n<p>\u2013 \u00c4ven om alla \u00e4r kreativa s\u00e5 h\u00e5ller de p\u00e5 med olika saker.<\/p>\n<p>&nbsp;<\/p>\n<p><iframe loading=\"lazy\" src=\"https:\/\/www.flickr.com\/photos\/kultursidan\/13777198243\/in\/photostream\/player\/\" width=\"400\" height=\"280\" frameborder=\"0\" allowfullscreen=\"allowfullscreen\"><\/iframe><\/p>\n<p><i>Hantverkare. Micael Wahlberg vill bli en del av Norrk\u00f6pings industrihistoria.<\/i><\/p>\n<p>&nbsp;<\/p>\n<p><b>\u2013 Den h\u00e4r byggnaden \u00e4r en del av Norrk\u00f6pings industrihistoria och jag blir en del av den, s\u00e4ger Micael Wahlberg<\/b> och knyter p\u00e5 sitt s\u00e4tt an till Lars Stjernkvists tal vid invigningen. Nyttan \u00e4r klustret. Kluster \u00e4r extremt viktigt n\u00e4r man utvecklar saker och ting.<\/p>\n<p>Micael Wahlberg har tidigare arbetat p\u00e5 Stadium. D\u00e4r det handlat om stora volymer som tillverkats l\u00e5ngt borta och sedan skeppats till Sverige och Norden.<\/p>\n<p>\u2013 Jag g\u00f6r tv\u00e4rt om. Jag g\u00f6r sm\u00e5 volymer, i Norrk\u00f6ping, men s\u00e4ljer globalt.<\/p>\n<p>Han designar v\u00e4skor, klockor och armband f\u00f6r m\u00e4n i l\u00e4der. Micael Wahlberg b\u00e4r syn f\u00f6r s\u00e4gen med en klocka p\u00e5 vardera armen, han har gjort dem sj\u00e4lv. Det kostar med handsytt men h\u00e5ller i decennier lyfter han fram. N\u00e5got som \u00f6verensst\u00e4mmer med hans andra verksamhet, som konsult i \u201dsustainable business\u201d, uth\u00e5lligt f\u00f6retagande.<\/p>\n<p><i>Text: Ann-Charlotte Sandelin<br \/>\nFoto: Isabell Hoffmann<\/i><\/p>\n<blockquote>\n<h3><em>HALLARNA Norrk\u00f6ping<\/em><\/h3>\n<p>10 april 2014<em><br \/>\n<b>Invigning av f\u00f6retagsatelj\u00e9erna<\/b><\/em><\/p><\/blockquote>\n<p>L\u00c4NKAR<br \/>\nKvarteret Hallarna <a title=\"Kvarteret Hallarna\" href=\"http:\/\/www.hallarna.org\" target=\"_blank\">hemsida<\/a><\/p>\n<p>BILDSPEL (FLASH) \u2013 KLICKA P\u00c5 BILDEN <em>ALT\/MOBIL: SE BILDSPELET <a title=\"Bildspel\" href=\"https:\/\/www.flickr.com\/photos\/kultursidan\/sets\/72157643792751154\/show\/\" target=\"_blank\">H\u00c4R<\/a><\/em><br \/>\n<object width=\"400\" height=\"300\"><param name=\"flashvars\" value=\"offsite=true&#038;lang=en-us&#038;page_show_url=%2Fphotos%2Fkultursidan%2Fsets%2F72157646394999247%2Fshow%2F&#038;page_show_back_url=%2Fphotos%2Fkultursidan%2Fsets%2F72157646394999247%2F&#038;set_id=72157646394999247&#038;jump_to=\"><\/param><param name=\"movie\" value=\"https:\/\/www.flickr.com\/apps\/slideshow\/show.swf?v=1611612882\"><\/param><param name=\"allowFullScreen\" value=\"true\"><\/param><\/object><\/p>\n","protected":false},"excerpt":{"rendered":"<p>NORRK\u00d6PING Kreat\u00f6rskluster. M\u00e5nga intresserade kom till invigningen av kulturkvarteret Hallarnas senaste tillskott \u2013 f\u00f6retagsatelj\u00e9er. Pelle Filipsson j\u00e4mf\u00f6rde med sjudande Kreuzberg i Berlin, Lasse Stjernkvist gratulerade och sedan tog sig alla en titt. <a class=\"continue-reading-link\" href=\"https:\/\/www.kultursidan.nu\/?p=14574\">L\u00e4s mer <span class=\"meta-nav\">&rarr; <\/span><\/a><\/p>\n","protected":false},"author":1001006,"featured_media":0,"comment_status":"closed","ping_status":"closed","sticky":false,"template":"","format":"standard","meta":{"_jetpack_memberships_contains_paid_content":false,"footnotes":""},"categories":[7],"tags":[54],"class_list":["post-14574","post","type-post","status-publish","format-standard","hentry","category-norrkoping","tag-evenemang"],"jetpack_featured_media_url":"","jetpack_sharing_enabled":true,"_links":{"self":[{"href":"https:\/\/www.kultursidan.nu\/index.php?rest_route=\/wp\/v2\/posts\/14574","targetHints":{"allow":["GET"]}}],"collection":[{"href":"https:\/\/www.kultursidan.nu\/index.php?rest_route=\/wp\/v2\/posts"}],"about":[{"href":"https:\/\/www.kultursidan.nu\/index.php?rest_route=\/wp\/v2\/types\/post"}],"author":[{"embeddable":true,"href":"https:\/\/www.kultursidan.nu\/index.php?rest_route=\/wp\/v2\/users\/1001006"}],"replies":[{"embeddable":true,"href":"https:\/\/www.kultursidan.nu\/index.php?rest_route=%2Fwp%2Fv2%2Fcomments&post=14574"}],"version-history":[{"count":0,"href":"https:\/\/www.kultursidan.nu\/index.php?rest_route=\/wp\/v2\/posts\/14574\/revisions"}],"wp:attachment":[{"href":"https:\/\/www.kultursidan.nu\/index.php?rest_route=%2Fwp%2Fv2%2Fmedia&parent=14574"}],"wp:term":[{"taxonomy":"category","embeddable":true,"href":"https:\/\/www.kultursidan.nu\/index.php?rest_route=%2Fwp%2Fv2%2Fcategories&post=14574"},{"taxonomy":"post_tag","embeddable":true,"href":"https:\/\/www.kultursidan.nu\/index.php?rest_route=%2Fwp%2Fv2%2Ftags&post=14574"}],"curies":[{"name":"wp","href":"https:\/\/api.w.org\/{rel}","templated":true}]}}