{"id":14683,"date":"2014-04-24T19:43:46","date_gmt":"2014-04-24T18:43:46","guid":{"rendered":"https:\/\/intelligent-friend-7861.standoutwp.com\/?p=14683"},"modified":"2014-05-30T17:12:47","modified_gmt":"2014-05-30T16:12:47","slug":"wheres-the-music-i-norrkoping","status":"publish","type":"post","link":"https:\/\/www.kultursidan.nu\/?p=14683","title":{"rendered":"Where\u2019s the music? \u2013 I Norrk\u00f6ping!"},"content":{"rendered":"<p><iframe loading=\"lazy\" src=\"https:\/\/www.flickr.com\/photos\/kultursidan\/13994130302\/in\/photolist-nhRy4y-nhRxCJ-njBzoE-njTZxT-njBA5Q-njBH5F\/player\/\" width=\"500\" height=\"333\" frameborder=\"0\" allowfullscreen=\"allowfullscreen\"><\/iframe><\/p>\n<p><i>De frontar Norrk\u00f6pings nya musikfestival.<\/i> <i>Where\u2019s the music? ska h\u00e5lla \u00f6gonen och \u00f6ronen p\u00e5 den nya musiken. Och vara ett enda stort mingelparty f\u00f6r svenska och internationella musikbranschen. Fr\u00e5n v\u00e4nster kommunalr\u00e5det Lars Stjernqvist, FKP Scorpios vd Folkert Koopmans och Upplev Norrk\u00f6pings vd Stefan Papangelis.<br \/>\n<\/i><\/p>\n<p>&nbsp;<\/p>\n<h1><span style=\"color: #ff0000;\">Fr\u00e5n krogar till konsertlokaler<\/span><\/h1>\n<p>&nbsp;<\/p>\n<p><b>Branschfest \u2013 och du \u00e4r bjuden.<\/b> Ungef\u00e4r s\u00e5 kan Norrk\u00f6pings nyaste musikfestival signerad Folkert Koopmans beskrivas. 12-14 februari 2015 landar musikbranschens viktiga spelare mitt i Norrk\u00f6ping. F\u00f6r att lyssna p\u00e5 ung svensk musik levererad live. Knappt ett \u00e5r efter Br\u00e5vallafestivalens succ\u00e9start lanserar FKP Scorpio ett nytt festivalkoncept, en showcasefestival.<\/p>\n<p>\u2013 Jag hade den h\u00e4r id\u00e9n om en \u00e5rlig musikkonferens, ber\u00e4ttade Folkert Koopman vid torsdagens presskonferens i Hemerycksalen i Louis de Geer. F\u00f6rst t\u00e4nkte jag att den skulle vara i Stockholm men Stefan Papangelis \u00f6vertygade mig om att Norrk\u00f6ping \u00e4r r\u00e4tt st\u00e4lle.<\/p>\n<p>&nbsp;<\/p>\n<p><iframe loading=\"lazy\" src=\"https:\/\/www.flickr.com\/photos\/kultursidan\/13974224406\/player\/\" width=\"400\" height=\"280\" frameborder=\"0\" allowfullscreen=\"allowfullscreen\"><\/iframe><\/p>\n<p><i>\u2013 Alla ska kunna g\u00e5, sade Folkert Koopmans. Biljetterna kommer att ligga omkring 300 kronor respektive 700 kronor f\u00f6r en\/tre festivaldagar.<\/i><\/p>\n<p>&nbsp;<\/p>\n<p><b>Where\u2019s the Music? \u00e4r en musikfestival, med 150 akter under tre dagar. Och samtidigt en musikkonferens med workshops, seminarier och f\u00f6rel\u00e4sningar.<\/b> Musikbranschens agenter, festivalbokare, skivbolagsdirekt\u00f6rer i Sverige och internationellt ska lockas hit av artister men ocks\u00e5 av l\u00e5tskrivare och musikproducenter. Kort sagt av det svenska musikundret vilket inkluderar tekniska innovationer, typ Spotify.<\/p>\n<p>\u2013 Det h\u00e4r ska bli den stora m\u00f6tesplatsen f\u00f6r den svenska musikindustrin, slog Folkert Koopmans fast sin vision. Jag vill ocks\u00e5 se internationella promotors, bolagsdirekt\u00f6rer och musikagenter.<\/p>\n<p>Inga namn n\u00e4mndes, varken p\u00e5 f\u00f6rel\u00e4sare, prominenta g\u00e4ster eller artister. F\u00f6r \u00e4ven om slussarna snart \u00f6ppnas f\u00f6r de akter som vill vara med att skicka l\u00e4nkar till sin musik s\u00e5 toppas konserterna av 10-15 tunga namn. Genrebredden ska vara stor: folk, dance, metal, singer\/songwriter n\u00e4mndes som exempel.<\/p>\n<p>&nbsp;<\/p>\n<p><iframe loading=\"lazy\" src=\"https:\/\/www.flickr.com\/photos\/kultursidan\/13997333365\/in\/photostream\/player\/\" width=\"400\" height=\"280\" frameborder=\"0\" allowfullscreen=\"allowfullscreen\"><\/iframe><\/p>\n<p><i>\u2013 Fr\u00e5n krog till konsertlokal, sade Stefan Papangelis och lyfte fram Norrk\u00f6pings scent\u00e4ta Industrilandskap, som gjort f\u00f6r korta promenader i vinterkv\u00e4llen.<\/i><\/p>\n<p>&nbsp;<\/p>\n<p><b>Med m\u00e5ls\u00e4ttningen att Norrk\u00f6ping ska vara Sveriges musikhuvudstad 2020 passar f\u00f6rst\u00e5s <i>Where\u2019s the music?<\/i> som handen i handsken.<\/b> Stefan Papangelis har uppenbarligen tagit med Folkert Koopmans p\u00e5 en guidad tur i Industrilandskapet f\u00f6r det \u00e4r d\u00e4r, fr\u00e5n krogar till konsertlokaler, som festivalen ska utspelas. Mellan 5.000 och 10.000 bes\u00f6kare \u00e4r vad festivalen siktar p\u00e5, en blygsam siffra i f\u00f6rh\u00e5llande till j\u00e4ttelika Br\u00e5vallafestivalen.<\/p>\n<p>\u2013 H\u00e4r har vi en unik n\u00e4rhet med g\u00e5ngavst\u00e5nd mellan arenorna, lyfte Stefan Papangelis fram och betecknade sj\u00e4lva festivalen som en rolig utmaning. Det \u00e4r en helt ny id\u00e9 som inte finns i Sverige, att g\u00f6ra n\u00e5got av internationell klass.<\/p>\n<p><b>Linn\u00e9a Jonsson \u00e4r den som ska g\u00f6ra jobbet. <\/b>Tjejen fr\u00e5n Oskarshamn har g\u00e5tt den l\u00e5nga festivalv\u00e4gen och toppat med studier i Nyk\u00f6ping, Musik- och eventarrang\u00f6r. Hon har jobbat f\u00f6r FKP Scorpio i ett och ett halvt \u00e5r och ser fram mot uppdraget. Hon s\u00e4ger att hon brinner f\u00f6r att st\u00e4rka svensk musik, fr\u00e4mst satsa p\u00e5 de som \u00e4r \u201dup-comings\u201d, det vill s\u00e4ga redan p\u00e5 v\u00e4g att sl\u00e5 igenom. Men ocks\u00e5 finna helt nya talanger.<\/p>\n<p>\u2013 Sverige beh\u00f6ver ett s\u00e5dant h\u00e4r koncept. Det blir roligt med mycket folk i r\u00f6relse, m\u00e5nga f\u00f6rel\u00e4sningar. Jag vill lyfta fram duktiga nya svenska artister och svenska innovativa tekniska l\u00f6sningar och tj\u00e4nster.<\/p>\n<p>&nbsp;<\/p>\n<p><iframe loading=\"lazy\" src=\"https:\/\/www.flickr.com\/photos\/kultursidan\/13994132632\/in\/photostream\/player\/\" width=\"400\" height=\"280\" frameborder=\"0\" allowfullscreen=\"allowfullscreen\"><\/iframe><br \/>\n<i>Intresset var stort inf\u00f6r presstr\u00e4ffen. B\u00e5de Upplev Norrk\u00f6ping och FKP Scorpio hade personal p\u00e5 plats.<br \/>\n<\/i><\/p>\n<p>&nbsp;<\/p>\n<p><b>Norrk\u00f6pings kommun f\u00f6rst\u00e4rker Upplev Norrk\u00f6pings budget med en miljon kronor inf\u00f6r Where\u2019s the music?<\/b> Lars Stjernqvist r\u00e4knade fram att redan i dag \u00e4r det 350 personer som lever p\u00e5 musik, som ut\u00f6vare eller arrang\u00f6rer, i Norrk\u00f6ping. Men det ska bli fler allteftersom Musikstad Norrk\u00f6ping utvecklas.<\/p>\n<p>\u2013 Den blygsamma insats som kr\u00e4vs f\u00e5r vi igen med r\u00e5ge. Vi vet att vi f\u00e5r valuta f\u00f6r pengarna, f\u00f6rs\u00e4krade Lars Stjernqvist som p\u00e5pekade att de kommersiella krafterna f\u00e5r st\u00e5 b\u00e5de f\u00f6r de stora riskerna och f\u00f6r att r\u00e4kna hem vinsterna.<\/p>\n<p>\u2013 Musiken och kulturen betyder j\u00e4ttemycket f\u00f6r oss som bor i Norrk\u00f6ping. Och behovet \u00f6kar i takt med antalet arrangemang.<\/p>\n<p><b>Med Norrk\u00f6ping som musikens huvudstad 2020 och tv\u00e5 festivaler skulle FKP Scorpio flytta sitt svenska huvudkontor hit fr\u00e5n Stockholm.<\/b> Stefan Papangelis skrattar \u00e5t tanken men Folkert Koopmans har faktiskt funderat i de banorna.<\/p>\n<p>\u2013 D\u00e5 f\u00e5r ni satsa p\u00e5 dagligt flyg s\u00e5 jag kan komma hit fr\u00e5n Hamburg p\u00e5 morgonen och flyga hem p\u00e5 kv\u00e4llen.<\/p>\n<p>Om nu N\u00e4ringslivskontoret f\u00e5tt i uppdrag att t\u00e4nka till f\u00f6r att hj\u00e4lpa musikstaden p\u00e5 v\u00e4g skulle en direktlinje till Tysklands fj\u00e4rde st\u00f6rsta internationella flygplats kanske vara en bra id\u00e9.<\/p>\n<p><i>Text: Ann-Charlotte Sandelin<br \/>\nFoto: Ann-Charlotte Sandelin och Sven \u00c5ke Molund<br \/>\n<\/i><\/p>\n<blockquote>\n<h3><em>NORRK\u00d6PING<\/em><\/h3>\n<p>12 \u2013 14 februari 2015<em><br \/>\n<b>Where\u2019s the music?<br \/>\n<\/b>Musikfestival och -konferens<\/em><br \/>\n<em>Arr: FKP Scorpio<\/em><\/p><\/blockquote>\n<p>L\u00c4NKAR<br \/>\nWhere\u2019s the music? <a title=\"Where's the Music?\" href=\"http:\/\/www.wheresthemusic.se\" target=\"_blank\">hemsida <\/a><br \/>\nFKP Scorpio <a title=\"FKP Scorpio\" href=\"http:\/\/www.fkpscorpio.se \" target=\"_blank\">hemsida <\/a><br \/>\nUpplev Norrk\u00f6ping <a title=\"Upplev Norrk\u00f6ping\" href=\"http:\/\/www.upplev.norrkoping.se \" target=\"_blank\">hemsida <\/a><\/p>\n<p>FLER BILDER FR\u00c5N PRESSTR\u00c4FFEN \u2013 KLICKA<\/p>\n<p>[flickr-gallery mode=&#8221;photoset&#8221; photoset=&#8221;72157644226376096&#8243;]<\/p>\n","protected":false},"excerpt":{"rendered":"<p>NORRK\u00d6PING Branschfest \u2013 och du \u00e4r bjuden. Ungef\u00e4r s\u00e5 kan Norrk\u00f6pings nyaste musikfestival signerad Folkert Koopmans beskrivas. 12-14 februari 2015 landar musikbranschens viktiga spelare mitt i Norrk\u00f6ping. F\u00f6r att lyssna p\u00e5 ung svensk musik levererad live. <a class=\"continue-reading-link\" href=\"https:\/\/www.kultursidan.nu\/?p=14683\">L\u00e4s mer <span class=\"meta-nav\">&rarr; <\/span><\/a><\/p>\n","protected":false},"author":1001006,"featured_media":0,"comment_status":"closed","ping_status":"open","sticky":false,"template":"","format":"standard","meta":{"_jetpack_memberships_contains_paid_content":false,"footnotes":""},"categories":[7],"tags":[29,13],"class_list":["post-14683","post","type-post","status-publish","format-standard","hentry","category-norrkoping","tag-festival","tag-musik"],"jetpack_featured_media_url":"","jetpack_sharing_enabled":true,"_links":{"self":[{"href":"https:\/\/www.kultursidan.nu\/index.php?rest_route=\/wp\/v2\/posts\/14683","targetHints":{"allow":["GET"]}}],"collection":[{"href":"https:\/\/www.kultursidan.nu\/index.php?rest_route=\/wp\/v2\/posts"}],"about":[{"href":"https:\/\/www.kultursidan.nu\/index.php?rest_route=\/wp\/v2\/types\/post"}],"author":[{"embeddable":true,"href":"https:\/\/www.kultursidan.nu\/index.php?rest_route=\/wp\/v2\/users\/1001006"}],"replies":[{"embeddable":true,"href":"https:\/\/www.kultursidan.nu\/index.php?rest_route=%2Fwp%2Fv2%2Fcomments&post=14683"}],"version-history":[{"count":0,"href":"https:\/\/www.kultursidan.nu\/index.php?rest_route=\/wp\/v2\/posts\/14683\/revisions"}],"wp:attachment":[{"href":"https:\/\/www.kultursidan.nu\/index.php?rest_route=%2Fwp%2Fv2%2Fmedia&parent=14683"}],"wp:term":[{"taxonomy":"category","embeddable":true,"href":"https:\/\/www.kultursidan.nu\/index.php?rest_route=%2Fwp%2Fv2%2Fcategories&post=14683"},{"taxonomy":"post_tag","embeddable":true,"href":"https:\/\/www.kultursidan.nu\/index.php?rest_route=%2Fwp%2Fv2%2Ftags&post=14683"}],"curies":[{"name":"wp","href":"https:\/\/api.w.org\/{rel}","templated":true}]}}