{"id":14690,"date":"2014-04-25T16:55:56","date_gmt":"2014-04-25T15:55:56","guid":{"rendered":"https:\/\/intelligent-friend-7861.standoutwp.com\/?p=14690"},"modified":"2014-05-30T17:10:43","modified_gmt":"2014-05-30T16:10:43","slug":"antligen-niornas-melodifestival-i-flygeln","status":"publish","type":"post","link":"https:\/\/www.kultursidan.nu\/?p=14690","title":{"rendered":"\u00c4ntligen \u2013 Niornas Melodifestival i Flygeln"},"content":{"rendered":"<p><iframe loading=\"lazy\" src=\"https:\/\/www.flickr.com\/photos\/kultursidan\/14007923814\/in\/photolist-nkQgHQ-k7GFUL-kbUfqm-kbSy1z-kbSxw8-kbUevL-kbRZzp-kbSxpe\/player\/\" width=\"500\" height=\"276\" frameborder=\"0\" allowfullscreen=\"allowfullscreen\"><\/iframe><\/p>\n<p><i>Redline. Rudolf Steinerskolan repeterar. De har med sig dansare. Senare p\u00e5 kv\u00e4llen tar de hem priset f\u00f6r b\u00e4sta l\u00e5t.<br \/>\n<\/i><\/p>\n<p>&nbsp;<\/p>\n<h1><span style=\"color: #ff0000;\">&#8221;Ska bli j\u00e4ttekul att sjunga inf\u00f6r publik&#8221;<\/span><\/h1>\n<p>&nbsp;<\/p>\n<p><b>T\u00e4vlingsdagen f\u00f6r Niornas Melodifestival den 25 april 2014. <\/b>Det pirrar nerv\u00f6st b\u00e5de h\u00e4r och d\u00e4r men mest \u00e4r det j\u00e4ttekul. Mycket har h\u00e4nt med l\u00e5tarna, med grupperna, med tankarna f\u00f6r framtiden. Att inte bara nior funderar \u00f6ver den \u00e4r konferencieren Marcus Fyrberg ett bevis p\u00e5. I kv\u00e4ll tar han p\u00e5 sig lycko-kavajen.<\/p>\n<p>Sedan i mitten av februari n\u00e4r de uttagna bidragen fr\u00e5n skolorna i kommunen presenterades har alla jobbat vidare med Kulturskolans hj\u00e4lp. Under v\u00e5ren har l\u00e5tarna utvecklats och f\u00e5tt fylligare arrangemang. Inte bara Kulturskolans musikl\u00e4rare har bidragit, p\u00e5 scenen bakom de t\u00e4vlande artisterna st\u00e5r musikelever som g\u00e5tt in i projektet.<\/p>\n<p>&nbsp;<\/p>\n<p><iframe loading=\"lazy\" src=\"https:\/\/www.flickr.com\/photos\/kultursidan\/14004282372\/in\/photostream\/player\/\" width=\"280\" height=\"400\" frameborder=\"0\" allowfullscreen=\"allowfullscreen\"><\/iframe><br \/>\n<em> I rampljuset. Vittraskolans bidrag heter Thoughtless world. Gruppen tog hem pris f\u00f6r B\u00e4sta scenframtr\u00e4dande.<br \/>\n<\/em><\/p>\n<p>&nbsp;<\/p>\n<p><strong>\u2013 I b\u00f6rjan ville de ha med koklocka och tamburin till v\u00e5r l\u00e5t men det tyckte vi inte passade, ber\u00e4ttar Alva Engberg fr\u00e5n Vittraskolan. <\/strong>Hennes l\u00e5t <em>Thoughtless world<\/em> \u00e4r rockig och nu \u00e4r hon och \u00f6vriga i gruppen mer \u00e4n n\u00f6jda med slutresultatet. L\u00e5ten har blivit maffigare, \u201dfr\u00e5n min lilla demo till k\u00f6r och gitarrer\u201d.<\/p>\n<p>\u2013 Trummisen och den extra gitarren g\u00f6r mycket, till\u00e4gger Oliver Hedlund.<\/p>\n<p>Sj\u00e4lv spelar han bas medan Eleonora \u00c5berg Tell spelar gitarr. Alva Engberg sjunger och det g\u00f6r ocks\u00e5 Angelica Hjortberger. Det \u00e4r fortfarande dagtid och gruppen har just klivit av scenen. Stora artistlogen en trappa upp har speglar p\u00e5 tv\u00e5 v\u00e4ggar vid en l\u00e5ng sminkdisk, i ett h\u00f6rn st\u00e5r en soffa som gjord f\u00f6r en intervju.<\/p>\n<p><b>Musikintresset har f\u00e5tt sig en extra kick.<\/b> L\u00e5tprojektet har gjort att eleverna kommit n\u00e4rmare varandra, blivit v\u00e4nner. N\u00e5got Alva Engberg s\u00e4ger att det m\u00e4rks p\u00e5 musikgymnasister \u2013 att de har kul tillsammans. Hon s\u00f6ker musikgymnasium nu efter nian, liksom Eleonora \u00c5berg Tell, inspirerad av projekt.<\/p>\n<p>Blivande teknisten Oliver Hedlund tar numera fram gitarren varje dag. Angelica Hjortberger har s\u00f6kt naturvetenskaplig linje och \u00e4r n\u00f6jd med att h\u00e5lla p\u00e5 med musik p\u00e5 fritiden.<br \/>\n<iframe loading=\"lazy\" src=\"https:\/\/www.flickr.com\/photos\/kultursidan\/14007484915\/in\/photostream\/player\/\" width=\"280\" height=\"400\" frameborder=\"0\" allowfullscreen=\"allowfullscreen\"><\/iframe><\/p>\n<p><em>Hagas Victor Lind sjunger Flickan med en dr\u00f6m.<\/em><\/p>\n<p>&nbsp;<\/p>\n<p><b>De har hunnit lyssna p\u00e5 flera av de andra grupperna \u2013 \u201dn\u00e5gra riktigt bra l\u00e5tar\u201d och \u201dHultdal sjunger bra\u201d.<\/b> Om en l\u00e5t \u00e4r bra eller inte handlar om melodin, Alva gillar piano och Eleonora snyggt gitarrspel.<\/p>\n<p>\u2013 Jag tycker om n\u00e4r l\u00e5ten \u00e4r en helhet, s\u00e4ger Angelica Hjortberger, n\u00e4r allt h\u00e4nger ihop.<\/p>\n<p>Om n\u00e5gra timmar st\u00e5r de p\u00e5 scenen inf\u00f6r en stor publik. Klassen ska komma, skolan har f\u00e5tt gratisbiljetter, och ut\u00f6ver det har de s\u00e5lt till andra p\u00e5 skolan. Om sina chanser i t\u00e4vlingen kan de inte s\u00e4ga s\u00e5 mycket.<\/p>\n<p>\u2013 Det ska bli j\u00e4ttekul att sjunga inf\u00f6r publik. V\u00e5r rockl\u00e5t sticker ut lite, s\u00e4ger Alva Engberg och hoppas att det \u00e4r en f\u00f6rdel.<\/p>\n<p>\u2013 De flesta sjunger ballader, avslutar Oliver Hedlund.<\/p>\n<p>&nbsp;<\/p>\n<p><iframe loading=\"lazy\" src=\"https:\/\/www.flickr.com\/photos\/kultursidan\/14004279272\/in\/photostream\/player\/\" width=\"280\" height=\"400\" frameborder=\"0\" allowfullscreen=\"allowfullscreen\"><\/iframe><br \/>\n<em>Med lycko-kavajen p\u00e5. Marcus Fyrberg har f\u00e5tt den av Martin Stenmarcks fru.<\/em><\/p>\n<p>&nbsp;<\/p>\n<p><b>Konferencieren Marcus Fyrberg tar p\u00e5 sig sin lycko-kavaj. <\/b>Det glittrar p\u00e5 axeln och han avsl\u00f6jar att den tillh\u00f6rt artisten Martin Stenmarck \u2013 \u201djag har f\u00e5tt den av hans fru som \u00e4r min l\u00e4rare\u201d. Snart ska han g\u00f6ra entr\u00e9 tillsammans med Cecilia Falkebring och Rebecka Norman i Melodifestivalens inledningsnummer.<\/p>\n<p>\u2013 Jag har skrivit en ny text till <i>Never let it go<\/i>.<\/p>\n<p>Marcus Fyrberg har f\u00e5tt allt fler uppdrag som regiss\u00f6r, koreograf och konferencier hemma i Norrk\u00f6ping, s\u00e5 m\u00e5nga att han l\u00e4mnar studierna p\u00e5 Balettakademin i Stockholm. Jobb och n\u00e4tverksbyggande g\u00e5r f\u00f6re.<\/p>\n<p>\u2013 Det brinner i mina kreativitetsfingrar, s\u00e4ger den m\u00e5ngbeg\u00e5vade scenarbetaren.<\/p>\n<p><strong>Ut\u00f6ver att vara en v\u00e4l f\u00f6rberedd konferencier har han koreograferat Dansakademin som bidrar till st\u00e4mningen ikv\u00e4ll<\/strong>. Och hj\u00e4lpt till d\u00e4r det beh\u00f6vts.<\/p>\n<p>\u2013 Jag sitter ju med under repetitionerna och ser hur m\u00e5nga g\u00e5nger de korsar varandra p\u00e5 scenen. D\u00e5 kan jag inte l\u00e5ta bli att tipsa dem.<\/p>\n<p>\u2013 Det \u00e4r roligt att f\u00e5 se alla unga talanger v\u00e4xa fram varje \u00e5r.<\/p>\n<p><i>Text och foto: Ann-Charlotte Sandelin<\/i><\/p>\n<blockquote>\n<h3><em>FLYGELN Norrk\u00f6ping<\/em><\/h3>\n<p>25 april 2014 kl 18.30<br \/>\n<em> <b>Niornas Melodifestival<br \/>\n<\/b>Arr: Kulturskolan<\/em><\/p>\n<p style=\"padding-left: 30px;\">B\u00e4sta l\u00e5t <strong>Rudolf Steinerskolan<\/strong><br \/>\nB\u00e4sta biljettf\u00f6rs\u00e4ljare <strong>S\u00f6derporten<\/strong><br \/>\nB\u00e4sta scenframtr\u00e4dande <strong>Vittra<\/strong><br \/>\nB\u00e4sta video <strong>Hultdalsskolan<\/strong><\/p>\n<\/blockquote>\n<p>L\u00c4NKAR<br \/>\nKulturskolan <a title=\"Kulturskolan\" href=\"http:\/\/www.norrkoping.se\/kultur-fritid\/kulturskolan\/\" target=\"_blank\">hemsida<\/a><br \/>\nDe \u00e4r med i Niornas Mello 2014 <a title=\"De \u00e4r med i Niornas Melodifestival 2014\" href=\"https:\/\/www.kultursidan.nu\/?p=13915\" target=\"_blank\">reportage<\/a> Kultursidan.nu 15\/2 2014<\/p>\n<p>FLER BILDER FR\u00c5N REPETITIONEN \u2013 KLICKA<\/p>\n<p>[flickr-gallery mode=&#8221;photoset&#8221; photoset=&#8221;72157644291100831&#8243;]<\/p>\n","protected":false},"excerpt":{"rendered":"<p>NORRK\u00d6PING T\u00e4vlingsdagen. Nerv\u00f6st men ocks\u00e5 roligt. Mycket har h\u00e4nt med l\u00e5tarna, med grupperna, med tankarna f\u00f6r framtiden. Att inte bara nior funderar \u00f6ver den \u00e4r konferencieren Marcus Fyrberg ett bevis p\u00e5. I kv\u00e4ll tar han p\u00e5 sig lycko-kavajen. <a class=\"continue-reading-link\" href=\"https:\/\/www.kultursidan.nu\/?p=14690\">L\u00e4s mer <span class=\"meta-nav\">&rarr; <\/span><\/a><\/p>\n","protected":false},"author":1001006,"featured_media":0,"comment_status":"closed","ping_status":"open","sticky":false,"template":"","format":"standard","meta":{"_jetpack_memberships_contains_paid_content":false,"footnotes":""},"categories":[7],"tags":[13],"class_list":["post-14690","post","type-post","status-publish","format-standard","hentry","category-norrkoping","tag-musik"],"jetpack_featured_media_url":"","jetpack_sharing_enabled":true,"_links":{"self":[{"href":"https:\/\/www.kultursidan.nu\/index.php?rest_route=\/wp\/v2\/posts\/14690","targetHints":{"allow":["GET"]}}],"collection":[{"href":"https:\/\/www.kultursidan.nu\/index.php?rest_route=\/wp\/v2\/posts"}],"about":[{"href":"https:\/\/www.kultursidan.nu\/index.php?rest_route=\/wp\/v2\/types\/post"}],"author":[{"embeddable":true,"href":"https:\/\/www.kultursidan.nu\/index.php?rest_route=\/wp\/v2\/users\/1001006"}],"replies":[{"embeddable":true,"href":"https:\/\/www.kultursidan.nu\/index.php?rest_route=%2Fwp%2Fv2%2Fcomments&post=14690"}],"version-history":[{"count":0,"href":"https:\/\/www.kultursidan.nu\/index.php?rest_route=\/wp\/v2\/posts\/14690\/revisions"}],"wp:attachment":[{"href":"https:\/\/www.kultursidan.nu\/index.php?rest_route=%2Fwp%2Fv2%2Fmedia&parent=14690"}],"wp:term":[{"taxonomy":"category","embeddable":true,"href":"https:\/\/www.kultursidan.nu\/index.php?rest_route=%2Fwp%2Fv2%2Fcategories&post=14690"},{"taxonomy":"post_tag","embeddable":true,"href":"https:\/\/www.kultursidan.nu\/index.php?rest_route=%2Fwp%2Fv2%2Ftags&post=14690"}],"curies":[{"name":"wp","href":"https:\/\/api.w.org\/{rel}","templated":true}]}}