{"id":14768,"date":"2014-04-30T21:01:33","date_gmt":"2014-04-30T20:01:33","guid":{"rendered":"https:\/\/intelligent-friend-7861.standoutwp.com\/?p=14768"},"modified":"2014-05-30T15:13:43","modified_gmt":"2014-05-30T14:13:43","slug":"rengjord-atbord-med-strilande-vatten","status":"publish","type":"post","link":"https:\/\/www.kultursidan.nu\/?p=14768","title":{"rendered":"Rengjord \u00c5tb\u00f6rd med strilande vatten"},"content":{"rendered":"<p><iframe loading=\"lazy\" src=\"https:\/\/www.flickr.com\/photos\/kultursidan\/14072525852\/in\/photolist-nrxnLN-nakcwf-mDUvED-nakex1-nrxdDt-nrxnE5\/player\/\" width=\"500\" height=\"332\" frameborder=\"0\" allowfullscreen webkitallowfullscreen mozallowfullscreen oallowfullscreen msallowfullscreen><\/iframe><\/p>\n<p><i>Str\u00e5lande. Vattnet strilar fr\u00e5n Spiral \u00c5tb\u00f6rds armar.<\/i><\/p>\n<p>&nbsp;<\/p>\n<h1><span style=\"color: #ff0000;\">\u201dKanske en liten taklagsfest?\u201d<\/span><\/h1>\n<p>&nbsp;<\/p>\n<p><b>\u2013 Vi firar att renoveringen och ig\u00e5ngs\u00e4ttningen av bass\u00e4ngskulpturen Spiral \u00c5tb\u00f6rd nu \u00e4r klar,<\/b> meddelade Konstmuseets informationsansvariga intendent Carin Fahl\u00e9n h\u00e4romdagen.<\/p>\n<p>P\u00e5 onsdagen passade smeder, hantverkare och museipersonal som varit inblandade i renoveringen p\u00e5 att fira i solskenet framf\u00f6r Konstmuseet. \u00c4ven om Arne Jones skulptur Spiral \u00c5tb\u00f6rd bara \u00e4r en liten del i det stora sammanhanget \u00e4r den nyskrubbade st\u00e5lskulpturen \u00e4nd\u00e5 en viktig symbol f\u00f6r Konstmuseet.<\/p>\n<p>\u2013 Man kanske kan kalla det en liten taklagsfest, funderade Carin Fahl\u00e9n.<\/p>\n<p>&nbsp;<\/p>\n<p><iframe loading=\"lazy\" src=\"https:\/\/www.flickr.com\/photos\/kultursidan\/14072495541\/player\/\" width=\"400\" height=\"280\" frameborder=\"0\" allowfullscreen=\"allowfullscreen\"><\/iframe><br \/>\n<em> Taklagsfest. Eller &#8221;slutet av renoveringsarbetet n\u00e4rmar sig&#8221;-fest.<\/em><\/p>\n<p>&nbsp;<\/p>\n<p><b>Nu \u00e5terst\u00e5r bara n\u00e5gra veckors <\/b><b>arbete p\u00e5 Konstmuseet.<\/b> Just nu p\u00e5g\u00e5r de sista installationerna av s\u00e4kerhetssystem och i veckan kommer m\u00e5lning att p\u00e5b\u00f6rjas.<\/p>\n<p>Snart \u00e4r det dags f\u00f6r konsternas \u00e5tert\u00e5g in i gallerierna p\u00e5 Konstmuseet. Museet \u00f6ppnar igen p\u00e5 Nationaldagen 6 juni efter att ha varit st\u00e4ngt f\u00f6r renovering sedan slutet av januari.<\/p>\n<p><i>Foto: Sven \u00c5ke Molund och Johan Hasselroth<\/i><\/p>\n<p>L\u00c4NKAR<br \/>\nKonstmuseet <a title=\"Norrk\u00f6pings konstmuseum\" href=\"http:\/\/www.norrkoping.se\/kultur-fritid\/museer\/konstmuseum\/\" target=\"_blank\">hemsida<\/a><br \/>\nSista publikdagen p\u00e5 Konstmuseet <a title=\"Sista publikdagen p\u00e5 Konstmuseet\" href=\"https:\/\/www.kultursidan.nu\/?p=13643\" target=\"_blank\">reportage<\/a> Kultursidan.nu 20\/1 2014<\/p>\n<p>FLER BILDER \u2013 KLICKA<\/p>\n<p>[flickr-gallery mode=&#8221;photoset&#8221; photoset=&#8221;72157644036944960&#8243;]<\/p>\n","protected":false},"excerpt":{"rendered":"<p>NORRK\u00d6PING Renskrubbad. Spiral \u00c5tb\u00f6rd gl\u00e4nste i solskenet. P\u00e5 onsdagsf\u00f6rmiddagen var det \u201dtaklagsfest\u201d f\u00f6r smeder, hantverkare och personal p\u00e5 Norrk\u00f6pings konstmuseum. Inte bara f\u00f6r att skulpturen utanf\u00f6r museet \u00e4r som ny, snart kan museet \u00f6ppna igen. <a class=\"continue-reading-link\" href=\"https:\/\/www.kultursidan.nu\/?p=14768\">L\u00e4s mer <span class=\"meta-nav\">&rarr; <\/span><\/a><\/p>\n","protected":false},"author":1001006,"featured_media":0,"comment_status":"closed","ping_status":"open","sticky":false,"template":"","format":"standard","meta":{"_jetpack_memberships_contains_paid_content":false,"footnotes":""},"categories":[7],"tags":[54],"class_list":["post-14768","post","type-post","status-publish","format-standard","hentry","category-norrkoping","tag-evenemang"],"jetpack_featured_media_url":"","jetpack_sharing_enabled":true,"_links":{"self":[{"href":"https:\/\/www.kultursidan.nu\/index.php?rest_route=\/wp\/v2\/posts\/14768","targetHints":{"allow":["GET"]}}],"collection":[{"href":"https:\/\/www.kultursidan.nu\/index.php?rest_route=\/wp\/v2\/posts"}],"about":[{"href":"https:\/\/www.kultursidan.nu\/index.php?rest_route=\/wp\/v2\/types\/post"}],"author":[{"embeddable":true,"href":"https:\/\/www.kultursidan.nu\/index.php?rest_route=\/wp\/v2\/users\/1001006"}],"replies":[{"embeddable":true,"href":"https:\/\/www.kultursidan.nu\/index.php?rest_route=%2Fwp%2Fv2%2Fcomments&post=14768"}],"version-history":[{"count":0,"href":"https:\/\/www.kultursidan.nu\/index.php?rest_route=\/wp\/v2\/posts\/14768\/revisions"}],"wp:attachment":[{"href":"https:\/\/www.kultursidan.nu\/index.php?rest_route=%2Fwp%2Fv2%2Fmedia&parent=14768"}],"wp:term":[{"taxonomy":"category","embeddable":true,"href":"https:\/\/www.kultursidan.nu\/index.php?rest_route=%2Fwp%2Fv2%2Fcategories&post=14768"},{"taxonomy":"post_tag","embeddable":true,"href":"https:\/\/www.kultursidan.nu\/index.php?rest_route=%2Fwp%2Fv2%2Ftags&post=14768"}],"curies":[{"name":"wp","href":"https:\/\/api.w.org\/{rel}","templated":true}]}}