{"id":14789,"date":"2014-05-02T23:10:07","date_gmt":"2014-05-02T22:10:07","guid":{"rendered":"https:\/\/intelligent-friend-7861.standoutwp.com\/?p=14789"},"modified":"2014-05-30T17:03:06","modified_gmt":"2014-05-30T16:03:06","slug":"feststamning-i-forsta-prideparaden","status":"publish","type":"post","link":"https:\/\/www.kultursidan.nu\/?p=14789","title":{"rendered":"Festst\u00e4mning i f\u00f6rsta Prideparaden"},"content":{"rendered":"<p><iframe loading=\"lazy\" src=\"https:\/\/www.flickr.com\/photos\/kultursidan\/13904482938\/in\/photolist-moMKTp-nuYqkZ-nbFSfn-ntdJxq-ntbnbn-ntbn9i-nsTXB6-nbG7ms-nsUqB9-ntboA6-nr91rJ-ntbope-nbG6Ty-nsTWMa-ntbnVt-ntdK83-ntbnC4-nr8Z55\/player\/\" width=\"500\" height=\"333\" frameborder=\"0\" allowfullscreen webkitallowfullscreen mozallowfullscreen oallowfullscreen msallowfullscreen><\/iframe><em>Slagverk. Feministas \u00c1cidas fr\u00e5n Rrriotsamba gav mullrande kraft till paraden.<\/em><\/p>\n<p><em>\u00a0<\/em><\/p>\n<h1><span style=\"color: #ff0000;\">\u201dViktigt att synligg\u00f6ra och diskutera\u201d<\/span><\/h1>\n<p>&nbsp;<\/p>\n<p><b>Premi\u00e4rsucc\u00e9. Uppskattningsvis deltog 350 personer i Norrk\u00f6pings allra f\u00f6rsta Prideparad som gick genom centrala Norrk\u00f6ping.<\/b> Framme p\u00e5 kvarteret Hallarnas innerg\u00e5rd invigdes \u00e5rets <i>Norrk\u00f6ping Pride<\/i> med tal f\u00f6r b\u00e5de fest och eftertanke.<\/p>\n<p>&nbsp;<\/p>\n<p><iframe loading=\"lazy\" src=\"https:\/\/www.flickr.com\/photos\/kultursidan\/14087949622\/in\/set-72157644483856134\/player\/\" width=\"400\" height=\"280\" frameborder=\"0\" allowfullscreen=\"allowfullscreen\"><\/iframe><br \/>\n<em> M\u00e5nga regnb\u00e5gsflaggor vid sv\u00e4ngen vid Str\u00f6mparken.<\/em><\/p>\n<p>&nbsp;<\/p>\n<p><strong>Paradarrang\u00f6ren Rickard Eriksson var j\u00e4tteglad \u00f6ver uppslutningen och talade om Norrk\u00f6ping som en stad som blivit betydligt \u00f6ppnare under de senaste \u00e5ren.<\/strong> N\u00e5got han till stor del \u00e4r Prides f\u00f6rtj\u00e4nst, och andra akt\u00f6rers. Det var h\u00f6g tid med en Prideparad efter fem festivaler utan.<\/p>\n<p>\u2013 F\u00f6r mig \u00e4r det viktigt att inte bara vi som kan hbtq-fr\u00e5gorna g\u00e5r i Prideparaden utan att fler m\u00e4nniskor kommer med. Det \u00e4r viktigt att synligg\u00f6ra hbtq och f\u00e5 ig\u00e5ng diskussionen.<\/p>\n<p>&nbsp;<\/p>\n<p><iframe loading=\"lazy\" src=\"https:\/\/www.flickr.com\/photos\/kultursidan\/14091063995\/in\/photostream\/player\/\" width=\"400\" height=\"280\" frameborder=\"0\" allowfullscreen=\"allowfullscreen\"><\/iframe><br \/>\n<em>S\u00e5ngaren Kristian Kaspersen gick i paraden efter Regnb\u00e5gsm\u00e4ssan i Hedvigs kyrka. Norrk\u00f6pings bussar och sp\u00e5rvagnar flaggade med regnb\u00e5gsflaggan hela dagen.<br \/>\n<\/em><\/p>\n<p>&nbsp;<\/p>\n<p><b>I paraden gick pr\u00e4sterna Myra Ekstr\u00f6m och \u00c5sa Str\u00f6m Broman som h\u00e5llit \u00f6ppet f\u00f6r drop in-vigsel i S:t Olai kyrka.<\/b> \u201dF\u00f6r att Svenska kyrkan \u00e4r f\u00f6r all k\u00e4rlek.\u201d S\u00e5ngaren Kristian Kaspersen gjorde dem s\u00e4llskap, efter Regnb\u00e5gsm\u00e4ssan i Hedvigs kyrka d\u00e4r han sjungit sin l\u00e5t <i>Queer at heart<\/i>.<\/p>\n<p>RFSL Norrk\u00f6ping gick f\u00f6rst i t\u00e5get, direkt efter arrang\u00f6rernas regnb\u00e5gsvagn. Andra organisationer var RFSL i Link\u00f6ping, studentorganisationen StuFF, Socialdemokraternas HBT-grupp. Och R\u00e4ddningstj\u00e4nsten med sitt stora r\u00f6da utryckningsfordon som k\u00f6rde framf\u00f6r tj\u00e4nstg\u00f6rande personal i t\u00e5get.<\/p>\n<p>\u2013 Vi vill visa att alla har r\u00e4tt att vara sig sj\u00e4lva, sade gruppchefen Niklas Uneman.<\/p>\n<p>&nbsp;<\/p>\n<p><iframe loading=\"lazy\" src=\"https:\/\/www.flickr.com\/photos\/kultursidan\/14087858791\/in\/set-72157644483856134\/player\/\" width=\"400\" height=\"280\" frameborder=\"0\" allowfullscreen=\"allowfullscreen\"><\/iframe><br \/>\n<em> Utryckning f\u00f6r allas lika m\u00e4nniskov\u00e4rde. R\u00e4ddningstj\u00e4nsten deltog i Prideparaden.<\/em><\/p>\n<p>&nbsp;<\/p>\n<p><b>Slagverkarna i Feministas \u00c1cidas fr\u00e5n Rrriotsamba gav mullrande kraft till paraden.<\/b> De h\u00f6rdes p\u00e5 l\u00e5ngt h\u00e5ll och bidrog till den glada st\u00e4mningen som m\u00f6tte paraddeltagarna fr\u00e5n trottoarer och balkonger.<\/p>\n<p>I ett stort g\u00e4ng med folk fr\u00e5n Marieborgs folkh\u00f6gskola och Kvartersteatern gick Maia Lee Lind tillsammans med Elin Petersson.<\/p>\n<p>\u2013 Jag g\u00e5r f\u00f6r att jag vill st\u00f6tta alla som \u00e4r homosexuella, bisexuella och transsexuella och alla som inte g\u00e5r att s\u00e4tta namn p\u00e5. Jag vill uppm\u00e4rksamma att det \u00e4r okej att vara den man \u00e4r. Vi \u00e4r m\u00e4nniskor.<\/p>\n<p>&nbsp;<\/p>\n<p><iframe loading=\"lazy\" src=\"https:\/\/www.flickr.com\/photos\/kultursidan\/14091523924\/in\/photostream\/player\/\" width=\"280\" height=\"400\" frameborder=\"0\" allowfullscreen=\"allowfullscreen\"><\/iframe><br \/>\n<em> Sofi Holmin Fridell (paraply) och Jenny Ax\u00e9n M\u00e5rtensson (benen) lyste upp p\u00e5 Hallarnas g\u00e5rd.<\/em><\/p>\n<p>&nbsp;<\/p>\n<p><b>Framme vid slutm\u00e5let, Pridefestivalens huvudkvarter Hallarna, fylldes g\u00e5rden d\u00e4r det alldeles nyss h\u00e5llits hantverksm\u00e4ssa av ett f\u00e4rgglatt folkhav.<\/b> Norrk\u00f6ping Prides talespersoner Emelie M\u00e5nsson och Ellen Larsson h\u00f6ll sitt tal som de skrivit tillsammans, f\u00f6r b\u00e5de festen h\u00e4r i Norrk\u00f6ping och eftertanke \u00f6ver hat och motst\u00e5nd i Uganda, Ryssland, USA och \u00e4ven i v\u00e5rt land.<\/p>\n<p style=\"padding-left: 60px;\"><i>Det p\u00e5g\u00e5r ett krig. Det p\u00e5g\u00e5r ett krig mot v\u00e5ra kroppar. \/ \u2013 \u2013 \u2013 \/ Att vissa kroppar \u00e4r smutsiga, fel, olagliga, omoraliska, icke \u00f6nskv\u00e4rda.<\/i><\/p>\n<p style=\"padding-left: 60px;\"><i>\/ \u2013 \u2013 \u2013 \/<\/i><\/p>\n<p style=\"padding-left: 60px;\"><i>Varje \u00e5r, n\u00e4r Pride \u00e4r h\u00e4r, h\u00e4nder n\u00e5got i kroppen. N\u00e5got bubblar upp, liksom sprudlar i hj\u00e4rtat. Det \u00e4r en fantastisk kraft med k\u00e4nslor av gl\u00e4dje, styrka frihet, k\u00e4rlek och samh\u00f6righet. Ni vet k\u00e4nslor.<\/i><\/p>\n<p style=\"padding-left: 60px; text-align: center;\"><i>Emelie M\u00e5nsson och Ellen Larsson<\/i><\/p>\n<p>&nbsp;<\/p>\n<p><iframe loading=\"lazy\" src=\"https:\/\/www.flickr.com\/photos\/kultursidan\/14091059765\/in\/photostream\/player\/\" width=\"400\" height=\"280\" frameborder=\"0\" allowfullscreen=\"allowfullscreen\"><\/iframe><br \/>\n<em>&#8221;Masken lagd \u00e5t sidan.&#8221; Charlie Holmstedt bidrog med dikten R\u00f6da torget.<\/em><\/p>\n<p>&nbsp;<\/p>\n<p><strong>Liv och Pernilla fr\u00e5n Pride Comedy bidrog till st\u00e4mningen med sk\u00e4mt om b\u00e5de Prideparader och Normalparader.<\/strong> Sist ut bland talarna var Charlie Homstedt, som l\u00e4ste sin dikt <i>R\u00f6da torget<\/i>. D\u00e4rmed var 2014 \u00e5rs Norrk\u00f6ping Pride, med temat Kropp och k\u00e4nsla, invigt.<\/p>\n<p><i>Text: Ann-Charlotte Sandelin<br \/>\nFoto: Ann-Charlotte Sandelin och Isabel Hoffmann<\/i><\/p>\n<blockquote>\n<h3><em>NORRK\u00d6PING<\/em><\/h3>\n<p>2 maj 2014<em><br \/>\n<b>Prideparad<\/b><\/em><\/p>\n<p style=\"padding-left: 30px;\"><em>2-4\/5 <b>Pridefestival<\/b><\/em><\/p>\n<\/blockquote>\n<p>L\u00c4NKAR<br \/>\nNorrk\u00f6ping Pride <a title=\"Norrk\u00f6ping Pride\" href=\"http:\/\/norrkopingpride.se\" target=\"_blank\">hemsida<\/a><br \/>\nPride fyller sex och f\u00e5r en parad <a title=\"Pride fyller sex och f\u00e5r en Parad\" href=\"https:\/\/www.kultursidan.nu\/?p=14421\" target=\"_blank\">reportage<\/a> Kultursidan.nu 25\/3 2014<\/p>\n<p>FLER BILDER FR\u00c5N PRIDE \u2013 KLICKA<\/p>\n<p>[flickr-gallery mode=&#8221;photoset&#8221; photoset=&#8221;72157644483856134&#8243;]<\/p>\n","protected":false},"excerpt":{"rendered":"<p>NORRK\u00d6PING Premi\u00e4rsucc\u00e9. Uppskattningsvis deltog 350 personer i Norrk\u00f6pings allra f\u00f6rsta Prideparad som gick genom centrala Norrk\u00f6ping. Framme p\u00e5 kvarteret Hallarnas innerg\u00e5rd invigdes \u00e5rets Norrk\u00f6ping Pride med tal f\u00f6r b\u00e5de fest och eftertanke. <a class=\"continue-reading-link\" href=\"https:\/\/www.kultursidan.nu\/?p=14789\">L\u00e4s mer <span class=\"meta-nav\">&rarr; <\/span><\/a><\/p>\n","protected":false},"author":1001006,"featured_media":0,"comment_status":"closed","ping_status":"open","sticky":false,"template":"","format":"standard","meta":{"_jetpack_memberships_contains_paid_content":false,"footnotes":""},"categories":[7],"tags":[29,56],"class_list":["post-14789","post","type-post","status-publish","format-standard","hentry","category-norrkoping","tag-festival","tag-politik"],"jetpack_featured_media_url":"","jetpack_sharing_enabled":true,"_links":{"self":[{"href":"https:\/\/www.kultursidan.nu\/index.php?rest_route=\/wp\/v2\/posts\/14789","targetHints":{"allow":["GET"]}}],"collection":[{"href":"https:\/\/www.kultursidan.nu\/index.php?rest_route=\/wp\/v2\/posts"}],"about":[{"href":"https:\/\/www.kultursidan.nu\/index.php?rest_route=\/wp\/v2\/types\/post"}],"author":[{"embeddable":true,"href":"https:\/\/www.kultursidan.nu\/index.php?rest_route=\/wp\/v2\/users\/1001006"}],"replies":[{"embeddable":true,"href":"https:\/\/www.kultursidan.nu\/index.php?rest_route=%2Fwp%2Fv2%2Fcomments&post=14789"}],"version-history":[{"count":0,"href":"https:\/\/www.kultursidan.nu\/index.php?rest_route=\/wp\/v2\/posts\/14789\/revisions"}],"wp:attachment":[{"href":"https:\/\/www.kultursidan.nu\/index.php?rest_route=%2Fwp%2Fv2%2Fmedia&parent=14789"}],"wp:term":[{"taxonomy":"category","embeddable":true,"href":"https:\/\/www.kultursidan.nu\/index.php?rest_route=%2Fwp%2Fv2%2Fcategories&post=14789"},{"taxonomy":"post_tag","embeddable":true,"href":"https:\/\/www.kultursidan.nu\/index.php?rest_route=%2Fwp%2Fv2%2Ftags&post=14789"}],"curies":[{"name":"wp","href":"https:\/\/api.w.org\/{rel}","templated":true}]}}