{"id":14865,"date":"2014-05-10T19:17:07","date_gmt":"2014-05-10T18:17:07","guid":{"rendered":"https:\/\/intelligent-friend-7861.standoutwp.com\/?p=14865"},"modified":"2014-05-30T16:55:09","modified_gmt":"2014-05-30T15:55:09","slug":"arne-frifarares-malningar-med-historia","status":"publish","type":"post","link":"https:\/\/www.kultursidan.nu\/?p=14865","title":{"rendered":"Arne Frifarares m\u00e5lningar med historia"},"content":{"rendered":"<p><iframe loading=\"lazy\" src=\"https:\/\/www.flickr.com\/photos\/kultursidan\/13965305640\/in\/photolist-nyFiKr-nh4Jqv-nwvAH7-nh4PTU-nwvAum-nh4QPJ\/player\/\" width=\"500\" height=\"333\" frameborder=\"0\" allowfullscreen webkitallowfullscreen mozallowfullscreen oallowfullscreen msallowfullscreen><\/iframe><\/p>\n<p><em>B\u00f6rdiga jorden. &#8221;M\u00e5larpoeten&#8221; Arne Frifarare st\u00e4ller ut p\u00e5 Galleri Sander \/ NP33.<br \/>\n<\/em><\/p>\n<p>&nbsp;<\/p>\n<h1><span style=\"color: #ff0000;\">\u201dJag m\u00e5lar ju slarvigt\u201d<\/span><\/h1>\n<p>&nbsp;<\/p>\n<p><strong>Bilden, f\u00e4rgen, materien. <\/strong>Det \u00e4r l\u00e4tt att bli glad av \u201dm\u00e5larpoeten\u201d Arne Frifarares utst\u00e4llning p\u00e5 Galleri Sander p\u00e5 NP33. Motiven h\u00e4mtar inspiration fr\u00e5n historiska tider, kunnigt ber\u00e4ttar han om favoritepoken medeltidens m\u00e5largenrer.<\/p>\n<p>M\u00f6tet mellan f\u00e4rgen och det f\u00f6rest\u00e4llande engagerar konstn\u00e4ren som s\u00e4ger sig vara v\u00e4n med oljan. F\u00e4rg \u00e4r b\u00e5de kolorit och byggmaterial.<\/p>\n<p>\u2013 Jag m\u00e5lar ju slarvigt, s\u00e4ger Arne Frifarare. Anv\u00e4nder penslar, trasor, h\u00e4nderna och skrapar bort. Det g\u00e5r fort, intensivt, jag vet inte vad jag g\u00f6r.<\/p>\n<p>&nbsp;<\/p>\n<p><iframe loading=\"lazy\" src=\"https:\/\/www.flickr.com\/photos\/kultursidan\/14153289075\/player\/\" width=\"400\" height=\"280\" frameborder=\"0\" allowfullscreen=\"allowfullscreen\"><\/iframe><br \/>\n<em>Hemkomsten. \u2013 Jag hade en svart yta och ville ha tv\u00e5 vita streck.<\/em><\/p>\n<p>&nbsp;<\/p>\n<p><strong>Utanf\u00f6r sj\u00e4lva glasgalleriet, det chambertska rummet, h\u00e4nger <em>Hemkomsten<\/em>.<\/strong> Tre gestalter n\u00e4rmar sig en ensam svart, korsen p\u00e5 deras mantlar antyder att de \u00e4r korsriddare. Bakgrunden \u00e4r svart, borgens murar lysande vita, med Arne Frifarares karakteristiska skugga-ljusm\u00e5leri. Det g\u00f6r att de upplevs som tredimensionella \u00e4ven p\u00e5 n\u00e4ra h\u00e5ll.<\/p>\n<p>\u2013 Tidigare t\u00e4nkte jag inte litter\u00e4rt, d\u00e5 m\u00e5lade jag ofta enkla sm\u00e5 hus. <em>Hemkomsten<\/em> \u00e4r tio \u00e5r gammal, just n\u00e4r jag b\u00f6rjade m\u00e5la ber\u00e4ttelser. Jag hade en svart yta och ville ha tv\u00e5 vita streck.<\/p>\n<p>S\u00e4ger han och visar. Dramatiken i det svartvita och de uppk\u00e4ftigt sneda linjerna ger kompositionen dess sp\u00e4nning.<\/p>\n<p><strong>Att m\u00e5lningen f\u00e5tt vara or\u00f6rd sedan dess \u00e4r ett ovanligt \u00f6de.<\/strong> Ofta blir os\u00e5lda verk grunden f\u00f6r nya. Som <em>Himlafenomen vid gr\u00e4nsen<\/em>, d\u00e4r dubbla solar och en komet lyser p\u00e5 himlen \u00f6ver landskapet. F\u00e4rglagren g\u00f6mmer ett brunt t\u00e4lt av medeltida karakt\u00e4r, smyckat med gula rundlar. Tv\u00e5 av dem finns allts\u00e5 kvar, och ett moln.<\/p>\n<p>\u2013 Om de inte blir s\u00e5lda och kommer tillbaka till atelj\u00e9n efter en utst\u00e4llning s\u00e5 \u00e4r de fritt byte, s\u00e4ger Arne Frifarare upprymt.<\/p>\n<p>&nbsp;<\/p>\n<p><iframe loading=\"lazy\" src=\"https:\/\/www.flickr.com\/photos\/kultursidan\/13965284109\/in\/photostream\/player\/\" width=\"400\" height=\"280\" frameborder=\"0\" allowfullscreen=\"allowfullscreen\"><\/iframe><br \/>\n<em>Mysteriespel. I efterhand hittar Arne Frifarare b\u00e5de medeltidsinspiration och Picasso i bilden.<\/em><\/p>\n<p>&nbsp;<\/p>\n<p><strong>Landskapen har fina detaljer, livet i sn\u00f6t\u00e4ckta bergstoppar visar sig komma fr\u00e5n f\u00e4rg som f\u00e5tt rinna.<\/strong> Slumpen \u00e4r en viktig medarbetare. Konstn\u00e4ren p\u00e5minner om att det inte \u00e4r motivet \u2013 som \u00e5sk\u00e5daren g\u00e4rna f\u00e4ster blicken p\u00e5 \u2013 som \u00e4r det viktiga, det kommer som det kommer.<\/p>\n<p>\u2013 Det som intresserar mig \u00e4r m\u00f6tet mellan f\u00e4rgen, kolet, tr\u00e4et och det f\u00f6rest\u00e4llande.<\/p>\n<p>&nbsp;<\/p>\n<p><iframe loading=\"lazy\" src=\"https:\/\/www.flickr.com\/photos\/kultursidan\/14128762016\/in\/photostream\/player\/\" width=\"400\" height=\"280\" frameborder=\"0\" allowfullscreen=\"allowfullscreen\"><\/iframe><br \/>\n<em>Portr\u00e4tt med k\u00e4nsla av medeltid eller ren\u00e4ssans.<\/em><\/p>\n<p>&nbsp;<\/p>\n<p><strong>De allra senaste verken \u00e4r sm\u00e5 portr\u00e4tt m\u00e5lade p\u00e5 tr\u00e4stycken, kraftig plywood. <\/strong>Han visar hur han skrapat fram h\u00e5rstrukturen ur det av f\u00e4rg uppbl\u00f6tta tr\u00e4t. Huvudbonaderna ger medeltids- och i vissa fall ren\u00e4ssansk\u00e4nsla.<\/p>\n<p>\u2013 Jag tittar kanske i en bok, utg\u00e5r fr\u00e5n n\u00e5gonting, forts\u00e4tter och s\u00e5 blir det n\u00e5got helt annat.<\/p>\n<p>\u2013 Det blir roligare och roligare att m\u00e5la, ju \u00e4ldre jag blir.<\/p>\n<p><em>Text och foto: Ann-Charlotte Sandelin<\/em><\/p>\n<blockquote>\n<h3><em>NP33 Norrk\u00f6ping<\/em><\/h3>\n<p>10 maj \u2013 12 juni 2014<em><br \/>\n<strong>Arne Frifarare<br \/>\n<\/strong>M\u00e5lningar<\/em><\/p><\/blockquote>\n<p>L\u00c4NKAR<br \/>\nOm Arne Frifarare <a title=\"Arne Frifarare\" href=\"http:\/\/www.omkonst.com\/09-frifarare-arne.shtml\" target=\"_blank\">om konst <\/a><br \/>\nGalleri Sander \/ NP33 <a title=\"Galleri Sander\/NP33\" href=\"http:\/\/www.np33.se\" target=\"_blank\">hemsida<\/a><\/p>\n<p>FLER BILDER FR\u00c5N UTST\u00c4LLNINGEN \u2013 KLICKA<\/p>\n<p>[flickr-gallery mode=&#8221;photoset&#8221; photoset=&#8221;72157644191875698&#8243;]<\/p>\n","protected":false},"excerpt":{"rendered":"<p>NORRK\u00d6PING Bilden, f\u00e4rgen, materien. Det \u00e4r l\u00e4tt att bli glad av Arne Frifarares utst\u00e4llning p\u00e5 Galleri Sander p\u00e5 NP33. Motiven h\u00e4mtar inspiration fr\u00e5n historiska tider. M\u00f6tet mellan f\u00e4rg, kol, tr\u00e4 och det f\u00f6rest\u00e4llande engagerar konstn\u00e4ren. <a class=\"continue-reading-link\" href=\"https:\/\/www.kultursidan.nu\/?p=14865\">L\u00e4s mer <span class=\"meta-nav\">&rarr; <\/span><\/a><\/p>\n","protected":false},"author":1001006,"featured_media":0,"comment_status":"closed","ping_status":"open","sticky":false,"template":"","format":"standard","meta":{"_jetpack_memberships_contains_paid_content":false,"footnotes":""},"categories":[7],"tags":[14],"class_list":["post-14865","post","type-post","status-publish","format-standard","hentry","category-norrkoping","tag-konst"],"jetpack_featured_media_url":"","jetpack_sharing_enabled":true,"_links":{"self":[{"href":"https:\/\/www.kultursidan.nu\/index.php?rest_route=\/wp\/v2\/posts\/14865","targetHints":{"allow":["GET"]}}],"collection":[{"href":"https:\/\/www.kultursidan.nu\/index.php?rest_route=\/wp\/v2\/posts"}],"about":[{"href":"https:\/\/www.kultursidan.nu\/index.php?rest_route=\/wp\/v2\/types\/post"}],"author":[{"embeddable":true,"href":"https:\/\/www.kultursidan.nu\/index.php?rest_route=\/wp\/v2\/users\/1001006"}],"replies":[{"embeddable":true,"href":"https:\/\/www.kultursidan.nu\/index.php?rest_route=%2Fwp%2Fv2%2Fcomments&post=14865"}],"version-history":[{"count":0,"href":"https:\/\/www.kultursidan.nu\/index.php?rest_route=\/wp\/v2\/posts\/14865\/revisions"}],"wp:attachment":[{"href":"https:\/\/www.kultursidan.nu\/index.php?rest_route=%2Fwp%2Fv2%2Fmedia&parent=14865"}],"wp:term":[{"taxonomy":"category","embeddable":true,"href":"https:\/\/www.kultursidan.nu\/index.php?rest_route=%2Fwp%2Fv2%2Fcategories&post=14865"},{"taxonomy":"post_tag","embeddable":true,"href":"https:\/\/www.kultursidan.nu\/index.php?rest_route=%2Fwp%2Fv2%2Ftags&post=14865"}],"curies":[{"name":"wp","href":"https:\/\/api.w.org\/{rel}","templated":true}]}}