{"id":14899,"date":"2014-05-15T19:44:42","date_gmt":"2014-05-15T18:44:42","guid":{"rendered":"https:\/\/intelligent-friend-7861.standoutwp.com\/?p=14899"},"modified":"2014-05-30T17:18:33","modified_gmt":"2014-05-30T16:18:33","slug":"framtiden-har-landat-pa-arbetets-museum","status":"publish","type":"post","link":"https:\/\/www.kultursidan.nu\/?p=14899","title":{"rendered":"Framtiden har landat p\u00e5 Arbetets museum"},"content":{"rendered":"<p><iframe loading=\"lazy\" src=\"https:\/\/www.flickr.com\/photos\/kultursidan\/14169466566\/in\/photolist-nkEdr5-nBVK9U-nA7dKG-nkEarf-nBRYN4-nkEaeS-nDW2P6-nC9wxh-nDW27V-nkE9hS-nC9vN1-nkE6Hz\/player\/\" width=\"500\" height=\"332\" frameborder=\"0\" allowfullscreen=\"allowfullscreen\"><\/iframe><\/p>\n<p><em>Den flytande staden \u00e4r utst\u00e4llningens hj\u00e4rta, skapad av ungdomarnas egna id\u00e9er. N\u00e4r havsniv\u00e5erna stiger och mer mark beh\u00f6vs f\u00f6r odling kan flytande st\u00e4der, som \u00e4r sj\u00e4lvf\u00f6rs\u00f6rjande, vara en l\u00f6sning. I akvariet simmar karpar, v\u00e4xt\u00e4tande fiskar. I byggverket bakom finns tankar om livet i den flytande staden.<\/em><\/p>\n<p>&nbsp;<\/p>\n<h1><span style=\"color: #ff0000;\">&#8221;Arbetets museums dj\u00e4rvaste projekt n\u00e5gonsin&#8221;<\/span><\/h1>\n<p>&nbsp;<\/p>\n<p><strong>Jag cyklar p\u00e5 cykelkarusellen och ser st\u00e5ltr\u00e4dets plastblommor sl\u00e5 ut. <\/strong>\u00c4n s\u00e5 l\u00e4nge \u00e4r jag ensam cyklist p\u00e5 Arbetets museum men s\u00e4kert fylls karusellen snart. Cykeln \u00e4r ju framtidens transportmedel. H\u00e4romdagen m\u00f6tte jag en kompis som st\u00e4llt bilen och satsat p\u00e5 elcykel f\u00f6r dagliga turer mellan \u00c5by och centrala Norrk\u00f6ping.<\/p>\n<p>&nbsp;<\/p>\n<p><iframe loading=\"lazy\" src=\"https:\/\/www.flickr.com\/photos\/kultursidan\/14005939039\/player\/\" width=\"400\" height=\"280\" frameborder=\"0\" allowfullscreen=\"allowfullscreen\"><\/iframe><br \/>\n<em> Odla kryddor och gr\u00f6nsaker hemma i n\u00e4ringsl\u00f6sning.\u00a0<\/em><\/p>\n<p>&nbsp;<\/p>\n<p><strong>Utst\u00e4llningen <em>Framtidsland<\/em> har landat och ska st\u00e5 \u00e5tminstone i fem \u00e5rs tid. <\/strong>P\u00e5 l\u00f6rdag \u00e4r det stor invigning med Stefan L\u00f6fv\u00e9n (framtidens statsminister?) som bandklippare.<\/p>\n<p>\u2013 Det h\u00e4r \u00e4r det dj\u00e4rvaste projektet Arbetets museum n\u00e5gonsin gjort, s\u00e4ger museichefen Niklas Cserhalmi. Det finns stor efterfr\u00e5gan p\u00e5 svar, p\u00e5 fr\u00e5gan om hur ett h\u00e5llbart samh\u00e4lle ska se ut, men f\u00e5 l\u00f6sningar.<\/p>\n<p>Som vanligt p\u00e5 Arbetets museum finns knappar att trycka p\u00e5 i utst\u00e4llningen, glittrande ljus och saker som r\u00f6r p\u00e5 sig. Men en stor karpdamm med flytande sm\u00e5 st\u00e4der signalerar n\u00e5got helt nytt p\u00e5 Arbetets museum, liksom plantor r\u00f6da tomater och gr\u00f6nskande basilikablad som h\u00e4mtar n\u00e4ring ur rinnande vatten.<\/p>\n<p>&nbsp;<\/p>\n<p><iframe loading=\"lazy\" src=\"https:\/\/www.flickr.com\/photos\/kultursidan\/14212744623\/in\/set-72157644673896932\/player\/\" width=\"400\" height=\"280\" frameborder=\"0\" allowfullscreen=\"allowfullscreen\"><\/iframe><br \/>\n<em> Care\u2013Share\u2013Repair. Framtidens mode kan lyfta \u00e5teranv\u00e4nda kl\u00e4der. Bitr\u00e4dande producenten Fanny S\u00f6derstr\u00f6m Aupeix visar ett exempel fr\u00e5n Den flytande staden.<\/em> <em>I bakgrunden skymtar en av de ungdomar som deltagit i utst\u00e4llningens id\u00e9arbete.<\/em><\/p>\n<p>&nbsp;<\/p>\n<p><strong>Med <em>Framtidsland<\/em> skissar Arbetets museum p\u00e5 just framtidssvaren.<\/strong> F\u00f6r museet \u00e4r ju inte ett vanligt museum utan en projekt- och kunskapsorganisation med sv\u00e4ngd\u00f6rrar mot omv\u00e4rlden.<\/p>\n<p>Utst\u00e4llningsarbetet inleddes h\u00f6sten 2012 med att rekrytera de som ska ta stegen in i denna i framtid \u2013 ungdomar i de \u00f6vre ton\u00e5ren. De som lyssnade var intresserade av h\u00e5llbarhetsfr\u00e5gor och av att gestalta sina visioner.<\/p>\n<p>\u2013 De fick sj\u00e4lva styra vad de skulle g\u00f6ra, ber\u00e4ttar bitr\u00e4dande producenten Fanny S\u00f6derstr\u00f6m Aupeix som reste runt mellan ungdomarnas studiegrupper i Falun, \u00d6rebro, Kristianstad och Link\u00f6ping\/Norrk\u00f6ping.<\/p>\n<p>&nbsp;<\/p>\n<p><iframe loading=\"lazy\" src=\"https:\/\/www.flickr.com\/photos\/kultursidan\/14005947698\/in\/set-72157644673896932\/player\/\" width=\"400\" height=\"280\" frameborder=\"0\" allowfullscreen=\"allowfullscreen\"><\/iframe><br \/>\n<em> Samtal p\u00e5g\u00e5r. Portmonn\u00e4n och leksaksdraken f\u00f6r samtal om konsumtion. Ett resultat av rundabordssamtalen, nedklippt till de vassaste argumenten.<\/em><\/p>\n<p>&nbsp;<\/p>\n<p><strong>18 forskare m\u00f6ter bes\u00f6karen i utst\u00e4llningens entr\u00e9. <\/strong>F\u00f6r i samtalen med ungdomarna utkristalliserades sex fokusomr\u00e5den: <strong><em>Mat, Energi, Transport, Konsumtion, Boende<\/em><\/strong> samt <strong><em>M\u00e4nniskan<\/em><\/strong>. Och nu var det inte bara de unga som pratade, de fick m\u00f6ta forskare \u00f6ga mot \u00f6ga vid en rad runda bordssamtal.<\/p>\n<p>\u2013 Det var v\u00e4ldigt intressanta samtal, som vi spelade in, forts\u00e4tter utst\u00e4llningsproducenten Ann-Sofie Axelsson. Fr\u00e5n b\u00f6rjan var de fler, 35 forskare inom olika \u00e4mnesomr\u00e5den. Vi valde ut dem som var de b\u00e4sta p\u00e5 att formulera sig, bad dem v\u00e4ssa argumenten och iscensatte nya rundabordssamtal.<\/p>\n<p>&nbsp;<\/p>\n<p><iframe loading=\"lazy\" src=\"https:\/\/www.flickr.com\/photos\/kultursidan\/14005961630\/in\/photostream\/player\/\" width=\"400\" height=\"280\" frameborder=\"0\" allowfullscreen=\"allowfullscreen\"><\/iframe><br \/>\n<em> Industrilands popul\u00e4ra l\u00f6pande bandet \u00e5terbrukas i den nya utst\u00e4llningen Framtidsland, nu med f\u00f6rem\u00e5l som\u00a0 kan f\u00e5 dem som var unga 1980 eller 1990 att sucka av nostalgi.\u00a0<\/em><\/p>\n<p>&nbsp;<\/p>\n<p><strong>Det ledde till tv\u00e5 utst\u00e4llningar: <em>Framtidsland<\/em> p\u00e5 Arbetets museum och turn\u00e9utst\u00e4llningen <em>Framtidsland ungdom<\/em>.<\/strong> <em>Framtidsland<\/em> tar vid d\u00e4r museets tidigare l\u00e5ngtidsutst\u00e4llning <em>Industriland<\/em> slutade, \u00e5r 1980. Och betar av de sex fokusomr\u00e5dena, ett efter ett, p\u00e5 ett b\u00e5de pedagogiskt och lekfullt s\u00e4tt.<\/p>\n<p>\u2013 Det vi p\u00e5 museet \u00e4r bra p\u00e5 \u00e4r att omvandla forskarnas kunskapsmassor till en lekfull utst\u00e4llning som talar b\u00e5de till intellektet och framf\u00f6r allt till k\u00e4nslan, s\u00e4ger Niklas Cserhalmi. F\u00f6r ska vi f\u00f6r\u00e4ndra v\u00e5rt beteende s\u00e5 m\u00e5ste vi tala till k\u00e4nslan.<\/p>\n<p>&nbsp;<\/p>\n<p><iframe loading=\"lazy\" src=\"https:\/\/www.flickr.com\/photos\/kultursidan\/14192549614\/in\/set-72157644673896932\/player\/\" width=\"280\" height=\"400\" frameborder=\"0\" allowfullscreen=\"allowfullscreen\"><\/iframe><br \/>\n<em> Tryck p\u00e5 en gr\u00f6n knapp och h\u00f6r en f\u00f6retagsledare i glittrig ram ber\u00e4tta vad som \u00e4r viktigt f\u00f6r framtidens jobb.<\/em><\/p>\n<p>&nbsp;<\/p>\n<p><strong>Det \u00e4r m\u00e5nga aha-upplevelser och tanken \u00e4r att b\u00e5de unga och vuxna ska bes\u00f6ka utst\u00e4llningen och b\u00f6rja prata om framtiden.<\/strong> Vid sidan av alla skolbes\u00f6k och vanlig publik satsar Arbetets museum p\u00e5 att bjuda in konferensdeltagare till utst\u00e4llningen. Den ska genomsyra Norrk\u00f6ping och Sverige.<\/p>\n<p><em>Framtidsland ungdom<\/em> best\u00e5r enbart av ungdomsgruppernas id\u00e9er och turnerar till de medverkande st\u00e4derna.<\/p>\n<p>&nbsp;<\/p>\n<p><iframe loading=\"lazy\" src=\"https:\/\/www.flickr.com\/photos\/kultursidan\/14005950888\/in\/photostream\/player\/\" width=\"280\" height=\"400\" frameborder=\"0\" allowfullscreen=\"allowfullscreen\"><\/iframe><\/p>\n<p><em>Utst\u00e4llningsproducenten Ann-Sofie Axelssons v\u00e4ndbara bord. Samma energi ger k\u00f6ttbaserad mat som r\u00e4cker till en person, eller mer gr\u00f6nsaksbaserad mat f\u00f6r fyra.<\/em><\/p>\n<p>&nbsp;<\/p>\n<p><strong>\u2013 Det h\u00e4r har varit den absolut roligaste och viktigaste utst\u00e4llning jag n\u00e5gonsin gjort.<\/strong> Vi kan inte g\u00e5 vidare i samh\u00e4llet utan att ta h\u00e4nsyn till de h\u00e4r fr\u00e5gorna.<\/p>\n<p>Ann-Sofie Axelsson basade ocks\u00e5 f\u00f6r bygget av <em>Industriland<\/em> som stod p\u00e5 samma v\u00e5ningsplan fram till september f\u00f6rra \u00e5ret och g\u00f6r en direkt j\u00e4mf\u00f6relse.<\/p>\n<p>\u2013 Det fanns en s\u00e5dan kraft under 1930-talet som enades om att skapa ett nytt samh\u00e4lle. Vi beh\u00f6ver ett s\u00e5dant omtag nu! Utst\u00e4llningen \u00e4r en verktygsl\u00e5da f\u00f6r framtiden.<\/p>\n<p>F\u00f6r som det st\u00e5r p\u00e5 en av de m\u00e5nga skyltarna, om alla p\u00e5 jorden levde som vi g\u00f6r i Sverige skulle det beh\u00f6vas 3,5 jordklot. Det har vi inte.<\/p>\n<p><em>Text: Ann-Charlotte Sandelin<br \/>\nFoto: Sven \u00c5ke Molund och Ann-Charlotte Sandelin<\/em><\/p>\n<p>FLER BILDER FR\u00c5N UTST\u00c4LLNINGEN \u2013 KLICKA<\/p>\n<p>[flickr-gallery mode=&#8221;photoset&#8221; photoset=&#8221;72157644673896932&#8243;]<\/p>\n<blockquote>\n<h3><em>ARBETETS MUSEUM Norrk\u00f6ping<\/em><\/h3>\n<p>17 maj 2014 och fem \u00e5r fram\u00e5t<em><br \/>\n<strong>Framtidsland<br \/>\n<\/strong>Utst\u00e4llning<\/em><\/p>\n<p style=\"padding-left: 30px;\"><em>Utst\u00e4llningsproducent\/konstn\u00e4rlig ledare: Ann-Sofie Axelsson<\/em><br \/>\n<em> Bitr\u00e4dande procucent: Fannny S\u00f6derstr\u00f6m Aupeix<\/em><br \/>\n<em> Projektledare: Johanna Haverlind<\/em><br \/>\n<em> Dokumentation\/etnolog: Johanna \u00d6vling<\/em><br \/>\n<em> Pedagogiskt ansvarig: Christine mars, Fanny S\u00f6derstr\u00f6m Aupeix<\/em><br \/>\n<em> Utst\u00e4llningsarkitekt: TAF Arkitekter<\/em><br \/>\n<em> Grafisk form: Daniel Bjug\u00e5rd Design<\/em><br \/>\n<em> Grafisk form: Aupeix Kreativa<\/em><br \/>\n<em> Konstn\u00e4r Boendeteatern: Konstn\u00e4rsgruppen MYCKET<\/em><br \/>\n<em> Konstn\u00e4r Talande objekt, cykelkarusell, transportklocka: Glittermek<\/em><\/p>\n<p>Vernissage 17 maj<em><br \/>\n<\/em><\/p>\n<p style=\"padding-left: 30px;\">12.00<em> <strong>Invigning<\/strong> plan 5<\/em><br \/>\n<em> Cirkusartisten Linnea Backg\u00e5rd och poeten Daniel Boyacioglu bjuder p\u00e5 ett tankev\u00e4ckande nummer.<\/em><br \/>\n<em> Birgitta Heijer, styrelseordf\u00f6rande f\u00f6r Arbetets museum,och Niklas Cserhalmi, museidirekt\u00f6r, h\u00e4lsar v\u00e4lkommen.<\/em><br \/>\n<em> Stefan L\u00f6fven, partiordf\u00f6rande f\u00f6r socialdemokraterna,inviger utst\u00e4llningen.<\/em><\/p>\n<p style=\"padding-left: 30px;\">13.15<em> <strong>Hur g\u00f6r man en utst\u00e4llning om framtiden? <\/strong>plan 6 Folksamsalen<br \/>\nUtst\u00e4llningsproducent Ann-So\ufb01e Axelsson och Kajsa Nilsson, en av ungdomarna som medverkat i projektet, intervjuas av So\ufb01e Lycksell, kommunikationschef vid Arbetets museum.<\/em><\/p>\n<p style=\"padding-left: 30px;\">13.30<em> <strong>St\u00e5upp<\/strong> plan 6 Folksamsalen<\/em><br \/>\n<em> Jesper R\u00f6nndahl siar om framtiden.<\/em><\/p>\n<p style=\"padding-left: 30px;\"><em>12\u201315 <strong>Upcycling <\/strong>plan 5<br \/>\nRedesign Sweden ber\u00e4ttar om upcycling och visar lampor, smycken och annat skapat av \u00e5terbrukat material.<\/em><\/p>\n<\/blockquote>\n<p>L\u00c4NKAR<br \/>\nArbetets museum <a title=\"Arbetets museum\" href=\"http:\/\/www.arbetetsmuseum.se\" target=\"_blank\">hemsida<\/a><\/p>\n","protected":false},"excerpt":{"rendered":"<p>NORRK\u00d6PING Det h\u00e4r \u00e4r det dj\u00e4rvaste projektet Arbetets museum n\u00e5gon gjort, s\u00e4ger museichefen Niklas Cserhalmi om utst\u00e4llningen Framtidsland. Det finns stor efterfr\u00e5gan p\u00e5 svar, p\u00e5 fr\u00e5gan om hur ett h\u00e5llbart samh\u00e4lle ska se ut, men f\u00e5 l\u00f6sningar. Arbetets museum plockar fram verktygsl\u00e5dan. <a class=\"continue-reading-link\" href=\"https:\/\/www.kultursidan.nu\/?p=14899\">L\u00e4s mer <span class=\"meta-nav\">&rarr; <\/span><\/a><\/p>\n","protected":false},"author":1001006,"featured_media":0,"comment_status":"closed","ping_status":"open","sticky":false,"template":"","format":"standard","meta":{"_jetpack_memberships_contains_paid_content":false,"footnotes":""},"categories":[7],"tags":[47],"class_list":["post-14899","post","type-post","status-publish","format-standard","hentry","category-norrkoping","tag-utstallning"],"jetpack_featured_media_url":"","jetpack_sharing_enabled":true,"_links":{"self":[{"href":"https:\/\/www.kultursidan.nu\/index.php?rest_route=\/wp\/v2\/posts\/14899","targetHints":{"allow":["GET"]}}],"collection":[{"href":"https:\/\/www.kultursidan.nu\/index.php?rest_route=\/wp\/v2\/posts"}],"about":[{"href":"https:\/\/www.kultursidan.nu\/index.php?rest_route=\/wp\/v2\/types\/post"}],"author":[{"embeddable":true,"href":"https:\/\/www.kultursidan.nu\/index.php?rest_route=\/wp\/v2\/users\/1001006"}],"replies":[{"embeddable":true,"href":"https:\/\/www.kultursidan.nu\/index.php?rest_route=%2Fwp%2Fv2%2Fcomments&post=14899"}],"version-history":[{"count":0,"href":"https:\/\/www.kultursidan.nu\/index.php?rest_route=\/wp\/v2\/posts\/14899\/revisions"}],"wp:attachment":[{"href":"https:\/\/www.kultursidan.nu\/index.php?rest_route=%2Fwp%2Fv2%2Fmedia&parent=14899"}],"wp:term":[{"taxonomy":"category","embeddable":true,"href":"https:\/\/www.kultursidan.nu\/index.php?rest_route=%2Fwp%2Fv2%2Fcategories&post=14899"},{"taxonomy":"post_tag","embeddable":true,"href":"https:\/\/www.kultursidan.nu\/index.php?rest_route=%2Fwp%2Fv2%2Ftags&post=14899"}],"curies":[{"name":"wp","href":"https:\/\/api.w.org\/{rel}","templated":true}]}}