{"id":14922,"date":"2014-05-19T14:39:44","date_gmt":"2014-05-19T13:39:44","guid":{"rendered":"https:\/\/intelligent-friend-7861.standoutwp.com\/?p=14922"},"modified":"2019-01-05T10:38:34","modified_gmt":"2019-01-05T09:38:34","slug":"smygpremiar-pa-studio-skandia","status":"publish","type":"post","link":"https:\/\/www.kultursidan.nu\/?p=14922","title":{"rendered":"Smygpremi\u00e4r p\u00e5 Studio Skandia"},"content":{"rendered":"<p><iframe loading=\"lazy\" src=\"https:\/\/www.flickr.com\/photos\/kultursidan\/14240425463\/in\/set-72157644328716820\/player\/\" width=\"500\" height=\"333\" frameborder=\"0\" allowfullscreen=\"allowfullscreen\"><\/iframe><br \/>\n<em>In the Ghetto. Stefan Wikstr\u00f6m gjorde sig i musikalen Rents kvarl\u00e4mnade scenografi. Roland Chantre och Maria Olofsson st\u00e4llde upp som k\u00f6r. <\/em><\/p>\n<p>&nbsp;<\/p>\n<h1><span style=\"color: #ff0000;\">Musikfest med en nypa magi<\/span><\/h1>\n<p>&nbsp;<\/p>\n<p><strong>\u2013 V\u00e4lkomna till smygpremi\u00e4r, sade konferencieren Mattias Sch\u00f6nbeck innan han sl\u00e4ppte fram Maria Olofsson, The Frontiers, Ann-Christin Hallgren, Johan Dalene och m\u00e5nga fler \u00e4nd\u00e5 p\u00e5 Studio Skandias scen.<\/strong> Nystartade TV-bolaget Nordramas <em>Sommarkonsert \u2013 Estraden<\/em> fyllde musikalen <em>Rents<\/em> kvarl\u00e4mnade scenografi under en l\u00e5ng s\u00f6ndagskv\u00e4ll. Husbandet fyllde det \u00f6ppna rummet och balkongen, kameram\u00e4nnen sk\u00f6tte sitt jobb diskret och levererade direkt till bildmixerbordet som lade ut f\u00e4rdig TV p\u00e5 bildsk\u00e4rmen vid publikplats.<\/p>\n<p>I publiken satt bland andra kommunalr\u00e5den Lars Stjernkvist och Eva Andersson och kunde n\u00f6jt r\u00e4kna in \u00e4nnu en show off av beviset f\u00f6r att Norrk\u00f6ping redan i dag \u00e4r en stark musikstad, p\u00e5 v\u00e4g mot visionen <em>Sveriges Musikhuvudstad 2020<\/em>.<\/p>\n<p>&nbsp;<\/p>\n<p><iframe loading=\"lazy\" src=\"https:\/\/www.flickr.com\/photos\/kultursidan\/14033637230\/in\/set-72157644328716820\/player\/\" width=\"280\" height=\"400\" frameborder=\"0\" allowfullscreen=\"allowfullscreen\"><\/iframe><br \/>\n<em> The Frontiers s\u00e5ngare Fredrik Edkrantz gav j\u00e4rnet tillsammans med gitarristen Magnus Jonsson.\u00a0<\/em><\/p>\n<p>&nbsp;<\/p>\n<p><strong>Uppskattade Maria Olofsson intog scenen med <em>Isn\u2019t she lovely,<\/em> tillsammans med Vadstena Nya teater-kollegan Roland Chantre.<\/strong> Frontiers med unge Fredrik Edkrantz som energifylld s\u00e5ngare fyllde p\u00e5, f\u00f6ljd av Stefan Wikstr\u00f6m, kl\u00e4dd i svart och med lysande vita skor. Lite senare p\u00e5 kv\u00e4llen \u00e5terkom Stefan med Maria och Roland som k\u00f6r i <em>In the Ghetto<\/em>, d\u00e4r <em>Rents<\/em> kvarl\u00e4mnade scenografi med sina \u00f6ppna och slutna rum och niv\u00e5skiften kanske gjorde sig som allra b\u00e4st.<\/p>\n<p>Fredrik T\u00f6rnvalls sidoprojekt Blackbyrd med Sofie \u00d6sterstr\u00f6m, med p\u00e5 scenen, och Tobias Bergsten och David Sundberg i husbandet, gav publiken fina <em>Sky<\/em>.<\/p>\n<p><strong>\u2013 Det \u00e4r kul att Bosse Lindstr\u00f6m och Per Enstedt satsar, s\u00e5 att Skandia f\u00e5r forts\u00e4tta som scen,<\/strong> <strong>sade musikprofilen Fredrik Ing\u00e5<\/strong> och menade att Norrk\u00f6ping visade upp en musikalisk bredd den h\u00e4r kv\u00e4llen.<\/p>\n<p>&nbsp;<\/p>\n<p><iframe loading=\"lazy\" src=\"https:\/\/www.flickr.com\/photos\/kultursidan\/14033583299\/in\/set-72157644328716820\/player\/\" width=\"400\" height=\"280\" frameborder=\"0\" allowfullscreen=\"allowfullscreen\"><\/iframe><br \/>\n<em>Bl\u00e5sarsextetten ur SON spelade V\u00e5ren av Grieg. \u00c4ntligen fick man se tubaisten.\u00a0<\/em><\/p>\n<p>&nbsp;<\/p>\n<p><strong>Till den bredden h\u00f6r sista\u00e5rseleverna Sara Andersson (s\u00e5ng) och Sara Hermansson (piano) vid De Geergymnasiet. <\/strong>De \u00e4r inga nyb\u00f6rjare, Sara A imponerade stort i De Geer-SONprojektet <em>KolliSON<\/em> i vintras och Sara H \u00e4r kapellm\u00e4stare i \u00e5rets De Geermusikal. Nu gav de sig p\u00e5 Barbra Streisands <em>Papa can you hear me <\/em>ur<em> Yentl, <\/em>en stark insats.<\/p>\n<p>Andra tong\u00e5ngar h\u00f6rde fr\u00e5n Norrk\u00f6pings symfoniorkesters sex bl\u00e5sare som spelade <em>V\u00e5ren<\/em> av Grieg. Kameramannen p\u00e5 r\u00e4lsen lyckades f\u00e5 tubaisten p\u00e5 bild, mycket lovv\u00e4rt.<\/p>\n<p><strong>Fingerf\u00e4rdige Magic Ramondo, den ende utan taktk\u00e4nsla, trixade med n\u00e4sdukar, \u00f6lflaska och spelkort. <\/strong>Han snurrade upp en assistent ur publiken och lurade inte av henne mer \u00e4n en ring.<\/p>\n<p>&nbsp;<\/p>\n<p><iframe loading=\"lazy\" src=\"https:\/\/www.flickr.com\/photos\/kultursidan\/14033582339\/in\/photostream\/player\/\" width=\"400\" height=\"280\" frameborder=\"0\" allowfullscreen=\"allowfullscreen\"><\/iframe><br \/>\n<em> Lekande l\u00e4tt \u00e0 la Alice Babs. Daydream med Ann-Christin Hallgren och husbandet.\u00a0<\/em><\/p>\n<p>&nbsp;<\/p>\n<p><strong>Ann-Christin Hallgren har en r\u00f6st som l\u00e4nge j\u00e4mf\u00f6rts med Alice Babs, Duke Ellingtons favorits\u00e5ngerska.<\/strong> Nu framf\u00f6rde hon Elllingtons <em>Day dream<\/em> och l\u00e4t husbandets jazzfingrar l\u00f6pa i instrumentsolona. Fyra unga fl\u00f6jtister, bland andra Ebba Lejonclou och Laura Michelin, fortsatte med <em>Scherzo<\/em> ur En midsommarnattsdr\u00f6m av Mendehlsson.<\/p>\n<p>Yngste musikern p\u00e5 scenen var violinisten Johan Dalene som spelade temat ur <em>Schindler\u2019s list<\/em> och f\u00f6r detta fick kv\u00e4llens varmaste appl\u00e5der.<\/p>\n<p><strong>Och n\u00e4r Lisa Forsman och Elin G\u00e5rdfalk \u00e5terv\u00e4nde till musikalen <em>Rent<\/em> med dynamiska gr\u00e4let <em>Ta mig eller s\u00e5 drar jag<\/em><\/strong> fick musikalens nu avg\u00e5ngne kapellm\u00e4stare J.C. Sch\u00fctz en t\u00e5r i \u00f6gat. F\u00f6r f\u00f6rsta g\u00e5ngen satt han p\u00e5 publikplats i st\u00e4llet f\u00f6r inst\u00e4ngd i scenens rivningsk\u00e5k.<\/p>\n<p>\u2013 S\u00e5 roligt att h\u00f6ra den utifr\u00e5n, s\u00e5 fantastiskt bra de \u00e4r!<\/p>\n<p>Och det var bara b\u00f6rjan p\u00e5 kv\u00e4llen. 24nt kommer att s\u00e4nda konserten inom en kort tid. G\u00e5r alla planer i l\u00e5s blir det forts\u00e4ttning p\u00e5 TV-s\u00e4nda konserter p\u00e5 Studio Skandia.<\/p>\n<p><em>Text och foto: Ann-Charlotte Sandelin<\/em><\/p>\n<blockquote>\n<h3>STUDIO SKANDIA Norrk\u00f6ping<\/h3>\n<p>18 maj 2014<em><br \/>\n<strong>Sommarkonsert \u2013 Estraden<\/strong><br \/>\nArr: Nordrama<\/em><\/p>\n<p style=\"padding-left: 30px;\"><em>MEDVERKANDE<\/em><br \/>\n<em>Konferencier: Mattias Sch\u00f6nbeck<br \/>\nArtister: Maria Olofsson, Roland Chantre, Frontiers, <em>Stefan Wikstr\u00f6m, <\/em>Blackbyrd, <em>Sara Andersson och Sara Hermansson, bl\u00e5sarensemble fr\u00e5n SON, <\/em>Magic Ramondo, Ann-Christin Hallgren, <\/em>f<em>yra fl\u00f6jtister fr\u00e5n Kulturskolan,\u00a0 <em>Johan Dalene<\/em>, Lisa Forsman och Elin G\u00e5rdfalk samt husbandet<\/em><\/p>\n<\/blockquote>\n<p>L\u00c4NKAR<br \/>\nNordrama <a title=\"Nordrama\" href=\"http:\/\/www.nordrama.se\" target=\"_blank\" rel=\"noopener\">hemsida<\/a><br \/>\nSkandiateatern blir Studio Skandia <a title=\"Skandiateatern blir Studio Skandia\" href=\"https:\/\/www.kultursidan.nu\/?p=14849\" target=\"_blank\" rel=\"noopener\">reportage<\/a> Kultursidan.nu 8\/5 2014<\/p>\n<p>FLER BILDER FR\u00c5N KONSERTEN \u2013 KLICKA<\/p>\n<p><a data-flickr-embed='true' href='https:\/\/www.flickr.com\/photos\/kultursidan\/sets\/72157644328716820' title='Smygpremi\u00e4r p\u00e5 Studio Skandia, Nordrama, 2014 by Kultursidan, on Flickr'><img src='https:\/\/live.staticflickr.com\/2933\/14033668217_98a22a6721_z.jpg' width='800' height='600' alt='V\u00e4lkomna till smygpremi\u00e4r sade Mattias Sch\u00f6nbeck.'><\/a><script async src='https:\/\/embedr.flickr.com\/assets\/client-code.js' charset='utf-8'><\/script><\/p>\n","protected":false},"excerpt":{"rendered":"<p>NORRK\u00d6PING Musikfest med en nypa magi. Att Norrk\u00f6ping \u00e4r en stark musikstad bevisades vid nystartade TV-bolaget Nordramas smygpremi\u00e4r. N\u00e5gra av de b\u00e4sta av stadens artister stod p\u00e5 rad. Musikalen Rents kvarl\u00e4mnade scenografi passade s\u00e4rskilt bra till In the ghetto med Stefan Wikstr\u00f6m. <a class=\"continue-reading-link\" href=\"https:\/\/www.kultursidan.nu\/?p=14922\">L\u00e4s mer <span class=\"meta-nav\">&rarr; <\/span><\/a><\/p>\n","protected":false},"author":1001006,"featured_media":0,"comment_status":"closed","ping_status":"open","sticky":false,"template":"","format":"standard","meta":{"_jetpack_memberships_contains_paid_content":false,"footnotes":""},"categories":[7],"tags":[38,13,42],"class_list":["post-14922","post","type-post","status-publish","format-standard","hentry","category-norrkoping","tag-film","tag-musik","tag-show"],"jetpack_featured_media_url":"","jetpack_sharing_enabled":true,"_links":{"self":[{"href":"https:\/\/www.kultursidan.nu\/index.php?rest_route=\/wp\/v2\/posts\/14922","targetHints":{"allow":["GET"]}}],"collection":[{"href":"https:\/\/www.kultursidan.nu\/index.php?rest_route=\/wp\/v2\/posts"}],"about":[{"href":"https:\/\/www.kultursidan.nu\/index.php?rest_route=\/wp\/v2\/types\/post"}],"author":[{"embeddable":true,"href":"https:\/\/www.kultursidan.nu\/index.php?rest_route=\/wp\/v2\/users\/1001006"}],"replies":[{"embeddable":true,"href":"https:\/\/www.kultursidan.nu\/index.php?rest_route=%2Fwp%2Fv2%2Fcomments&post=14922"}],"version-history":[{"count":2,"href":"https:\/\/www.kultursidan.nu\/index.php?rest_route=\/wp\/v2\/posts\/14922\/revisions"}],"predecessor-version":[{"id":39660,"href":"https:\/\/www.kultursidan.nu\/index.php?rest_route=\/wp\/v2\/posts\/14922\/revisions\/39660"}],"wp:attachment":[{"href":"https:\/\/www.kultursidan.nu\/index.php?rest_route=%2Fwp%2Fv2%2Fmedia&parent=14922"}],"wp:term":[{"taxonomy":"category","embeddable":true,"href":"https:\/\/www.kultursidan.nu\/index.php?rest_route=%2Fwp%2Fv2%2Fcategories&post=14922"},{"taxonomy":"post_tag","embeddable":true,"href":"https:\/\/www.kultursidan.nu\/index.php?rest_route=%2Fwp%2Fv2%2Ftags&post=14922"}],"curies":[{"name":"wp","href":"https:\/\/api.w.org\/{rel}","templated":true}]}}