{"id":14985,"date":"2014-05-26T20:05:52","date_gmt":"2014-05-26T19:05:52","guid":{"rendered":"https:\/\/intelligent-friend-7861.standoutwp.com\/?p=14985"},"modified":"2015-07-01T20:32:41","modified_gmt":"2015-07-01T19:32:41","slug":"historielektion-med-bade-driv-och-humor-recension","status":"publish","type":"post","link":"https:\/\/www.kultursidan.nu\/?p=14985","title":{"rendered":"Historielektion med b\u00e5de driv och humor (recension)"},"content":{"rendered":"<p><iframe loading=\"lazy\" src=\"https:\/\/www.flickr.com\/photos\/kultursidan\/14272875891\/in\/set-72157644860083474\/player\/\" width=\"500\" height=\"333\" frameborder=\"0\" allowfullscreen=\"allowfullscreen\"><\/iframe><br \/>\n<em>Kom hit s\u00e5 ska jag ber\u00e4tta. Sp\u00f6kvandringen leder publiken genom centrala Norrk\u00f6ping.<\/em><\/p>\n<p>&nbsp;<\/p>\n<h1><span style=\"color: #ff0000;\">Som publik g\u00e5r du aldrig riktigt s\u00e4ker<\/span><\/h1>\n<p>&nbsp;<\/p>\n<p><strong>Comedy Art Theatre bjuder p\u00e5 sp\u00f6klik stadsvandring i de centrala delarna av Norrk\u00f6ping.<\/strong> Staden befolkas f\u00f6r en stund av m\u00e4nniskor fr\u00e5n det f\u00f6rflutna som vill ber\u00e4tta sin historia.<\/p>\n<p>&nbsp;<\/p>\n<p><iframe loading=\"lazy\" src=\"https:\/\/www.flickr.com\/photos\/kultursidan\/14275761904\/player\/\" width=\"400\" height=\"280\" frameborder=\"0\" allowfullscreen=\"allowfullscreen\"><\/iframe><br \/>\n<em> Mannen i svart k\u00e5pa \u00e4r onaturligt blek i ansiktet och hans t\u00e4nder lyser gula. \u00a0<\/em><\/p>\n<p>&nbsp;<\/p>\n<p><strong>\u2013 V\u00e4lkomna nyd\u00f6da. Ni befinner er i limbo.<\/strong> Ni balanserar p\u00e5 linan mellan \u00e5 ena sidan paradiset eller helvetet och \u00e5 andra sidan livet. F\u00f6lj med p\u00e5 er sista vandring genom Norrk\u00f6ping.<\/p>\n<p>Mannen i svart k\u00e5pa \u00e4r onaturligt blek i ansiktet och hans t\u00e4nder lyser gula. Tillsammans med honom ska vi, en grupp om cirka 20 personer, ge oss ut p\u00e5 en promenad genom Norrk\u00f6ping. Vi ska bli pr\u00f6vade.<\/p>\n<p><strong>Det \u00e4r en varm och ljus kv\u00e4ll, inte s\u00e4rskilt sp\u00f6klik.<\/strong> Promenaden tar oss till Gamla Torget, Kn\u00e4ppingsborg och vidare uppf\u00f6r V\u00e4stg\u00f6tebacken. Vandringen tar oss ocks\u00e5 genom Norrk\u00f6pings och Sveriges historia fr\u00e5n medeltid fram till 1700-tal.<\/p>\n<p>Vi m\u00f6ter en kvinna m\u00e4rkt av pesten som ing\u00e5ende ber\u00e4ttar om hur det k\u00e4nns n\u00e4r pesten tar sig in i kroppen. Hennes vilda blick, h\u00e5ret p\u00e5 \u00e4nda och inte minst det variga s\u00e5ret p\u00e5 hennes kind v\u00e4cker visst obehag. Och v\u00e4rre blir det n\u00e4r hon st\u00e4ller fr\u00e5gor om historia som vi inte kan besvara \u2013 d\u00e5 \u00e4r hon inte n\u00e5dig.<\/p>\n<p>&nbsp;<\/p>\n<p><iframe loading=\"lazy\" src=\"https:\/\/www.flickr.com\/photos\/kultursidan\/14296386153\/in\/photostream\/player\/\" width=\"400\" height=\"280\" frameborder=\"0\" allowfullscreen=\"allowfullscreen\"><\/iframe><br \/>\n<em> M\u00f6nstring. Louis de Geer granskar sin arbetsstyrka.\u00a0<\/em><\/p>\n<p>&nbsp;<\/p>\n<p><strong>Louis De Geer tar sig f\u00f6r pannan n\u00e4r han ser oss, sin arbetsstyrka, som ska skapa rikedomarna \u00e5t honom.<\/strong> Han f\u00e5r oss att st\u00e4lla upp oss f\u00f6r syning p\u00e5 Gamle Bro med det m\u00e4ktiga vattnet bakom oss.<\/p>\n<p>\u2013 Vattnet som ska smida oss vapen, skanderar han.<\/p>\n<p>Det \u00e4r tur att vi kan skynda vidare genom historien.<\/p>\n<p>Det blir allt finare folk vi f\u00e5r m\u00f6ta, adelsm\u00e4n, drottningar och kungar. Det \u00e4r inte alltid s\u00e5 l\u00e4tt att lista ut vem det \u00e4r man har framf\u00f6r sig. Men os\u00e4kerheten bidrar till sp\u00e4nningen och g\u00f6r att varje steg p\u00e5 promenaden blir betydelsefullt. Du m\u00e5ste hela tiden vara uppm\u00e4rksam.<\/p>\n<p>&nbsp;<\/p>\n<p><iframe loading=\"lazy\" src=\"https:\/\/www.flickr.com\/photos\/kultursidan\/14253088576\/in\/set-72157644860083474\/player\/\" width=\"400\" height=\"280\" frameborder=\"0\" allowfullscreen=\"allowfullscreen\"><\/iframe><br \/>\n<em> En f\u00f6rlorad gestalt vid husknuten.<\/em><\/p>\n<p>&nbsp;<\/p>\n<p><strong>Mest imponeras jag av sk\u00e5despelarnas f\u00f6rm\u00e5ga att skapa publikkontakt fr\u00e5n f\u00f6rsta b\u00f6rjan och sedan h\u00e5lla fast den genom hela vandringen.<\/strong> Som publik g\u00e5r du aldrig riktigt s\u00e4ker. Pl\u00f6tsligt kan du f\u00e5 en fr\u00e5ga eller uppmanas att g\u00f6ra n\u00e5got. Det \u00e4r ett effektivt s\u00e4tt att h\u00e5lla oss kvar i ber\u00e4ttelsen. Illusionen bryts inte heller n\u00e4r vi f\u00f6rflyttar oss. D\u00e4r den ena personen l\u00e4mnar oss tar en annan person vid. Tempot h\u00e5lls uppe och vi slappnar aldrig av.<\/p>\n<p>Kl\u00e4der och smink sitter bra, men jag skulle \u00f6nskat lite mer av allt, framf\u00f6r allt sminkningen. Akt\u00f6rerna ser lite f\u00f6r levande ut f\u00f6r att vara d\u00f6da. Kanske \u00e4r det dagsljuset som f\u00f6rtar st\u00e4mningen. Det kan liksom inte bli riktigt kusligt och skr\u00e4mmande utan m\u00f6rker.<\/p>\n<p>En omst\u00e4ndighet som inte g\u00e5r att p\u00e5verka \u00e4r vad som h\u00e4nder runt omkring p\u00e5 spelplatserna. Denna kv\u00e4ll \u00e4r det studentbal, utomhuskonsert och mycket liv och r\u00f6relse ute p\u00e5 stan. Det st\u00e4ller krav p\u00e5 flexibilitet och f\u00f6rm\u00e5ga att improvisera vid behov. Sk\u00e5despelarna klarar uppgiften galant och vi lyckas vara kvar i v\u00e5r \u201dbubbla\u201d tillsammans.<\/p>\n<p>&nbsp;<\/p>\n<p><iframe loading=\"lazy\" src=\"https:\/\/www.flickr.com\/photos\/kultursidan\/14253085636\/in\/photostream\/player\/\" width=\"400\" height=\"280\" frameborder=\"0\" allowfullscreen=\"allowfullscreen\"><\/iframe><br \/>\n<em> En historielektion som aldrig blir tr\u00e5kig.<\/em><\/p>\n<p>&nbsp;<\/p>\n<p><strong>Texten inneh\u00e5ller en hel del historiska fakta och den kunskapst\u00f6rstige kan f\u00e5 sig en hel del till livs. <\/strong>Men det blir aldrig en tr\u00e5kig historielektion. Monologer och dialoger framf\u00f6rs med stort driv och mycket humor. Alla sk\u00e5despelare tar plats och g\u00f6r sin figur till en m\u00e4nniska av k\u00f6tt och blod, ja om man nu kan s\u00e4ga det om n\u00e5gon som \u00e4r d\u00f6d.<\/p>\n<p>Underh\u00e5llande \u2013 absolut. L\u00e4skigt \u2013 nej. Men jag kan f\u00f6rest\u00e4lla mig att h\u00f6stm\u00f6rkret kan bidra med ytterligare en dimension. Lite kalla h\u00f6stvindar, eller kanske kalla k\u00e5rar p\u00e5 ryggen\u2026<\/p>\n<p><em>Text och foto: Felicia Eriksson<\/em><\/p>\n<blockquote>\n<h3><strong>CENTRALA Norrk\u00f6ping<\/strong><\/h3>\n<p>22, 28 maj 2014 kl 19 (\u00e4ven h\u00f6sten 2014, fr\u00e5n september)<br \/>\n<em><strong>Sp\u00f6kvandring<br \/>\n<\/strong><strong>Teaterpaket <\/strong><strong>inklusive restaurangmiddag<\/strong><strong><br \/>\n<\/strong>Manus: L Per E Pettersson <\/em><br \/>\n<em> Regi: Patrik Dufva<\/em><br \/>\n<em> Kostym: Frida Janson\u2028<\/em><br \/>\n<em> Producent: L Per E Pettersson\/Comedy Art Theatre Sweden AB<\/em><\/p>\n<p style=\"padding-left: 30px;\"><em>MEDVERKANDE<\/em><br \/>\n<em> Pelle Andersson<\/em><br \/>\n<em> Anastasia Andersson<\/em><br \/>\n<em> Nathalie Andersson<\/em><br \/>\n<em> Louice Ottosson<\/em><br \/>\n<em> Anders Gustavsson<\/em><\/p>\n<\/blockquote>\n<p>L\u00c4NKAR<br \/>\nComedy Art Theatre <a title=\"Comedy Art Theatre\" href=\"http:\/\/www.sommarteater.nu\" target=\"_blank\">hemsida<\/a><br \/>\nPremi\u00e4r f\u00f6r historisk Sp\u00f6kvandring <a title=\"Premi\u00e4r f\u00f6r historisk Sp\u00f6kvandring\" href=\"https:\/\/www.kultursidan.nu\/?p=14947\" target=\"_blank\">reportage<\/a> Kultursidan.nu 22\/5 2014<\/p>\n<p>BILDSPEL (FLASH) \u2013 KLICKA P\u00c5 BILDEN <em><br \/>\nALT\/MOBIL: SE BILDSPELET <a title=\"Bildspel\" href=\"https:\/\/www.flickr.com\/photos\/kultursidan\/sets\/72157644860083474\/show\/\" target=\"_blank\">H\u00c4R<\/a><\/em><br \/>\n<object width=\"400\" height=\"300\"><param name=\"flashvars\" value=\"offsite=true&amp;lang=en-us&amp;page_show_url=%2Fphotos%2Fkultursidan%2Fsets%2F72157644860083474%2Fshow%2F&amp;page_show_back_url=%2Fphotos%2Fkultursidan%2Fsets%2F72157644860083474%2F&amp;set_id=72157644860083474&amp;jump_to=\" \/><param name=\"movie\" value=\"https:\/\/www.flickr.com\/apps\/slideshow\/show.swf?v=1811922554\" \/><param name=\"allowFullScreen\" value=\"true\" \/><\/object><\/p>\n","protected":false},"excerpt":{"rendered":"<p>NORRK\u00d6PING Comedy Art Theatre bjuder p\u00e5 sp\u00f6klik stadsvandring i de centrala delarna av Norrk\u00f6ping. Staden befolkas f\u00f6r en stund av m\u00e4nniskor fr\u00e5n det f\u00f6rflutna som vill ber\u00e4tta sin historia. <a class=\"continue-reading-link\" href=\"https:\/\/www.kultursidan.nu\/?p=14985\">L\u00e4s mer <span class=\"meta-nav\">&rarr; <\/span><\/a><\/p>\n","protected":false},"author":1001006,"featured_media":0,"comment_status":"closed","ping_status":"open","sticky":false,"template":"","format":"standard","meta":{"_jetpack_memberships_contains_paid_content":false,"footnotes":""},"categories":[7],"tags":[12,59],"class_list":["post-14985","post","type-post","status-publish","format-standard","hentry","category-norrkoping","tag-teater","tag-vandring"],"jetpack_featured_media_url":"","jetpack_sharing_enabled":true,"_links":{"self":[{"href":"https:\/\/www.kultursidan.nu\/index.php?rest_route=\/wp\/v2\/posts\/14985","targetHints":{"allow":["GET"]}}],"collection":[{"href":"https:\/\/www.kultursidan.nu\/index.php?rest_route=\/wp\/v2\/posts"}],"about":[{"href":"https:\/\/www.kultursidan.nu\/index.php?rest_route=\/wp\/v2\/types\/post"}],"author":[{"embeddable":true,"href":"https:\/\/www.kultursidan.nu\/index.php?rest_route=\/wp\/v2\/users\/1001006"}],"replies":[{"embeddable":true,"href":"https:\/\/www.kultursidan.nu\/index.php?rest_route=%2Fwp%2Fv2%2Fcomments&post=14985"}],"version-history":[{"count":0,"href":"https:\/\/www.kultursidan.nu\/index.php?rest_route=\/wp\/v2\/posts\/14985\/revisions"}],"wp:attachment":[{"href":"https:\/\/www.kultursidan.nu\/index.php?rest_route=%2Fwp%2Fv2%2Fmedia&parent=14985"}],"wp:term":[{"taxonomy":"category","embeddable":true,"href":"https:\/\/www.kultursidan.nu\/index.php?rest_route=%2Fwp%2Fv2%2Fcategories&post=14985"},{"taxonomy":"post_tag","embeddable":true,"href":"https:\/\/www.kultursidan.nu\/index.php?rest_route=%2Fwp%2Fv2%2Ftags&post=14985"}],"curies":[{"name":"wp","href":"https:\/\/api.w.org\/{rel}","templated":true}]}}