{"id":14991,"date":"2014-05-27T20:49:15","date_gmt":"2014-05-27T19:49:15","guid":{"rendered":"https:\/\/intelligent-friend-7861.standoutwp.com\/?p=14991"},"modified":"2014-06-26T19:05:25","modified_gmt":"2014-06-26T18:05:25","slug":"en-svensk-resa-pa-arbetets-museum","status":"publish","type":"post","link":"https:\/\/www.kultursidan.nu\/?p=14991","title":{"rendered":"En svensk resa p\u00e5 Arbetets museum"},"content":{"rendered":"<p><iframe loading=\"lazy\" src=\"https:\/\/www.flickr.com\/photos\/kultursidan\/14098552588\/in\/photolist-nL3h8X-nLa1ab-ntQLuU-ntQC6F-nLa11J-ntQBZP\/player\/\" width=\"500\" height=\"332\" frameborder=\"0\" allowfullscreen webkitallowfullscreen mozallowfullscreen oallowfullscreen msallowfullscreen><\/iframe><\/p>\n<p><em>L\u00e4s min bok! Ett av anslagen fr\u00e5n den norrl\u00e4ndska resan. F\u00f6rfattaren skriver mer n\u00e4r han har tid. <\/em><\/p>\n<p>&nbsp;<\/p>\n<h1><span style=\"color: #ff0000;\">Den sista och f\u00f6rsta m\u00f6tesplatsen<\/span><\/h1>\n<p>&nbsp;<\/p>\n<p><strong>Anslagstavlan som den sista m\u00f6tesplatsen \u2013 eller den f\u00f6rsta.<\/strong> Staffan Ekegren och Maria Sedell reste med l\u00e4tt bagage till Norrland en sommarm\u00e5nad fylld av sk\u00f6na vyer och bitande knott. Hem kom de med historier om m\u00e4nniskors vilja.<\/p>\n<p>&nbsp;<\/p>\n<p><iframe loading=\"lazy\" src=\"https:\/\/www.flickr.com\/photos\/kultursidan\/14098523989\/player\/\" width=\"400\" height=\"220\" frameborder=\"0\" allowfullscreen=\"allowfullscreen\"><\/iframe><br \/>\n<em> Diskret utst\u00e4llning.\u00a0Bilderna \u00e4r enkelt upph\u00e4ngda i clips.<\/em><\/p>\n<p>&nbsp;<\/p>\n<p><strong><em>Om du har v\u00e4garna f\u00f6rbi<\/em> heter Arbetets museums sommarutst\u00e4llning allra h\u00f6gst upp i Strykj\u00e4rnet.<\/strong> Det har man s\u00e4llan till nordligaste Norrland, h\u00f6gst upp p\u00e5 kartan \u00f6ver Sverige. Paret Ekegren och Sedell fattade ett beslut, packade Volvon med bord, stolar och rullade norrut fr\u00e5n \u00d6rebro 3 juli 2012. Bilen var deras hem under en m\u00e5nads tid fram till 29 juli. D\u00e5 togs den sista bilden i Lugnvik, vars \u00e4gare en g\u00e5ng l\u00e4mnade G\u00f6teborg f\u00f6r att ta \u00f6ver kiosken i byn.<\/p>\n<p>\u2013 Vi t\u00e4nker att den h\u00e4r utst\u00e4llningen sl\u00e5r an hos m\u00e5nga av v\u00e5ra bes\u00f6kare, att man kan identifiera sig med tanken att \u201djag tar bilen, bara drar n\u00e5gonstans\u201d, s\u00e4ger Anneli T\u00e4rning p\u00e5 Arbetets museum. Men ocks\u00e5 att den har en djupare mening om m\u00e4nniskor i samh\u00e4llet. En del av dem har en otrolig kraft.<\/p>\n<p>&nbsp;<\/p>\n<p><iframe loading=\"lazy\" src=\"https:\/\/www.flickr.com\/photos\/kultursidan\/14283174492\/player\/\" width=\"400\" height=\"280\" frameborder=\"0\" allowfullscreen=\"allowfullscreen\"><\/iframe><br \/>\n<em> Han k\u00f6pte sitt barndomshem, j\u00e4rnv\u00e4gsstationen i Stenstr\u00e4sk.\u00a0<\/em><\/p>\n<p>&nbsp;<\/p>\n<p><strong>62 foton skildrar resan till byar och bygder med namn som M\u00e5ll\u00e5ngsta, Edsforsen, Lo, Porjus, Tornehamn och Storbr\u00e4nnen.<\/strong> Den 7 juli, efter fyra dagar n\u00e5r paret H\u00e4rn\u00f6sand. Strax utanf\u00f6r fotograferar de ett plockepinn till brygga utmed strandkanten i Marieberg.<\/p>\n<p>Norrland \u00e4r k\u00e4nt som de starka f\u00e4rgernas rike. H\u00e4r \u00e4r f\u00e4rgskalan \u00e5terh\u00e5llsam, bilderna utskrivna p\u00e5 matt papper med akvarellk\u00e4nsla. En del fotografier med sk\u00f6na detaljer \u00e4r som m\u00e5lningar fr\u00e5n nationalromantikens dagar, med st\u00e4nk av vemod. Texterna \u2013 ortnamn och tidsangivelse \u2013 skrivna i ljust gr\u00e5tt.<\/p>\n<p><strong>N\u00e4r s\u00e5 mycket snurrar om det senaste, h\u00e4ftigaste och trendigaste \u00e4r det l\u00e4tt att gl\u00f6mma bort Norrland, avfolkningsbygderna.<\/strong> En bild med femfaldigt str\u00e5k av elledningar p\u00e5minner \u2013 utan Norrlands vattenkraft vore s\u00f6dra Sverige intet. Det \u00e4r de norrl\u00e4ndska skogarna, bergen och \u00e4lvarna som st\u00e5r f\u00f6r stora delar av kraften och r\u00e5varorna.<\/p>\n<p>I avfolkningsbygderna bor \u00e4nd\u00e5 m\u00e5nga kvar, utg\u00f6r motkraft. Tre hush\u00e5ll i K\u00e4llheden har blivit fem. N\u00e4r staten Sverige backade undan k\u00f6pte en man den j\u00e4rnv\u00e4gsstationen d\u00e4r hans mor var bas, en annan man k\u00f6pte polishuset som han f\u00f6rvandlade till vandrarhem. N\u00e4r landstinget ville l\u00e4gga ner l\u00e4karstationen i J\u00f6rn gick bygden ihop. En f\u00f6rening bildades som startade egen v\u00e5rdcentral, med l\u00e4kare, tandl\u00e4kare och sk\u00f6terskor.<\/p>\n<p>&nbsp;<\/p>\n<p><iframe loading=\"lazy\" src=\"https:\/\/www.flickr.com\/photos\/kultursidan\/14283174002\/in\/set-72157644879314815\/player\/\" width=\"400\" height=\"280\" frameborder=\"0\" allowfullscreen=\"allowfullscreen\"><\/iframe><br \/>\n<em> Katarina L\u00f6fstr\u00f6ms Passage stiger med landh\u00f6jningen, ett trappsteg f\u00f6r var generation.<\/em><\/p>\n<p>&nbsp;<\/p>\n<p>&nbsp;<\/p>\n<p><strong>Resans vykort s\u00e4nker en gr\u00e5 stentrappa djupt i fiskel\u00e4get B\u00f6nhamns vattenbryn. <\/strong>Det \u00e4r konstn\u00e4ren Katarina L\u00f6fstr\u00f6ms <em>Passage<\/em>, ett geologiskt urverk som stiger med landh\u00f6jningen, ett trappsteg f\u00f6r var generation.<\/p>\n<p>45:ans grillbar i Porjus har utsk\u00e4nkningsr\u00e4ttigheter. Sj\u00e4lvklart var det inte, polisen befarade g\u00e4ngbildning. \u201dMenar ni pension\u00e4rerna med sina rullatorer? hade n\u00e5gon svarat\u201d, ber\u00e4ttade stamkunden Filen f\u00f6r resen\u00e4rerna fr\u00e5n \u00d6rebro.<\/p>\n<p>Av 25 intervjuer under resans g\u00e5ng m\u00f6ter bes\u00f6karen \u00e5tta i utst\u00e4llningen. F\u00e4rden blev ocks\u00e5 till en bok, med alla m\u00f6ten och fler detaljer, som man kan l\u00e4sa, sl\u00e5 sig ner vid resen\u00e4rernas stora k\u00f6ksbord som st\u00e5r uppst\u00e4llt p\u00e5 museet.<\/p>\n<p>&nbsp;<\/p>\n<p><iframe loading=\"lazy\" src=\"https:\/\/www.flickr.com\/photos\/kultursidan\/14281862461\/in\/photostream\/player\/\" width=\"400\" height=\"280\" frameborder=\"0\" allowfullscreen=\"allowfullscreen\"><\/iframe><br \/>\n<em> Anneli T\u00e4rning vid anslagen p\u00e5 &#8221;skjulet&#8221;. Bakom luckorna finns en historia.\u00a0<\/em><\/p>\n<p>&nbsp;<\/p>\n<p><strong>F\u00f6rsta anslagstavlan fotograferas i sommarnattens ljus i Enviken den 5 juli kl 23.06.<\/strong> Det dokument\u00e4ra greppet \u00e4r en erk\u00e4nd genre, h\u00e4r enkel d\u00e5 kameran best\u00e5r med tiden.<\/p>\n<p>Utst\u00e4llningen f\u00f6rdjupas med till synes banala, lustiga eller sj\u00e4lvklara anslag och affischer som fotograferats av och nu tryckts upp p\u00e5 utst\u00e4llningens anslagsskjul (som ocks\u00e5 rymmer ett bildspel). Varje anslag \u00e4r ocks\u00e5 en lucka bakom vilken man finner deras historia. Efter hemkomsten ringde Staffan Ekegren och Maria Sedell upp de angivna telefonnumren.<\/p>\n<p>Ber\u00e4ttelserna roar, intresserar och ber\u00f6r om vartannat. Som den om den borttappade fiskerullen, den om 16-\u00e5ringen som erbjuder sig att skotta sn\u00f6 f\u00f6r att f\u00e5 hit sin mor fr\u00e5n Somalia, den om m\u00e5nadsm\u00f6tena som ska r\u00e4dda hela Sorsele. Och flickorna som vill sommarjobba f\u00f6r att ge pengar till de fattiga i Afrika.<\/p>\n<p><strong>Utst\u00e4llningen visar p\u00e5 att livet p\u00e5g\u00e5r med full kraft, kanske starkare bland dem som m\u00e5ste k\u00e4mpa h\u00e5rdare.<\/strong> Anslagstavlan \u00e4r samh\u00e4llsbyggandets f\u00f6rsta och sista utpost. P\u00e5 Facebook eller vid v\u00e4gkanten.<\/p>\n<p><em>Text: Ann-Charlotte Sandelin<br \/>\nFoto: Sven \u00c5ke Molund<\/em><\/p>\n<p>&nbsp;<\/p>\n<blockquote>\n<h3><em>ARBETETS MUSEUM Norrk\u00f6ping<\/em><\/h3>\n<p>31 maj \u2013 14 september 2014<em><strong><br \/>\nOm du har v\u00e4garna f\u00f6rbi<\/strong><\/em><br \/>\n<em> Fotografiutst\u00e4llning<\/em><br \/>\n<em> Staffan Ekegren och Maria Sedell<\/em><\/p>\n<p style=\"padding-left: 30px;\"><em>PROGRAM<\/em><br \/>\n2 september<br \/>\n<em><strong> Ber\u00e4ttarprojekt<\/strong> med Maria Sedell<\/em><\/p>\n<\/blockquote>\n<p>L\u00c4NKAR<br \/>\nArbetets museum <a title=\"Arbetets museum\" href=\"http:\/\/www.arbetetsmuseum.se\" target=\"_blank\">hemsida<\/a><br \/>\nStaffan Ekegren <a title=\"Staffan Ekegren\" href=\"http:\/\/www.staffanekegren.se\/Om_Staffan.html\" target=\"_blank\">hemsida <\/a><br \/>\nMaria Sedell <a title=\"Maria Sedell\" href=\"http:\/\/www.sedell.se\" target=\"_blank\">hemsida <\/a><\/p>\n<p>FLER BILDER \u2013 KLICKA<\/p>\n<p>[flickr-gallery mode=&#8221;photoset&#8221; photoset=&#8221;72157644879314815&#8243;]<\/p>\n","protected":false},"excerpt":{"rendered":"<p>NORRK\u00d6PING Anslagstavlan som den sista m\u00f6tesplatsen \u2013 eller den f\u00f6rsta. Staffan Ekegren och Maria Sedell reste med l\u00e4tt bagage till Norrland, en sommarm\u00e5nad fylld av sk\u00f6na vyer och bitande knott. Hem kom de med historier om m\u00e4nniskans vilja. <a class=\"continue-reading-link\" href=\"https:\/\/www.kultursidan.nu\/?p=14991\">L\u00e4s mer <span class=\"meta-nav\">&rarr; <\/span><\/a><\/p>\n","protected":false},"author":1001006,"featured_media":0,"comment_status":"closed","ping_status":"open","sticky":false,"template":"","format":"standard","meta":{"_jetpack_memberships_contains_paid_content":false,"footnotes":""},"categories":[7],"tags":[17,47],"class_list":["post-14991","post","type-post","status-publish","format-standard","hentry","category-norrkoping","tag-foto","tag-utstallning"],"jetpack_featured_media_url":"","jetpack_sharing_enabled":true,"_links":{"self":[{"href":"https:\/\/www.kultursidan.nu\/index.php?rest_route=\/wp\/v2\/posts\/14991","targetHints":{"allow":["GET"]}}],"collection":[{"href":"https:\/\/www.kultursidan.nu\/index.php?rest_route=\/wp\/v2\/posts"}],"about":[{"href":"https:\/\/www.kultursidan.nu\/index.php?rest_route=\/wp\/v2\/types\/post"}],"author":[{"embeddable":true,"href":"https:\/\/www.kultursidan.nu\/index.php?rest_route=\/wp\/v2\/users\/1001006"}],"replies":[{"embeddable":true,"href":"https:\/\/www.kultursidan.nu\/index.php?rest_route=%2Fwp%2Fv2%2Fcomments&post=14991"}],"version-history":[{"count":0,"href":"https:\/\/www.kultursidan.nu\/index.php?rest_route=\/wp\/v2\/posts\/14991\/revisions"}],"wp:attachment":[{"href":"https:\/\/www.kultursidan.nu\/index.php?rest_route=%2Fwp%2Fv2%2Fmedia&parent=14991"}],"wp:term":[{"taxonomy":"category","embeddable":true,"href":"https:\/\/www.kultursidan.nu\/index.php?rest_route=%2Fwp%2Fv2%2Fcategories&post=14991"},{"taxonomy":"post_tag","embeddable":true,"href":"https:\/\/www.kultursidan.nu\/index.php?rest_route=%2Fwp%2Fv2%2Ftags&post=14991"}],"curies":[{"name":"wp","href":"https:\/\/api.w.org\/{rel}","templated":true}]}}