{"id":15167,"date":"2014-06-03T20:06:12","date_gmt":"2014-06-03T19:06:12","guid":{"rendered":"https:\/\/intelligent-friend-7861.standoutwp.com\/?p=15167"},"modified":"2014-08-09T15:08:41","modified_gmt":"2014-08-09T14:08:41","slug":"30-sommarteatrar-fyller-ostergotland-2014-listan","status":"publish","type":"post","link":"https:\/\/www.kultursidan.nu\/?p=15167","title":{"rendered":"30 sommarteatrar fyller \u00d6sterg\u00f6tland 2014 (listan)"},"content":{"rendered":"<p><iframe loading=\"lazy\" src=\"https:\/\/www.flickr.com\/photos\/kultursidan\/14359562973\/in\/photolist-nSUvMX-9WjkPM-9Z4nNp-9Z7hxo-9Z7ht1-9Z7hoL-9Z7hjm-9Z4npT-9Z7hcu-9Z7h7w-9Z7h3C-9Z4n8R-9Z7gSN-9Z7gNG-9Z4mTR-9Z4mNt-9Z7gx5-9Z4mCM-eYYFGq-eYYCFj-eYMesx-eYMczt-eYYwVG-eYLyTr-eYLwJZ-eYLuun-eYXPWq-eYLq7X-eYLodg-eQyb9H-eQy7dt-eQKuaC-eQKu1h\/player\/\" width=\"500\" height=\"333\" frameborder=\"0\" allowfullscreen=\"allowfullscreen\"><\/iframe><\/p>\n<p><em>Folklustspel 2013. Men Cederdalen vilar i \u00e5r.<br \/>\n<\/em><\/p>\n<p>&nbsp;<\/p>\n<h1><span style=\"color: #ff0000;\">Lustspel, bygdespel, drama och familjeteater<\/span><\/h1>\n<p>&nbsp;<\/p>\n<p><strong>Sommaren \u00e4r lika fylld med teater som med mygg.<\/strong> Men roligare, mer sp\u00e4nnande och ganska s\u00e5 underbar. Teatert\u00e4tast \u00e4r Norrk\u00f6ping, Link\u00f6ping och Vadstena. Vadstena-Akademien firar 50 \u00e5r med operan <em>Silverskeppet<\/em>.<\/p>\n<p>\u00d6stsams teatersamordnare Maria Brusman har samlat informationen. H\u00e4r \u00e4r hela listan, Kultursidan.nu har sorterat ort f\u00f6r ort. Norrk\u00f6ping f\u00f6rst, d\u00e4refter i bokstavsordning. Barnteater\/familjef\u00f6rest\u00e4llningar \u00e4r med i stora listan, markerade med B\/F. Allteftersom vi g\u00f6r reportage och\/eller recenserar f\u00f6rest\u00e4llningar l\u00e4gger vi till l\u00e4nkar.<\/p>\n<p><em>Text och foto: Ann-Charlotte Sandelin<\/em><\/p>\n<blockquote><p>NORRK\u00d6PING<\/p>\n<p>5 \u2013 26 juni, 5 \u2013 23 aug kl 19<br \/>\n<em><strong>En kn\u00e4pp revy <\/strong>revy <strong><br \/>\n<\/strong>Teatertorget, Kn\u00e4ppingsborg<\/em><br \/>\n<em> Arr: Chopp Event <a title=\"Chopp Event\" href=\"http:\/\/www.choppevent.se\" target=\"_blank\">hemsida<\/a> <a title=\"Pippi och En kn\u00e4pp revy i Kn\u00e4ppingsborg\" href=\"https:\/\/www.kultursidan.nu\/?p=14757\" target=\"_blank\">reportage<\/a><\/em> <a title=\"Familj\u00e4rt och tidl\u00f6st i En kn\u00e4pp revy\" href=\"https:\/\/www.kultursidan.nu\/?p=15181\" target=\"_blank\"><em>recension<\/em><\/a><\/p>\n<p>11 \u2013 26 juni, 24, 26 juli, 1 \u2013 23 augusti kl 17<br \/>\n<em>B\/F <strong>Pippi p\u00e5 de sju haven <\/strong>av Astrid Lindgren<\/em><br \/>\n<em> Teatertorget, Kn\u00e4ppingsborg<\/em><br \/>\n<em> Arr: Chopp Event <a title=\"Chopp Event\" href=\"http:\/\/www.choppevent.se\" target=\"_blank\">hemsida<\/a> <a title=\"Pippi och En kn\u00e4pp revy i Kn\u00e4ppingsborg\" href=\"https:\/\/www.kultursidan.nu\/?p=14757\" target=\"_blank\">reportage<\/a><\/em> <a title=\"Lekfull Pippiensemble sjunger och dansar\" href=\"https:\/\/www.kultursidan.nu\/?p=15312\" target=\"_blank\"><em>recension<\/em><\/a><\/p>\n<p>28 juni \u2013 7 juli<br \/>\n<em><strong>Samling vid pumpen <\/strong>folklustspel<strong><br \/>\n<\/strong>Apptekparken, \u00d6stra Husby, Vikbolandet<\/em><br \/>\n<em> Arr: F\u00f6reningen Vikbolandsspelet <a title=\"Vikbolandsspelet\" href=\"http:\/\/www.vikbolandsspelet.se\" target=\"_blank\">hemsida<\/a> <a title=\"Samling vid pumpen i \u00d6stra Husby\" href=\"https:\/\/www.kultursidan.nu\/?p=15518\" target=\"_blank\">reportage<\/a> <a title=\"Roande rallyk\u00e4rlek med h\u00f6gersv\u00e4ng \" href=\"https:\/\/www.kultursidan.nu\/?p=15711\" target=\"_blank\">recension<\/a><br \/>\n<\/em><\/p>\n<p>3 \u2013 19 juli<br \/>\n<em><strong>Hj\u00e4lten p\u00e5 den gr\u00f6na \u00f6n <\/strong>dramatik med livemusik<strong><br \/>\n<\/strong>Teatertorget, Kn\u00e4ppingsborg<\/em><br \/>\n<em> Arr: RevolverTeatern <a title=\"RevolverTeatern\" href=\"http:\/\/revolverteatern.se\/\" target=\"_blank\">hemsida<\/a> <a title=\"RevolverTeatern s\u00e4tter upp skandalpj\u00e4s\" href=\"https:\/\/www.kultursidan.nu\/?p=15702\" target=\"_blank\">reportage<\/a> <a title=\"Alla faller f\u00f6r Hj\u00e4lten p\u00e5 den gr\u00f6na \u00f6n (recension)\" href=\"https:\/\/www.kultursidan.nu\/?p=15807\" target=\"_blank\">recension<\/a><br \/>\n<\/em><\/p>\n<p>5 \u2013 6 juli<br \/>\n<em><strong>Det magiska tr\u00e4det <\/strong>familjeshow med saga, s\u00e5ng, dans och sv\u00e4rd<\/em><br \/>\n<em><strong>The Final Battle<\/strong> dinnershow med saga, s\u00e5ng, dans, sv\u00e4rd och eld<br \/>\nArr: Piraterna i Peking <a title=\"Piraterna fr\u00e5n Peking\" href=\"http:\/\/www.piraternafranpeking.com\/\" target=\"_blank\">hemsida<\/a> <a title=\"Sv\u00e4rdsf\u00e4ktning med Piraterna fr\u00e5n Peking\" href=\"https:\/\/www.kultursidan.nu\/?p=15798\" target=\"_blank\">reportage <\/a><\/em><\/p>\n<p>8 \u2013 19 juli kl 19<br \/>\n<em><strong>Fiskare Arons dilemma <\/strong>fri-spel av Monika Sahlin<strong><br \/>\n<\/strong>Kvarnberget, Ark\u00f6sund<\/em><br \/>\n<em> Arr: Ark\u00f6sunds Friluftsteater <a title=\"Ark\u00f6sunds frlluftsteater\" href=\"http:\/\/www.arkosundsteatern.com\" target=\"_blank\">hemsida<\/a> <a title=\"Vem vill inte klippa vid havet? \" href=\"https:\/\/www.kultursidan.nu\/?p=15864\" target=\"_blank\">recension<\/a><\/em><\/p>\n<p>13 \u2013 28 aug, 16 \u2013 19 sept kl 19.30<br \/>\n<em><strong>Woyzeck <\/strong>drama av Georg B\u00fcchner<strong><br \/>\n<\/strong>NP33, Norra Promenaden 33<\/em><br \/>\n<em> Arr: Norrk\u00f6pings Teaterkompani <a title=\"Norrk\u00f6pings teaterkompani\" href=\"http:\/\/www.norrkopingsteaterkompani.wordpress.com\" target=\"_blank\">hemsida<\/a> <a title=\"Norrk\u00f6pings Teaterkompani ger Woyzeck\" href=\"https:\/\/www.kultursidan.nu\/?p=15493\" target=\"_blank\">presentation<\/a> <a title=\"Woyzeck n\u00e4ra premi\u00e4r p\u00e5 NP33\" href=\"https:\/\/www.kultursidan.nu\/?p=16236\" target=\"_blank\">reportage<\/a><\/em><\/p><\/blockquote>\n<p>FINSP\u00c5NG<\/p>\n<p><em>1 \u2013 14 juni<\/em><br \/>\n<strong>T\u00e4ndsticksfabriken<\/strong> historiespel av Ingbritt Swan\u00f6 Wiklander<br \/>\nGruvstugan, H\u00e4llestad<br \/>\nArr: Gruvspelsgruppen i H\u00e4llestad <a title=\"Gruvspelet\" href=\"http:\/\/www.gruvspelet.se\" target=\"_blank\">hemsida<\/a> <a title=\"T\u00e4ndsticksfabriken diskuterar barnarbete (recension)\" href=\"https:\/\/www.kultursidan.nu\/?p=15156\" target=\"_blank\">recension<\/a><\/p>\n<blockquote><p>LINK\u00d6PING<\/p>\n<p>24 maj \u2013 1 juni<br \/>\n<em>B\/F <strong>Landet Oz <\/strong>musikal <\/em><br \/>\n<em> Sagateatern <\/em><br \/>\n<em> Arr: Sommarspektaklets V\u00e4nner och Birgitta Wigforss Produktion <a title=\"Birgitta Wigforss\" href=\"http:\/\/www.birgittawigforss.se\" target=\"_blank\">hemsida<\/a>\u00a0<\/em><\/p>\n<p>25 maj \u2013 24 augusti<br \/>\n<em>B\/F <strong>Fr\u00e5n A till \u00d6 <\/strong>baserad p\u00e5 SVT:s barnklassiker<\/em><br \/>\n<em> von Lingens g\u00e5rd, Gamla Link\u00f6ping<strong><br \/>\n<\/strong>Arr: Friluftsteatern, NBV\u00a0 <a title=\"Friluftsteatern\" href=\"http:\/\/www.friluftsteatern.se\" target=\"_blank\">hemsida<\/a>\u00a0<\/em><\/p>\n<p>10 \u2013 15 juni kl 19<br \/>\n<em><strong>Snart kommer tiden<\/strong> absurt om parrelation av Line Knutzon<\/em><br \/>\n<em> Sagateatern<\/em><br \/>\n<em> Arr: Teaterf\u00f6reningen Inferno <a title=\"Teater Inferno\" href=\"http:\/\/www.teaterinferno.se\" target=\"_blank\">hemsida<\/a>\u00a0<\/em><\/p>\n<p>23 \u2013 28 juni<br \/>\n<em><strong>Herr Strongfelts arvegods <\/strong>\u00e4delbuskis av Bengt-Arne Petersson<strong><br \/>\n<\/strong>Gr\u00e4splanen bakom f\u00f6rsamlingshemmet, Gammalkil<\/em><br \/>\n<em> Arr: Harmoni i Gammalkil och Nykil-Gammalkils f\u00f6rsamling <a title=\"Harmoni i Gammalkil\" href=\"http:\/\/www.harmoniigammalkil.n.nu\" target=\"_blank\">hemsida<\/a>\u00a0<\/em><\/p>\n<p>1 \u2013 13 juli kl 11 o kl 14<br \/>\n<em>B\/F <strong>Tant Gr\u00f6n, Tant Brun, Tant Gredelin<br \/>\n<\/strong>H\u00e5llg\u00e5rden, bakom Handelsboden, Gamla Link\u00f6ping<\/em><br \/>\n<em> Arr: Globengruppen <a title=\"Globengruppen\" href=\"http:\/\/www.globengruppen.se\" target=\"_blank\">hemsida<\/a>\u00a0<\/em><\/p>\n<p>18 \u2013 24 juli<br \/>\n<em><strong>I fruntimmersveckan<\/strong> av Hedvig Indebetou<\/em><br \/>\n<em> Mutebo-Aspn\u00e4s miniatyrj\u00e4rnv\u00e4g och Caf\u00e9<\/em><br \/>\n<em> Arr: Link\u00f6pings Friteater <a title=\"Friteatern\" href=\"http:\/\/www.friteatern.dinstudio.se\" target=\"_blank\">hemsida<\/a>\u00a0<\/em><\/p>\n<p>23 juli \u2013 9 aug<br \/>\n<em><strong>Tage i valet och kvalet <\/strong>texter av Tage Danielsson samt Livemusik av Bar Quartet<strong><br \/>\n<\/strong>Dahlbergs caf\u00e9tr\u00e4dg\u00e5rd, Gamla Link\u00f6ping<\/em><br \/>\n<em> Arr:S\u00e4llskapet Tage Danielssons v\u00e4nner <a title=\"Tages v\u00e4nner\" href=\"http:\/\/www.tagesvanner.se\" target=\"_blank\">hemsida<\/a>\u00a0<\/em><\/p>\n<p>16 \u2013 31 aug<br \/>\n<em> <strong>Hemv\u00e4rn och p\u00e5ssjuka <\/strong>friluftspj\u00e4s\/skrattfest<\/em><br \/>\n<em> Landeryds hembygdsg\u00e5rd, Link\u00f6ping<\/em><br \/>\n<em> Arr: Kulturakt\u00f6rerna, NBV <a title=\"Kulturakt\u00f6rerna\" href=\"http:\/\/www.kulturaktorerna.se\" target=\"_blank\">hemsida<\/a>\u00a0<\/em><\/p><\/blockquote>\n<p>MJ\u00d6LBY<\/p>\n<p><em>30 juni \u2013 12 juli kl 19<\/em><br \/>\n<strong>Charleys tant <\/strong>lustspel av Thomas Brandon<br \/>\nOxhagens loge, Kolstad<br \/>\nArr: Sommarspektaklets V\u00e4nner och Birgitta Wigforss Produktion <a title=\"Birgitta Wigforss\" href=\"http:\/\/www.birgittawigforss.se\" target=\"_blank\">hemsida<\/a><\/p>\n<p><em>2, 3 aug kl 16<\/em><br \/>\nB\/F <strong>Landet Oz <\/strong>musikal<br \/>\nMj\u00f6lby hembygdsg\u00e5rd<br \/>\nArr: Sommarspektaklets V\u00e4nner och Birgitta Wigforss Produktion <a title=\"Birgitta Wigforss\" href=\"http:\/\/www.birgittawigforss.se\" target=\"_blank\">hemsida<\/a><\/p>\n<blockquote><p><em>MOTALA<\/em><\/p>\n<p>24 juni \u2013 6 juli<br \/>\n<em> <strong>K\u00e4rlek och pengar<\/strong> folklustspel av Vilhelm Moberg<\/em><br \/>\n<em> Kornettg\u00e5rden, Flistad<\/em><br \/>\n<em> Arr: Motala Teaterverkstad <a title=\"Motala teaterverkstad\" href=\"http:\/\/www.teaterverkstan.com\" target=\"_blank\">hemsida<\/a>\u00a0<\/em><\/p>\n<p>3 juli \u2013 4 aug<br \/>\n<em> <strong>Men d\u00e5 sa jag Du till greven <\/strong>sommarspel<strong><br \/>\n<\/strong>Medevi Brunn<\/em><br \/>\n<em> Arr: Uffe Holmertz, Intressef\u00f6reningen Medevi brunn <a title=\"Uffe Holmertz\" href=\"http:\/\/www.uffeholmertz.se\" target=\"_blank\">hemsida<\/a>\u00a0<\/em><\/p>\n<p>22-31 aug<br \/>\n<em> <strong>G\u00e5rdarna som f\u00f6rsvann \u2013 Fr\u00e5n bruksbygd till stridsskola <\/strong>historiskt bygdespel<strong><br \/>\n<\/strong>Folkets park, Borensberg<\/em><br \/>\n<em> Arr: Kulturf\u00f6reningen Axet, NBV, \u00d6stsam<\/em><\/p><\/blockquote>\n<p>S\u00d6DERK\u00d6PING<\/p>\n<p><em>25 juni \u2013 12 juli<\/em><br \/>\nB\/F <strong>Dubbelmysteriet <\/strong>efter b\u00f6ckerna om LasseMajas detektivbyr\u00e5<strong><br \/>\n<\/strong>Kyrkparken<br \/>\nArr: Teater Sythercopie <a title=\"Sythercopie\" href=\"http:\/\/www.teatersythercopie.se\" target=\"_blank\">hemsida<\/a> <a title=\"Tv\u00e5 mysterier i den lilla staden (recension)\" href=\"https:\/\/www.kultursidan.nu\/?p=15546\" target=\"_blank\">recension<\/a><\/p>\n<blockquote><p>VADSTENA<\/p>\n<p>3 juli \u2013 2 augusti<br \/>\n<em><strong>Trettondagsafton <\/strong>av William Shakespeare<\/em><br \/>\n<em> Gr\u00e4sg\u00e5rden<\/em><br \/>\n<em> Arr: Shakespeare p\u00e5 Gr\u00e4sg\u00e5rden <a title=\"Shakespeare p\u00e5 Gr\u00e4sg\u00e5rden\" href=\"http:\/\/www.shpg.se\" target=\"_blank\">hemsida<\/a> <a title=\"Med Shakespeare i genusland \" href=\"https:\/\/www.kultursidan.nu\/?p=15775\" target=\"_blank\">recension<\/a><\/em><\/p>\n<p>Ons o tors i juli kl 18.30<br \/>\n<em><strong>Ellen Key och Ljuset p\u00e5 Strand <\/strong>soppteater avIngelin &amp; Niclas Angerborn<\/em><br \/>\n<em> Vadstena Nya Teater<\/em><br \/>\n<em> Arr: Vadstena Nya Teater <a title=\"Vadstena nya teater\" href=\"http:\/\/www.vadstenanyateater.se\" target=\"_blank\">hemsida<\/a>\u00a0<\/em><\/p>\n<p>8 juli kl 19<br \/>\n<em><strong>Drottning Kristinas Akademi <\/strong>musik och poesi<strong><br \/>\n<\/strong>Vadstena Klostermuseums Dormitorium<\/em><br \/>\n<em> Arr: Vadstena-Akademien <a title=\"Vadstena-akademien\" href=\"http:\/\/www.vadstena-akademien.org\" target=\"_blank\">hemsida<\/a> <a title=\"Vadstena-Akademien firar 50 \u00e5r\" href=\"https:\/\/www.kultursidan.nu\/?p=15837\" target=\"_blank\">reportage<\/a><\/em><\/p>\n<p>20 juli \u2013 8 augusti kl 19<br \/>\n<em><strong>Silverskeppet <\/strong>opera<strong><br \/>\n<\/strong>Br\u00f6llopssalen, Vadstena Slott<\/em><br \/>\n<em> Arr: Vadstena-Akademien <a title=\"Vadstena-akademien\" href=\"http:\/\/www.vadstena-akademien.org\" target=\"_blank\">hemsida<\/a><\/em> <em><a title=\"Vadstena-Akademien firar 50 \u00e5r\" href=\"https:\/\/www.kultursidan.nu\/?p=15837\" target=\"_blank\">reportage<\/a><\/em><\/p>\n<p>3 aug kl 15<br \/>\n<em> <strong>Lovisa Ulrika<\/strong> sopran, dansare, str\u00e5kkvartett<\/em><br \/>\n<em> Br\u00f6llopssalen, Vadstena Slott<\/em><br \/>\n<em> Arr: Vadstena-Akademien <a title=\"Vadstena-akademien\" href=\"http:\/\/www.vadstena-akademien.org\" target=\"_blank\">hemsida<\/a><\/em> <em><a title=\"Vadstena-Akademien firar 50 \u00e5r\" href=\"https:\/\/www.kultursidan.nu\/?p=15837\" target=\"_blank\">reportage<\/a><\/em><\/p><\/blockquote>\n<p>VALDEMARSVIK<\/p>\n<p><em>1 \u2013 3 aug<\/em><br \/>\n<strong>Torpet vid Trollg\u00f6l <\/strong>bygdespel <strong><br \/>\n<\/strong>Hembygdsg\u00e5rden Salfvedal, Yxnerum<br \/>\n<strong>Arr: <\/strong>Yxnerums hembygdsf\u00f6rening <a title=\"Yxnerum\" href=\"http:\/\/www.hembygd.se\/ostergotland\/yxnerum\" target=\"_blank\">hemsida<\/a><\/p>\n<blockquote><p><em>\u00c5TVIDABERG<\/em><\/p>\n<p>22 \u2013 29 juni<br \/>\n<em> <strong>List och lust i Klockareg\u00e5rden<\/strong> s\u00e5nglustspel<\/em><br \/>\n<em> Klockareg\u00e5rdens tr\u00e4dg\u00e5rd, Grebo<\/em><br \/>\n<em> Arr: Teaterf\u00f6reningen Respexet<\/em><\/p>\n<p>15 \u2013 30 aug kl 19<br \/>\n<em> <strong>Predikare-Lena \u2013 Den vita jungfrun <\/strong>ett livs\u00f6de<\/em><br \/>\n<em> Adelsn\u00e4sparken<\/em><br \/>\n<em> Arr: Teater Traska <a title=\"Teater Traska\" href=\"http:\/\/www.teatertraska.se\" target=\"_blank\">hemsida <\/a><br \/>\n<\/em><\/p>\n<p>2 aug kl 15-21<br \/>\n<em> B\/F <strong>Klintkalaset<\/strong> clownfestival med sagor, musik och eldshow<\/em><br \/>\n<em> Bygdeg\u00e5rden, Falerum, Bykupan Nytorp<\/em><br \/>\n<em> Arr:Teatergruppen Ciboulette Theatre och Laikos <a title=\"Laikos\" href=\"http:\/\/www.laikos.se\" target=\"_blank\">hemsida<\/a>\u00a0<\/em><\/p><\/blockquote>\n<p>\u00d6DESH\u00d6G<\/p>\n<p><strong>18 \u2013 26 juli kl 22.30<\/strong><br \/>\n<strong>Makten och H\u00e4rligheten<\/strong> kr\u00f6nikespel<br \/>\nAlvastra klosterruin<br \/>\nArr: Alvastra Kr\u00f6nikespel, ABF <a title=\"Alvastra kr\u00f6nikespel\" href=\"http:\/\/www.alvastra.com\" target=\"_blank\">hemsida<\/a><\/p>\n","protected":false},"excerpt":{"rendered":"<p>\u00d6STERG\u00d6TLAND Sommaren \u00e4r lika fylld med sk\u00e5despel som med mygg. Men roligare, mer sp\u00e4nnande och ganska s\u00e5 underbar. Teatert\u00e4tast \u00e4r Norrk\u00f6ping, Link\u00f6ping och Vadstena. Vadstena-akademien firar 50 \u00e5r med operan Silverskeppet. H\u00e4r \u00e4r hela listan, ort f\u00f6r ort. <a class=\"continue-reading-link\" href=\"https:\/\/www.kultursidan.nu\/?p=15167\">L\u00e4s mer <span class=\"meta-nav\">&rarr; <\/span><\/a><\/p>\n","protected":false},"author":1001006,"featured_media":0,"comment_status":"closed","ping_status":"open","sticky":false,"template":"","format":"standard","meta":{"_jetpack_memberships_contains_paid_content":false,"footnotes":""},"categories":[1],"tags":[37,11,33,12],"class_list":["post-15167","post","type-post","status-publish","format-standard","hentry","category-okategoriserade","tag-barnkultur","tag-opera","tag-revy","tag-teater"],"jetpack_featured_media_url":"","jetpack_sharing_enabled":true,"_links":{"self":[{"href":"https:\/\/www.kultursidan.nu\/index.php?rest_route=\/wp\/v2\/posts\/15167","targetHints":{"allow":["GET"]}}],"collection":[{"href":"https:\/\/www.kultursidan.nu\/index.php?rest_route=\/wp\/v2\/posts"}],"about":[{"href":"https:\/\/www.kultursidan.nu\/index.php?rest_route=\/wp\/v2\/types\/post"}],"author":[{"embeddable":true,"href":"https:\/\/www.kultursidan.nu\/index.php?rest_route=\/wp\/v2\/users\/1001006"}],"replies":[{"embeddable":true,"href":"https:\/\/www.kultursidan.nu\/index.php?rest_route=%2Fwp%2Fv2%2Fcomments&post=15167"}],"version-history":[{"count":0,"href":"https:\/\/www.kultursidan.nu\/index.php?rest_route=\/wp\/v2\/posts\/15167\/revisions"}],"wp:attachment":[{"href":"https:\/\/www.kultursidan.nu\/index.php?rest_route=%2Fwp%2Fv2%2Fmedia&parent=15167"}],"wp:term":[{"taxonomy":"category","embeddable":true,"href":"https:\/\/www.kultursidan.nu\/index.php?rest_route=%2Fwp%2Fv2%2Fcategories&post=15167"},{"taxonomy":"post_tag","embeddable":true,"href":"https:\/\/www.kultursidan.nu\/index.php?rest_route=%2Fwp%2Fv2%2Ftags&post=15167"}],"curies":[{"name":"wp","href":"https:\/\/api.w.org\/{rel}","templated":true}]}}