{"id":1517,"date":"2011-05-04T18:59:50","date_gmt":"2011-05-04T16:59:50","guid":{"rendered":"https:\/\/intelligent-friend-7861.standoutwp.com\/?p=1517"},"modified":"2021-05-10T12:32:18","modified_gmt":"2021-05-10T11:32:18","slug":"stilar-pa-hyllan","status":"publish","type":"post","link":"https:\/\/www.kultursidan.nu\/?p=1517","title":{"rendered":"Zoila M\u00e9ndes Mart\u00edn Stilar p\u00e5 Hyllan"},"content":{"rendered":"<p><img loading=\"lazy\" decoding=\"async\" class=\"alignnone\" src=\"https:\/\/live.staticflickr.com\/5222\/5687667048_49d202a7c7.jpg\" alt=\"Fotografen p\u00e5 Hyllan\" width=\"500\" height=\"331\" \/><br \/>\n<em>Zolia p\u00e5 Hyllan med n\u00e5gra av sina foton.<\/em><\/p>\n<p>&nbsp;<\/p>\n<h1><span style=\"color: #ff0000;\">Unga uttryck<\/span><\/h1>\n<p>&nbsp;<\/p>\n<p><strong>Hon \u00e4r noggrann och putsar p\u00e5 sina bilder in i det sista f\u00f6re pressvisningen.<\/strong> Det \u00e4r allts\u00e5 dags f\u00f6r en ny fotoutst\u00e4llning i det mindre formatet p\u00e5 Arbetets Museum. Den unga spanska fotografen Zoila M\u00e9ndez Mart\u00edn presentar ett 20-tal foton med titeln <em>Stilar<\/em>.<\/p>\n<p>&nbsp;<\/p>\n<p><img loading=\"lazy\" decoding=\"async\" class=\"alignnone\" src=\"https:\/\/live.staticflickr.com\/5101\/5687667844_93327cc2a9_n.jpg\" alt=\"Stilar\" width=\"320\" height=\"213\" \/> <img loading=\"lazy\" decoding=\"async\" class=\"alignnone\" src=\"https:\/\/live.staticflickr.com\/5245\/5687667724_a332004d14_n.jpg\" alt=\"Stilar\" width=\"229\" height=\"320\" \/><br \/>\n<img loading=\"lazy\" decoding=\"async\" class=\"alignnone\" src=\"https:\/\/live.staticflickr.com\/5190\/5687098807_8f28bb9be2_m.jpg\" alt=\"Stilar\" width=\"240\" height=\"159\" \/> <img loading=\"lazy\" decoding=\"async\" class=\"alignnone\" src=\"https:\/\/live.staticflickr.com\/5070\/5687099137_3d053b1130_m.jpg\" alt=\"Stilar\" width=\"240\" height=\"160\" \/><br \/>\n<em>Stil som identitet.<\/em><\/p>\n<p>&nbsp;<\/p>\n<p><strong>Zoila M\u00e9ndez Mart\u00edn \u00e4r utbytesstudent vid Link\u00f6pings universitet, Erasmusstudent, under l\u00e4s\u00e5ret 2010\u20132011.<\/strong> Hon har fascinerats av hur ungdomar uttrycker sin identitet utifr\u00e5n vilken musik de lyssnar till och vilka kl\u00e4der de har. I utst\u00e4llningen visar hon bilder p\u00e5 ett antal personer som hon har tr\u00e4ffat i Link\u00f6ping och Norrk\u00f6ping \u2013 och p\u00e5 Facebook. Flera av personerna \u00e4r portr\u00e4tterade i b\u00e5de f\u00e4rg och svartvitt.<\/p>\n<p><strong>N\u00e4r inte Zoila studerar i Sverige s\u00e5 \u00e4r hon bosatt i Madrid<\/strong> och studerar konst vid Universidard de Complutense. Hon har \u00e4gnat sig \u00e5t m\u00e5lning, tryck, teckning och video vid sidan av foto, som hon valt att fokusera p\u00e5 under Erasmus\u00e5ret i Sverige.<\/p>\n<p>Utst\u00e4llningen visas p\u00e5 Hyllan, det lilla fotogalleriet en halvtrappa upp vid receptionen, fram till den 11 september i \u00e5r.<\/p>\n<p><em>Text och foto: Sven \u00c5ke Molund<\/em><\/p>\n<ul>\n<li>ARBETETS MUSEUM Norrk\u00f6ping<\/li>\n<li><em>3 maj \u2013 11 september 2011<br \/>\n<\/em><strong>Stilar<\/strong> \u2013 fotoutst\u00e4llning<br \/>\nZoila M\u00e9ndez Mart\u00edn<\/li>\n<\/ul>\n","protected":false},"excerpt":{"rendered":"<p>NORRK\u00d6PING En ung spansk konststuderande har f\u00e4st kamerablicken p\u00e5 unga \u00f6stg\u00f6tar under sitt Erasmus\u00e5r vid Link\u00f6pings universitet. Zoila M\u00e9ndez Mart\u00edn visar nu 20 bilder p\u00e5 Arbetets museum. <a class=\"continue-reading-link\" href=\"https:\/\/www.kultursidan.nu\/?p=1517\">L\u00e4s mer <span class=\"meta-nav\">&rarr; <\/span><\/a><\/p>\n","protected":false},"author":1001006,"featured_media":0,"comment_status":"open","ping_status":"open","sticky":false,"template":"","format":"standard","meta":{"_jetpack_memberships_contains_paid_content":false,"footnotes":""},"categories":[7],"tags":[17],"class_list":["post-1517","post","type-post","status-publish","format-standard","hentry","category-norrkoping","tag-foto"],"jetpack_featured_media_url":"","jetpack_sharing_enabled":true,"_links":{"self":[{"href":"https:\/\/www.kultursidan.nu\/index.php?rest_route=\/wp\/v2\/posts\/1517","targetHints":{"allow":["GET"]}}],"collection":[{"href":"https:\/\/www.kultursidan.nu\/index.php?rest_route=\/wp\/v2\/posts"}],"about":[{"href":"https:\/\/www.kultursidan.nu\/index.php?rest_route=\/wp\/v2\/types\/post"}],"author":[{"embeddable":true,"href":"https:\/\/www.kultursidan.nu\/index.php?rest_route=\/wp\/v2\/users\/1001006"}],"replies":[{"embeddable":true,"href":"https:\/\/www.kultursidan.nu\/index.php?rest_route=%2Fwp%2Fv2%2Fcomments&post=1517"}],"version-history":[{"count":3,"href":"https:\/\/www.kultursidan.nu\/index.php?rest_route=\/wp\/v2\/posts\/1517\/revisions"}],"predecessor-version":[{"id":42884,"href":"https:\/\/www.kultursidan.nu\/index.php?rest_route=\/wp\/v2\/posts\/1517\/revisions\/42884"}],"wp:attachment":[{"href":"https:\/\/www.kultursidan.nu\/index.php?rest_route=%2Fwp%2Fv2%2Fmedia&parent=1517"}],"wp:term":[{"taxonomy":"category","embeddable":true,"href":"https:\/\/www.kultursidan.nu\/index.php?rest_route=%2Fwp%2Fv2%2Fcategories&post=1517"},{"taxonomy":"post_tag","embeddable":true,"href":"https:\/\/www.kultursidan.nu\/index.php?rest_route=%2Fwp%2Fv2%2Ftags&post=1517"}],"curies":[{"name":"wp","href":"https:\/\/api.w.org\/{rel}","templated":true}]}}