{"id":1534,"date":"2011-05-05T16:47:20","date_gmt":"2011-05-05T14:47:20","guid":{"rendered":"https:\/\/intelligent-friend-7861.standoutwp.com\/?p=1534"},"modified":"2021-05-15T11:39:29","modified_gmt":"2021-05-15T10:39:29","slug":"albert-contreras-pa-galleri-dag-andersson","status":"publish","type":"post","link":"https:\/\/www.kultursidan.nu\/?p=1534","title":{"rendered":"Albert Contreras p\u00e5 Galleri Dag Andersson"},"content":{"rendered":"<p><img loading=\"lazy\" decoding=\"async\" class=\"alignnone\" src=\"https:\/\/live.staticflickr.com\/5025\/5689914537_45214bf1bf.jpg\" alt=\"Albert Contreras visar 9 sammansatta X.\" width=\"500\" height=\"333\" \/><br \/>\n<em>Kolorist. Desto ovanligare att Albert Contreras ocks\u00e5 pr\u00f6var of\u00e4rgad f\u00e4rg.<br \/>\nEller l\u00e4gger ett uns av glittrande silverkul\u00f6r i. H\u00e4r \u00e4r nio X-m\u00e5lningar sammanfogade till ett st\u00f6rre verk.<br \/>\n<\/em><\/p>\n<p><iframe loading=\"lazy\" title=\"YouTube video player\" src=\"https:\/\/www.youtube.com\/embed\/WRAysjf10bg\" width=\"560\" height=\"315\" frameborder=\"0\" allowfullscreen=\"allowfullscreen\"><\/iframe><br \/>\n<em>Albert Contreras bek\u00e4nner f\u00e4rg. Film 2:05 min.<\/em><\/p>\n<p>&nbsp;<\/p>\n<h1><span style=\"color: #ff0000;\">F\u00f6r\u00e4lskad i f\u00e4rg, g\u00e4rna med glitter i<\/span><\/h1>\n<p>&nbsp;<\/p>\n<p><strong>Starkt lysande sk\u00e4rt,<\/strong> med en kul\u00f6r som absolut skulle vara f\u00f6rbjuden om den hittades bland l\u00f6sgodiset, \u00e4r hans favoritf\u00e4rg. Att m\u00f6ta konstn\u00e4ren Albert Contreras \u00e4r en upplevelse.<\/p>\n<p>&nbsp;<\/p>\n<p><img loading=\"lazy\" decoding=\"async\" class=\"alignnone\" src=\"https:\/\/live.staticflickr.com\/5145\/5690483586_01ed8ccb31.jpg\" alt=\"Tre verk av Albert Contreras fr\u00e5n sent 1960-tal\" width=\"500\" height=\"334\" \/><br \/>\n<em>Tre verk av Albert Contreras fr\u00e5n sent 1960-tal.<\/em><\/p>\n<p>&nbsp;<\/p>\n<p><strong>Albert Contreras \u00e4r den amerikanske konstn\u00e4ren som bodde i Stockholm under 1960-talet,<\/strong> d\u00e4r han fick en v\u00e4xande framg\u00e5ng med sina cirklar och \u2013 under de sista \u00e5ren i Sverige \u2013 monokroma verk. Sedan flyttade han hem till USA, st\u00e4llde ut i New York p\u00e5 ett galleri, som gick i konkurs, efter ytterligare n\u00e5gra f\u00f6rs\u00f6k gav han upp. Penslarna stod or\u00f6rda.<\/p>\n<p>&nbsp;<\/p>\n<p>&nbsp;<\/p>\n<p><img loading=\"lazy\" decoding=\"async\" class=\"alignnone\" src=\"https:\/\/live.staticflickr.com\/5302\/5689912695_b5be9c546d.jpg\" alt=\"Albert Contreras fyller v\u00e4ggarna p\u00e5 Galleri Dag Andersson\" width=\"500\" height=\"333\" \/><br \/>\n<em>Albert Contreras fyller v\u00e4ggarna p\u00e5 Galleri Dag Andersson.<\/em><\/p>\n<p>&nbsp;<\/p>\n<p><strong>Nu st\u00e4ller han ut p\u00e5 Galleri Dag Andersson,<\/strong> lysande f\u00e4rgglada reliefartade verk, som skiner lika starkt som han sj\u00e4lv. Tavlorna skiner f\u00f6rst\u00e5s utanp\u00e5, Albert Contreras lyser inifr\u00e5n. Han ber\u00e4ttar om en dag, n\u00e4stan 30 \u00e5r senare, n\u00e4r han gick in i en butik med konstn\u00e4rsmaterial och s\u00e5g n\u00e5got som lyste \u2013 akryl.<\/p>\n<p>&nbsp;<\/p>\n<p><img loading=\"lazy\" decoding=\"async\" class=\"alignnone\" src=\"https:\/\/live.staticflickr.com\/5308\/5690485606_36ae51e10e.jpg\" alt=\"Kul\u00f6rt p\u00e5 bl\u00e5skimrande botten av Albert Contreras\" width=\"500\" height=\"333\" \/><br \/>\n<img loading=\"lazy\" decoding=\"async\" class=\"alignnone\" src=\"https:\/\/live.staticflickr.com\/5225\/5689911899_42d89867f1_m.jpg\" alt=\"Albert Contreras utvecklade sin tejpningsmetod under 2000-talet\" width=\"239\" height=\"175\" \/> <img loading=\"lazy\" decoding=\"async\" class=\"alignnone\" src=\"https:\/\/live.staticflickr.com\/5224\/5690486198_28360471fc_n.jpg\" alt=\"Harlekinm\u00f6nster av Albert Contreras\" width=\"319\" height=\"175\" \/><br \/>\n<em>Kul\u00f6rt p\u00e5 bl\u00e5skimrande botten.<\/em><br \/>\n<em>Diagonalt m\u00f6nster p\u00e5 gul botten. Harlekinm\u00f6nster.<\/em><\/p>\n<p>&nbsp;<\/p>\n<p><strong>En \u00e5teruppv\u00e4ckt konstn\u00e4r<\/strong> tog vid d\u00e4r han slutat, med monokromer, om \u00e4n nu med akryl i st\u00e4llet f\u00f6r olja.<\/p>\n<p>\u2013 Mycket praktiskt, grannarna slipper lukten och det \u00e4r bara att tv\u00e4tta sig med vatten, s\u00e4ger han f\u00f6rtjust.<\/p>\n<p>D\u00e5 bodde han sedan l\u00e5ng i Santa Monica, en liten kuststad som v\u00e4xt samman med Los Angeles i Kalifonien.<\/p>\n<p>Efter en tid med monokromer fick han ett infall och pr\u00f6vade att tejpa duken.<\/p>\n<p>\u2013 Ett schackm\u00f6nster, sedan lade jag p\u00e5 ett tjockt akryllager, tog bort tejpen, f\u00f6rsiktigt och l\u00e4t det torka.<\/p>\n<p>En ny teknik var f\u00f6dd och i januari 2009 var han tillbaka i Sverige och st\u00e4llde ut, bland annat p\u00e5 <a title=\"Konstforum\" href=\"http:\/\/www.konstforumnorrkoping.se\/\" target=\"_blank\" rel=\"noopener\">Konstforum<\/a> i Norrk\u00f6ping. Konstn\u00e4ren visade en lek med utmanande glada f\u00e4rger, samtidigt som han pr\u00f6vade teknikens m\u00f6jligheter, fr\u00e5n det strama till harlekinm\u00f6nster och v\u00e5gformer. G\u00e4rna med lite glitter i.<\/p>\n<p>&nbsp;<\/p>\n<p><img loading=\"lazy\" decoding=\"async\" class=\"alignnone\" src=\"https:\/\/live.staticflickr.com\/5228\/5690488442_8c20a92b61.jpg\" alt=\"Tre X av Albert Contreras\" width=\"500\" height=\"280\" \/><br \/>\n<img loading=\"lazy\" decoding=\"async\" class=\"alignnone\" src=\"https:\/\/live.staticflickr.com\/5068\/5689909413_b756412f3d.jpg\" alt=\"Skimrande X av Albert Contreras\" width=\"500\" height=\"366\" \/><br \/>\n<em>X av Albert Contreras.<br \/>\n<\/em><\/p>\n<p>&nbsp;<\/p>\n<p><strong>H\u00e4r och nu. X.<\/strong> Ett infall, lika starkt som en g\u00e5ng ringen p\u00e5 1960-talet och tejpen f\u00f6r tio \u00e5r sedan, fick honom att tillverka ett redskap med piggar. Tv\u00e5 resoluta streck i tjocka f\u00e4rglager. Sedan ett par \u00e5r g\u00f6r han bara X. Inte ett likt det andra. Stora som sm\u00e5.<\/p>\n<p><strong>P\u00e5 Galleri Dag Andersson visas b\u00e5de nyare och \u00e4ldre verk;<\/strong> X, schackrutor och tre oljem\u00e5lningar fr\u00e5n 1960. Gamla v\u00e4nner fr\u00e5n \u00e5ren i Sverige, konstn\u00e4rerna Einar H\u00f6ste och Cajsa Holmstrand, har h\u00e4ngt utst\u00e4llningen. Peter Freudenthal invigningstalade vid vernissagen.<\/p>\n<p>Gl\u00e4djen har vunnit gensvar hos konstpubliken i USA. Han st\u00e4ller ut p\u00e5 gallerier och museer och har sin egen \u201ddealer\u201d-gallerist, Peter Mendenhall. Albert Contreras \u00e4r en lycklig konstn\u00e4r.<\/p>\n<p><em>Text, film och foto: Ann-Charlotte Sandelin<\/em><\/p>\n<p>&nbsp;<\/p>\n<ul>\n<li>\n<h3>GALLERI DAG ANDERSSON Norrk\u00f6ping<\/h3>\n<\/li>\n<li><em>30 april \u2013 12 juni<\/em><strong><br \/>\nNya och \u00e4ldre arbeten<br \/>\n<\/strong>Albert Contreras<\/li>\n<\/ul>\n","protected":false},"excerpt":{"rendered":"<p>NORRK\u00d6PING En lycklig man st\u00e4ller ut f\u00e4rgsprakande verk, g\u00e4rna med lite glitter i. Rosa \u00e4r \u00e4lsklingsf\u00e4rgen, avsl\u00f6jar konstn\u00e4ren f\u00f6rtjust. I en intervju ber\u00e4ttar han om v\u00e4garna i konstn\u00e4rsskapet. Och i en film om sitt f\u00f6rsta X, det som nu fyller v\u00e4ggarna p\u00e5 Galleri Dag Andersson. <a class=\"continue-reading-link\" href=\"https:\/\/www.kultursidan.nu\/?p=1534\">L\u00e4s mer <span class=\"meta-nav\">&rarr; <\/span><\/a><\/p>\n","protected":false},"author":1001006,"featured_media":0,"comment_status":"closed","ping_status":"open","sticky":false,"template":"","format":"standard","meta":{"_jetpack_memberships_contains_paid_content":false,"footnotes":""},"categories":[7],"tags":[14],"class_list":["post-1534","post","type-post","status-publish","format-standard","hentry","category-norrkoping","tag-konst"],"jetpack_featured_media_url":"","jetpack_sharing_enabled":true,"_links":{"self":[{"href":"https:\/\/www.kultursidan.nu\/index.php?rest_route=\/wp\/v2\/posts\/1534","targetHints":{"allow":["GET"]}}],"collection":[{"href":"https:\/\/www.kultursidan.nu\/index.php?rest_route=\/wp\/v2\/posts"}],"about":[{"href":"https:\/\/www.kultursidan.nu\/index.php?rest_route=\/wp\/v2\/types\/post"}],"author":[{"embeddable":true,"href":"https:\/\/www.kultursidan.nu\/index.php?rest_route=\/wp\/v2\/users\/1001006"}],"replies":[{"embeddable":true,"href":"https:\/\/www.kultursidan.nu\/index.php?rest_route=%2Fwp%2Fv2%2Fcomments&post=1534"}],"version-history":[{"count":2,"href":"https:\/\/www.kultursidan.nu\/index.php?rest_route=\/wp\/v2\/posts\/1534\/revisions"}],"predecessor-version":[{"id":42896,"href":"https:\/\/www.kultursidan.nu\/index.php?rest_route=\/wp\/v2\/posts\/1534\/revisions\/42896"}],"wp:attachment":[{"href":"https:\/\/www.kultursidan.nu\/index.php?rest_route=%2Fwp%2Fv2%2Fmedia&parent=1534"}],"wp:term":[{"taxonomy":"category","embeddable":true,"href":"https:\/\/www.kultursidan.nu\/index.php?rest_route=%2Fwp%2Fv2%2Fcategories&post=1534"},{"taxonomy":"post_tag","embeddable":true,"href":"https:\/\/www.kultursidan.nu\/index.php?rest_route=%2Fwp%2Fv2%2Ftags&post=1534"}],"curies":[{"name":"wp","href":"https:\/\/api.w.org\/{rel}","templated":true}]}}