{"id":15341,"date":"2014-06-14T13:36:57","date_gmt":"2014-06-14T12:36:57","guid":{"rendered":"https:\/\/intelligent-friend-7861.standoutwp.com\/?p=15341"},"modified":"2014-07-24T09:32:21","modified_gmt":"2014-07-24T08:32:21","slug":"konsert-for-stenhammarvardarna","status":"publish","type":"post","link":"https:\/\/www.kultursidan.nu\/?p=15341","title":{"rendered":"Konsert f\u00f6r Stenhammarv\u00e4rdarna"},"content":{"rendered":"<p><iframe loading=\"lazy\" src=\"https:\/\/www.flickr.com\/photos\/kultursidan\/14232245460\/in\/set-72157645116143136\/player\/\" width=\"500\" height=\"333\" frameborder=\"0\" allowfullscreen=\"allowfullscreen\"><\/iframe><br \/>\n<em>Operap\u00e4rlor ur den ryska repertoaren bj\u00f6d Olga Kondina p\u00e5. Ackompanjerade gjorde Alla Shmeleva.<\/em><\/p>\n<p>&nbsp;<\/p>\n<h1><span style=\"color: #ff0000;\">Svensk romantik och ryska operap\u00e4rlor<\/span><\/h1>\n<p>&nbsp;<\/p>\n<p><strong>Den internationella s\u00e5ngt\u00e4vlingen Wilhelm Stenhammar International Music Competition p\u00e5g\u00e5r just nu i Norrk\u00f6ping.<\/strong> 58 s\u00e5ngare ing\u00e5r i startf\u00e4ltet. Vid \u00f6ppningsceremonin tidigare i veckan var det dock inte s\u00e5ngarna utan deras v\u00e4rdfamiljer som stod i fokus.<\/p>\n<p>De t\u00e4vlande f\u00e5r bo hos en v\u00e4rdfamilj n\u00e4r de anl\u00e4nder till Norrk\u00f6ping. Att f\u00e5 bo hemma hos en familj \u00e4r mycket uppskattat av s\u00e5ngarna, ber\u00e4ttade Sonja Stenhammar i sitt \u00f6ppningstal.<\/p>\n<p>\u2013 Det skulle aldrig fungera i Stockholm. Norrk\u00f6ping \u00e4r en lagom stor stad d\u00e4r allt \u00e4r n\u00e4ra.<\/p>\n<p>&nbsp;<\/p>\n<p><iframe loading=\"lazy\" src=\"https:\/\/www.flickr.com\/photos\/kultursidan\/14232246590\/player\/\" width=\"400\" height=\"280\" frameborder=\"0\" allowfullscreen=\"allowfullscreen\"><\/iframe><br \/>\n<em> \u2013 Det \u00e4r fantastiskt att lyssna p\u00e5 alla dessa unga s\u00e5ngare. S\u00e4ger v\u00e4rdparet Karin och Anders Nordin.<\/em><\/p>\n<p>&nbsp;<\/p>\n<p><strong>Och det verkar som om n\u00f6jet \u00e4r \u00f6msesidigt.<\/strong> Flera av de familjer som samlats i De Geer-hallens luftiga foaj\u00e9 har tagit emot s\u00e5ngare i sina hem under flera av de fem \u00e5r som t\u00e4vlingen har funnits. Karin och Anders Nordin st\u00e4ller upp ideellt f\u00f6r fj\u00e4rde \u00e5ret. I \u00e5r planerar de att g\u00e5 och lyssna s\u00e5 mycket de kan och hinner. Naturligtvis ska de lyssna p\u00e5 \u201dsin\u201d s\u00e5ngare.<\/p>\n<p>\u2013 Det \u00e4r fantastiskt att g\u00e5 och lyssna p\u00e5 alla dessa unga s\u00e5ngare. Och s\u00e5 f\u00e5r man ju h\u00f6ra alla high lights fr\u00e5n olika operor, s\u00e4ger Karin Nordin.<\/p>\n<p>Och lite kontakter knyter man ocks\u00e5. Gunnel Myhrman ber\u00e4ttar om hur hon haft samma s\u00e5ngerska fr\u00e5n Schweiz boende hos sig tv\u00e5 \u00e5r i rad. De har fortsatt h\u00e5lla kontakten mellan t\u00e4vlingarna och Gunnel har varit i Schweiz och h\u00e4lsat p\u00e5. Under samtalets g\u00e5ng kommer det fram den ena anekdoten efter den andra. Som den om s\u00e5ngaren som var s\u00e5 s\u00e4ker p\u00e5 att han skulle vinna att han hellre var ute och tittade p\u00e5 Himmelstalundsf\u00e4ltet med sin v\u00e4rdfamilj \u00e4n stannade hemma och \u00f6vade. Och sedan stod han d\u00e4r med noter n\u00e4r de andra kunde sina stycken utantill och blev utan \u00e4ra och pris.<\/p>\n<p>&nbsp;<\/p>\n<p><iframe loading=\"lazy\" src=\"https:\/\/www.flickr.com\/photos\/kultursidan\/14439022183\/in\/photostream\/player\/\" width=\"400\" height=\"280\" frameborder=\"0\" allowfullscreen=\"allowfullscreen\"><\/iframe><br \/>\n<em>Nyb\u00f6rjare som v\u00e4rdpar, Eva-Lena och Pelle Jonsson.<\/em><\/p>\n<p>&nbsp;<\/p>\n<p><strong>Med vid bordet sitter ocks\u00e5 Eva-Lena och Pelle Jonsson.<\/strong> Det \u00e4r f\u00f6rsta g\u00e5ngen de ska ta emot en s\u00e5ngare i sitt hem och de har faktiskt inte tr\u00e4ffat henne \u00e4nnu.<\/p>\n<p>\u2013 Hon ska f\u00f6rst bo i en annan familj och p\u00e5 s\u00f6ndag kommer hon till oss, ber\u00e4ttar Eva-Lena.<\/p>\n<p>Det var hennes man som fick fr\u00e5gan f\u00f6r cirka 3 m\u00e5nader sedan om de kunde bist\u00e5 med logi. De vill g\u00e4rna st\u00f6tta arrangemanget och sa ja. Nu ser de fram emot att l\u00e4ra f\u00e5 k\u00e4nna \u201dsin\u201d unga talang och ska f\u00f6rs\u00f6ka hinna lyssna p\u00e5 t\u00e4vlingsbidragen.<\/p>\n<p>\u2013 Men vi har ju v\u00e5ra jobb ocks\u00e5\u2026 s\u00e4ger Eva-Lena. Finalkonserten ska vi absolut g\u00e5 p\u00e5.<\/p>\n<p>&nbsp;<\/p>\n<p><iframe loading=\"lazy\" src=\"https:\/\/www.flickr.com\/photos\/kultursidan\/14232245860\/in\/set-72157645116143136\/player\/\" width=\"280\" height=\"400\" frameborder=\"0\" allowfullscreen=\"allowfullscreen\"><\/iframe><br \/>\n<em> Sm\u00e4ktande med sv\u00e4rta. Michael Wenhov spelade en romans av Wilhelm Stenhammar ackompanjerad av Ursula R\u00fcttiman.<\/em><\/p>\n<p>&nbsp;<\/p>\n<p><strong>Redan denna tisdagskv\u00e4ll bj\u00f6ds det p\u00e5 ett mindre musikprogram. <\/strong>SON:s violinist och 1:e konsertm\u00e4stare Michael Wenhov framf\u00f6rde <em>Romans nr 2<\/em> ur <em>Tv\u00e5 sentimentala romanser<\/em> av Wilhelm Stenhammar. Sm\u00e4ktande romantiskt med viss sv\u00e4rta virvlade tonerna fr\u00e5n violinen och det ackompanjerande pianot ut bland publiken. Ett opretenti\u00f6st och avskalat framtr\u00e4dande som l\u00e4t musiken komma till sin r\u00e4tt.<\/p>\n<p><strong>Ett n\u00e5got mer kraftfullt uttryck bj\u00f6d den ryska sopranen Olga Kondina p\u00e5 i sitt program. <\/strong>Enligt Sonja Stenhammar en av Rysslands allra fr\u00e4msta sopraner och tillika medlem i t\u00e4vlingsjuryn. Olga Kondina sj\u00f6ng musik av bland andra Glinka, Rimskij-Korsakov, Tjajkovskij och Rachmaninov. Det var ett v\u00e4l sammansatt program som speglade operascenens m\u00e5ngskiftande k\u00e4nslouttryck \u2013 djup sorg och sm\u00e4rta, gl\u00e4ttig flirt och blommande k\u00e4rlek. Framtr\u00e4dandet k\u00e4ndes intimt och exklusivt, och det m\u00e4rktes p\u00e5 publikens gensvar att det ryska spr\u00e5ket inte var n\u00e5got hinder f\u00f6r upplevelsen.<\/p>\n<p><em>Text: Felicia Eriksson<br \/>\nFoto: Ann-Charlotte Sandelin<\/em><\/p>\n<blockquote>\n<h3><em>DE GEER-HALLEN Norrk\u00f6ping<\/em><\/h3>\n<p><em>10 \u2013 18 juni 2014<br \/>\n<strong>Wilhelm Stenhammar international music competition<\/strong><\/em><\/p>\n<p style=\"padding-left: 30px;\"><em>PROGRAM<\/em><\/p>\n<p style=\"padding-left: 30px;\"><em><strong>\u00d6ppning av Stenhammart\u00e4vlingen 2014<\/strong><\/em><br \/>\n10 juni 2014<br \/>\n<em>Michael Wenhov, violin<\/em><br \/>\n<em> Ursula R\u00fcttiman, piano<\/em><\/p>\n<p style=\"padding-left: 60px;\"><em>ur Tv\u00e5 sentimentala romanser av Stenhammar<\/em><\/p>\n<p style=\"padding-left: 30px;\"><em>Olga Kondina, s\u00e5ng<\/em><br \/>\n<em> Alla Shmeleva, piano<\/em><\/p>\n<p style=\"padding-left: 60px;\"><em>Musik av Glinka, Rubinstein, Rimskij-Korsakov, Tjajkovskj, Vlasov, Rachmaninov<\/em><\/p>\n<p style=\"padding-left: 30px;\"><em><strong>Omg\u00e5ng 1<\/strong>\u00a0 fri entr\u00e9<\/em><br \/>\n<em> 11-13 juni<\/em><br \/>\n<em> 15 minuter per t\u00e4vlande (pianoackompanjemang)<\/em><\/p>\n<p style=\"padding-left: 30px;\"><em><strong>Omg\u00e5ng 2<\/strong> fri entr\u00e9<\/em><br \/>\n<em> 14-16 juni<\/em><br \/>\n<em> 25 minuter per t\u00e4vlande (pianoackompanjemang)<\/em><\/p>\n<p style=\"padding-left: 30px;\"><em><strong>Finalkonsert<\/strong><\/em><br \/>\n<em> 18 juni kl 18<\/em><br \/>\n<em> Norrk\u00f6pings symfoniorkester och finalisterna<\/em><br \/>\n<em> Dirigent: Nader Abbassi<\/em><\/p>\n<\/blockquote>\n<p>L\u00c4NKAR<br \/>\nStenhammart\u00e4vlingen <a title=\"Stenhammart\u00e4vlingen\" href=\"http:\/\/stenhammarcompetition.se\/sv\/\" target=\"_blank\">hemsida<\/a><br \/>\nNorrk\u00f6pings symfoniorkester <a title=\"SON\" href=\"http:\/\/www.norrkopingssymfoniorkester.se\" target=\"_blank\">hemsida<\/a><br \/>\nCecilia prisar b\u00e4sta Stenhammartolkning\u00a0<a title=\"Cecilia prisar b\u00e4sta Stenhammartolkning\" href=\"https:\/\/www.kultursidan.nu\/?p=15345\" target=\"_blank\">reportage<\/a> Kultursidan.nu 14.6 2014<br \/>\nNytt pris i femte Stenhammart\u00e4vlingen <a title=\"Nytt pris i femte Stenhammart\u00e4vlingen\" href=\"https:\/\/www.kultursidan.nu\/?p=15230\" target=\"_blank\">reportage<\/a> Kultursidan.nu 9\/6 2014<\/p>\n<p>BILDSPEL (FLASH) \u2013 KLICKA P\u00c5 BILDEN <em>ALT\/MOBIL: SE BILDSPELET <a title=\"Bildspel\" href=\"https:\/\/www.flickr.com\/photos\/kultursidan\/sets\/72157645116143136\/show\/\" target=\"_blank\">H\u00c4R<\/a><\/em><br \/>\n<object width=\"400\" height=\"300\"><param name=\"flashvars\" value=\"offsite=true&#038;lang=en-us&#038;page_show_url=%2Fphotos%2Fkultursidan%2Fsets%2F72157645116143136%2Fshow%2F&#038;page_show_back_url=%2Fphotos%2Fkultursidan%2Fsets%2F72157645116143136%2F&#038;set_id=72157645116143136&#038;jump_to=\"><\/param><param name=\"movie\" value=\"https:\/\/www.flickr.com\/apps\/slideshow\/show.swf?v=143270\"><\/param><param name=\"allowFullScreen\" value=\"true\"><\/param><\/object><\/p>\n","protected":false},"excerpt":{"rendered":"<p>NORRK\u00d6PING Den internationella s\u00e5ngt\u00e4vlingen Wilhelm Stenhammar International Music Competition p\u00e5g\u00e5r just nu i Norrk\u00f6ping. Vid \u00f6ppningsceremonin tidigare i veckan var det dock inte s\u00e5ngarna utan deras v\u00e4rdfamiljer som stod i fokus. <a class=\"continue-reading-link\" href=\"https:\/\/www.kultursidan.nu\/?p=15341\">L\u00e4s mer <span class=\"meta-nav\">&rarr; <\/span><\/a><\/p>\n","protected":false},"author":1001006,"featured_media":0,"comment_status":"closed","ping_status":"open","sticky":false,"template":"","format":"standard","meta":{"_jetpack_memberships_contains_paid_content":false,"footnotes":""},"categories":[7],"tags":[13],"class_list":["post-15341","post","type-post","status-publish","format-standard","hentry","category-norrkoping","tag-musik"],"jetpack_featured_media_url":"","jetpack_sharing_enabled":true,"_links":{"self":[{"href":"https:\/\/www.kultursidan.nu\/index.php?rest_route=\/wp\/v2\/posts\/15341","targetHints":{"allow":["GET"]}}],"collection":[{"href":"https:\/\/www.kultursidan.nu\/index.php?rest_route=\/wp\/v2\/posts"}],"about":[{"href":"https:\/\/www.kultursidan.nu\/index.php?rest_route=\/wp\/v2\/types\/post"}],"author":[{"embeddable":true,"href":"https:\/\/www.kultursidan.nu\/index.php?rest_route=\/wp\/v2\/users\/1001006"}],"replies":[{"embeddable":true,"href":"https:\/\/www.kultursidan.nu\/index.php?rest_route=%2Fwp%2Fv2%2Fcomments&post=15341"}],"version-history":[{"count":0,"href":"https:\/\/www.kultursidan.nu\/index.php?rest_route=\/wp\/v2\/posts\/15341\/revisions"}],"wp:attachment":[{"href":"https:\/\/www.kultursidan.nu\/index.php?rest_route=%2Fwp%2Fv2%2Fmedia&parent=15341"}],"wp:term":[{"taxonomy":"category","embeddable":true,"href":"https:\/\/www.kultursidan.nu\/index.php?rest_route=%2Fwp%2Fv2%2Fcategories&post=15341"},{"taxonomy":"post_tag","embeddable":true,"href":"https:\/\/www.kultursidan.nu\/index.php?rest_route=%2Fwp%2Fv2%2Ftags&post=15341"}],"curies":[{"name":"wp","href":"https:\/\/api.w.org\/{rel}","templated":true}]}}