{"id":15350,"date":"2014-06-14T19:08:25","date_gmt":"2014-06-14T18:08:25","guid":{"rendered":"https:\/\/intelligent-friend-7861.standoutwp.com\/?p=15350"},"modified":"2014-06-26T19:38:43","modified_gmt":"2014-06-26T18:38:43","slug":"anna-ung-svensk-representant-i-venedig","status":"publish","type":"post","link":"https:\/\/www.kultursidan.nu\/?p=15350","title":{"rendered":"Anna ung svensk representant i Venedig"},"content":{"rendered":"<p><iframe loading=\"lazy\" src=\"https:\/\/www.flickr.com\/photos\/kultursidan\/6947015856\/in\/set-72157629487703592\/player\/\" width=\"500\" height=\"333\" frameborder=\"0\" allowfullscreen webkitallowfullscreen mozallowfullscreen oallowfullscreen msallowfullscreen><\/iframe><\/p>\n<p><em>Anna Maria Nygren \u00e5ker till Venedig mot slutet av sommaren. D\u00e4r tr\u00e4ffar hon andra unga filmengagerade.<\/em><\/p>\n<p>&nbsp;<\/p>\n<h1><span style=\"color: #ff0000;\">&#8221;F\u00f6rhoppning om att filmen kan f\u00f6r\u00e4ndra&#8221;<\/span><\/h1>\n<p>&nbsp;<\/p>\n<p><strong>Flitiga dramatikern Anna Maria Nygren har uttagits att representera Sverige n\u00e4r 27 unga biobes\u00f6kare fr\u00e5n hela EU m\u00f6ts under filmfestivalen i Venedig mot slutet av sommaren.<\/strong> De \u00e4r med och r\u00f6star fram Europas b\u00e4sta film. Bakom ungdomarnas resa st\u00e5r biografn\u00e4tverket Europa Cinemas.<\/p>\n<p><strong>Venedig \u2013 det \u00e4r stort.<\/strong> Varf\u00f6r blev du utvald, hur gick ans\u00f6kan till?<\/p>\n<p>\u2013 Ja, det k\u00e4nns stort. Jag skickade ans\u00f6kan till Cnema, d\u00e4r skulle en skriva lite om n\u00e5gra filmscener, och motivering och cv, svarar Anna Maria Nygren, som sj\u00e4lv inte har f\u00e5tt veta varf\u00f6r just hon blivit utvald att representera Sverige.<\/p>\n<p>Det \u00e4r en engagerad film\u00e4lskare som f\u00e5r resa till Venedig. Anna Maria Nygren \u00e4r en m\u00e5ngsysslare som skrivit f\u00f6r teater, film, fr\u00e4mst inom Eastwoodprjektet, och \u00e4ven \u00e4gnat sig \u00e5t konst och serieteckning. Det senaste \u00e4r en mobil\/tv-serie.<\/p>\n<p><strong>Under festivalen kommer Anna och de 27 andra ungdomarna fr\u00e5n EU:s medlemsl\u00e4nder bland annat att delta i valet av Europaparlamentets LUX-pris f\u00f6r Europas b\u00e4sta film.<\/strong> Hinner du g\u00f6ra n\u00e5got annat och i s\u00e5 fall vad \u00e4n sitta i biom\u00f6rkret?<\/p>\n<p>\u2013 Jag tror att jag ocks\u00e5 kommer vara med i olika diskussioner och workshops. Vad jag f\u00f6rst\u00e5tt ska jag inte presentera n\u00e5got s\u00e4rskilt, men g\u00f6ra en del grejer under tiden d\u00e4r.<\/p>\n<p>Europa Cinemas \u00e4r ett biografn\u00e4tverk som finns representerat i 68 l\u00e4nder, allts\u00e4 \u00e4ven utanf\u00f6r Europa, och har \u00f6ver 3000 medlemsbiografer. M\u00e5ls\u00e4ttningen med n\u00e4tverket \u00e4r att \u00f6ka m\u00e4ngden europeisk film p\u00e5 biograferna \u2013 med fokus p\u00e5 film som inte kommer fr\u00e5n det egna landet \u2013 och d\u00e4rigenom st\u00f6dja och utveckla samarbetet mellan l\u00e4nderna. Cnema \u00e4r en medlemsbiograf i n\u00e4tverket.<\/p>\n<p><strong>Jag t\u00e4nkte ett tag att fr\u00e5ga dig vad du tror om den europeiska (spel-)filmens framtid men det \u00e4r v\u00e4l att ta i att du ska beh\u00f6va ta ansvar f\u00f6r hela den.<\/strong><\/p>\n<p>\u2013 Okej, framtiden f\u00f6r europeisk spelfilm&#8230; hm, allts\u00e5 jag tror att det \u00e4r f\u00f6r stor fr\u00e5ga, men jag skulle vilja skriva n\u00e5got om typ hur filmen kan fungera i relation till politik, jag t\u00e4nker p\u00e5 gr\u00e4nserna runt Europa, och inom, och, ja, du fattar, jag har i alla fall en f\u00f6rhoppning om att filmen (och teatern och konsten och s\u00e5) p\u00e5 n\u00e5got s\u00e4tt kan f\u00f6r\u00e4ndra. Det \u00e4r kanske mer en \u00f6nskan \u00e4n en tro&#8230; typ, svarar Anna Maria Nygren och avslutar:<\/p>\n<p>\u2013 Just nu \u00e4r jag nog mest \u00f6verv\u00e4ldigad och lite chockad \u00f6ver att jag kommer vara d\u00e4r&#8230;<\/p>\n<p><em>Text och ARKIVfoto: Ann-Charlotte Sandelin<\/em><\/p>\n<p style=\"padding-left: 30px;\">L\u00c4NKAR<br \/>\nEuropa Cinemas <a title=\"Europa Cinemas\" href=\"http:\/\/www.europa-cinemas.org\/en\" target=\"_blank\">hemsida <\/a><br \/>\nVenedigs filmfestival <a title=\"Venedigs filmfestival\" href=\"http:\/\/labiennale.org\/en\/cinema\/71st-festival\/\" target=\"_blank\">hemsida <\/a><\/p>\n","protected":false},"excerpt":{"rendered":"<p>NORRK\u00d6PING Flitiga dramatikern Anna M Nygren har uttagits att representera Sverige n\u00e4r 28 unga biobes\u00f6kare fr\u00e5n hela EU m\u00f6ts under filmfestivalen i Venedig mot slutet av sommaren. De \u00e4r med och r\u00f6star fram Europas b\u00e4sta film. <a class=\"continue-reading-link\" href=\"https:\/\/www.kultursidan.nu\/?p=15350\">L\u00e4s mer <span class=\"meta-nav\">&rarr; <\/span><\/a><\/p>\n","protected":false},"author":1001006,"featured_media":0,"comment_status":"closed","ping_status":"open","sticky":false,"template":"","format":"standard","meta":{"_jetpack_memberships_contains_paid_content":false,"footnotes":""},"categories":[7],"tags":[38],"class_list":["post-15350","post","type-post","status-publish","format-standard","hentry","category-norrkoping","tag-film"],"jetpack_featured_media_url":"","jetpack_sharing_enabled":true,"_links":{"self":[{"href":"https:\/\/www.kultursidan.nu\/index.php?rest_route=\/wp\/v2\/posts\/15350","targetHints":{"allow":["GET"]}}],"collection":[{"href":"https:\/\/www.kultursidan.nu\/index.php?rest_route=\/wp\/v2\/posts"}],"about":[{"href":"https:\/\/www.kultursidan.nu\/index.php?rest_route=\/wp\/v2\/types\/post"}],"author":[{"embeddable":true,"href":"https:\/\/www.kultursidan.nu\/index.php?rest_route=\/wp\/v2\/users\/1001006"}],"replies":[{"embeddable":true,"href":"https:\/\/www.kultursidan.nu\/index.php?rest_route=%2Fwp%2Fv2%2Fcomments&post=15350"}],"version-history":[{"count":0,"href":"https:\/\/www.kultursidan.nu\/index.php?rest_route=\/wp\/v2\/posts\/15350\/revisions"}],"wp:attachment":[{"href":"https:\/\/www.kultursidan.nu\/index.php?rest_route=%2Fwp%2Fv2%2Fmedia&parent=15350"}],"wp:term":[{"taxonomy":"category","embeddable":true,"href":"https:\/\/www.kultursidan.nu\/index.php?rest_route=%2Fwp%2Fv2%2Fcategories&post=15350"},{"taxonomy":"post_tag","embeddable":true,"href":"https:\/\/www.kultursidan.nu\/index.php?rest_route=%2Fwp%2Fv2%2Ftags&post=15350"}],"curies":[{"name":"wp","href":"https:\/\/api.w.org\/{rel}","templated":true}]}}