{"id":15357,"date":"2014-06-14T21:15:19","date_gmt":"2014-06-14T20:15:19","guid":{"rendered":"https:\/\/intelligent-friend-7861.standoutwp.com\/?p=15357"},"modified":"2017-10-14T17:08:26","modified_gmt":"2017-10-14T16:08:26","slug":"anders-vill-sprida-antirasistisk-kultur","status":"publish","type":"post","link":"https:\/\/www.kultursidan.nu\/?p=15357","title":{"rendered":"Anders vill sprida antirasistisk kultur"},"content":{"rendered":"<p><iframe loading=\"lazy\" src=\"https:\/\/www.flickr.com\/photos\/kultursidan\/14441592943\/in\/photolist-o19WrM-nFT92N-nYfSWE-nFT9p9-ksRaPr-fCbVqP\/player\/\" width=\"500\" height=\"333\" frameborder=\"0\" allowfullscreen=\"allowfullscreen\"><\/iframe><\/p>\n<p><em>Anders Lundin h\u00f6jer sin r\u00f6st mot rasism och f\u00f6r humanitet med sajten En r\u00f6st mot rasism.<br \/>\n<\/em><\/p>\n<p>&nbsp;<\/p>\n<h1><span style=\"color: #ff0000;\">Hashtagga #EnR\u00f6stMotRasism<\/span><\/h1>\n<p>&nbsp;<\/p>\n<p><strong>M\u00e5nga gillar En r\u00f6st mot rasism.<\/strong> Anders Lundin startade helt nyligen hemsidan och Facebooksidan tillsammans med n\u00e5gra v\u00e4nner. De vill lyfta fram det positiva med ett m\u00e5ngkulturellt samh\u00e4lle. Ge humanitet och k\u00e4rlek ett utrymme.<\/p>\n<p>\u2013 Det har g\u00e5tt v\u00e4ldigt fort, s\u00e4ger Anders Lundin n\u00e4r vi m\u00f6ts i Vasaparken i Norrk\u00f6ping n\u00e5gra dagar efter starten. Vi har redan f\u00e5tt 1.700 gillare p\u00e5 Facebook.<\/p>\n<p>&nbsp;<\/p>\n<p><iframe loading=\"lazy\" src=\"https:\/\/www.flickr.com\/photos\/kultursidan\/14234814438\/player\/\" width=\"280\" height=\"350\" frameborder=\"0\" allowfullscreen=\"allowfullscreen\"><\/iframe><br \/>\n<em> Inspirationen kom fr\u00e5n Andrea Lundqvists YouTubefilm Vilka \u00e4r ni?<\/em><\/p>\n<p>&nbsp;<\/p>\n<p><strong>Han beskriver hur musikern Bj\u00f6rn Gidlund i \u00d6stersund s\u00e5g en YouTubefilm med Andrea Lundquist, som gjort en l\u00e5t <em>Vilka \u00e4r ni?<\/em><\/strong> I l\u00e5ten beskriver hon rasismen i dagens Sverige. Hon ifr\u00e5gas\u00e4tter b\u00e5de de personer som har rasistiska \u00e5sikter men ocks\u00e5 samh\u00e4llet.<\/p>\n<p>\u2013 Den fick stor uppm\u00e4rksamhet, bland annat av Aftonbladet, och fick 300.000 visningar p\u00e5 n\u00e5gra dagar. Bj\u00f6rn Gidlund t\u00e4nkte att det finns ett stort engagemang f\u00f6r antirasistisk kultur och tog kontakt med mig, han vet att jag \u00e4r intresserad av fr\u00e5gorna.<\/p>\n<p><strong>N\u00e4sta dag hade Bj\u00f6rn Gidlund, Anders Lundin och poeten Anni Lund, Stockholm, som ocks\u00e5 \u00e4r med p\u00e5 t\u00e5get, startat en hemsida och en Facebooksida.<\/strong> Tanken \u00e4r att komplettera med ett YouTubekonto.<\/p>\n<p>\u2013 Vi vill dela s\u00e5dana kulturyttringar som v\u00e4rnar humanitet och k\u00e4rlek. Vi tycker det finns m\u00e5nga bra sidor med ett m\u00e5ngkulturellt samh\u00e4lle, att vi m\u00e4nniskor \u00e4r olika och g\u00f6r olika saker, s\u00e4ger Anders Lundin.<\/p>\n<p>&nbsp;<\/p>\n<p><iframe loading=\"lazy\" src=\"https:\/\/www.flickr.com\/photos\/kultursidan\/14234813200\/in\/photostream\/player\/\" width=\"400\" height=\"175\" frameborder=\"0\" allowfullscreen=\"allowfullscreen\"><\/iframe><br \/>\n<em>Facebooksidan En r\u00f6st mot rasism.<\/em><\/p>\n<p>&nbsp;<\/p>\n<p><strong>De har redan f\u00e5tt de f\u00f6rsta fr\u00e5gorna fr\u00e5n folk som vill dra ig\u00e5ng den sorts diskussioner som ofta drar snett.<\/strong><\/p>\n<p>\u2013 Vi fick fr\u00e5gan \u201d\u00e4r man rasist om man r\u00f6star p\u00e5 SD?\u201d. D\u00e5 svarade vi att vi inte tar st\u00e4llning i partipolitiska fr\u00e5gor.<\/p>\n<p>Anders Lundin understryker \u00e4r att varken hemsidan eller Facebooksidan \u00e4r diskussionsforum, inte heller platser f\u00f6r promotion. Tanken \u00e4r enbart att lyfta fram de goda exemplen, som dikter, musik och bilder.<\/p>\n<p>\u2013 Vi sprider inga hatiska s\u00e5nger, utan k\u00e4rleksfulla som lyfter m\u00e4nniskor.<\/p>\n<p><strong>\u00c4n s\u00e5 l\u00e4nge finns En r\u00f6st mot rasism enbart p\u00e5 svenska.<\/strong> Hur ska ni kunna avg\u00f6ra vad som st\u00e5r i inl\u00e4gg eller sjungs i l\u00e5tar p\u00e5 spr\u00e5k ni inte kan? Rasism \u00e4r ju inte enbart en svensk f\u00f6reteelse.<\/p>\n<p>\u2013 Jag har t\u00e4nkt p\u00e5 det d\u00e4r man har inga f\u00e4rdiga l\u00f6sningar, svarar Anders Lundin p\u00e5 f\u00f6rsta fr\u00e5gan. Som svar p\u00e5 den andra: P\u00e5 sikt ska hemsidan bli flerspr\u00e5kig.<\/p>\n<p>\u2013 Jag \u00e4r gammal punkare, det tankes\u00e4ttet sitter i. Ska man f\u00e5 n\u00e5got gjort s\u00e5 f\u00e5r man g\u00f6ra det sj\u00e4lv.<\/p>\n<p><strong>Har du ett bidrag s\u00e5 kan du dela i din egen statusrad<\/strong> genom att anv\u00e4nda hashtaggen #enr\u00f6stmotrasism. Eller mejla, adressen finns p\u00e5 hemsidan.<\/p>\n<p><em>Text och foto: Ann-Charlotte Sandelin<br \/>\nSk\u00e4rmdumpar fr\u00e5n En r\u00f6st mot rasisms Facebooksida och hemsida<\/em><\/p>\n<p style=\"padding-left: 30px;\">L\u00c4NKAR<br \/>\nEn r\u00f6st mot rasism <a title=\"En r\u00f6st mot rasism\" href=\"http:\/\/enrostmotrasism.se\" target=\"_blank\" rel=\"noopener\">hemsida<\/a> <a title=\"Facebook\" href=\"https:\/\/www.facebook.com\/enrostmotrasism?fref=ts\" target=\"_blank\" rel=\"noopener\">Facebook<\/a><br \/>\nAndrea Lundqvist <a title=\"YouTube\" href=\"http:\/\/www.youtube.com\/watch?v=LoyGn7gZeRg\" target=\"_blank\" rel=\"noopener\">YouTube<\/a><\/p>\n<p>FLERA BILDER \u2013 KLICKA<\/p>\n<p><a data-flickr-embed='true' href='https:\/\/www.flickr.com\/photos\/kultursidan\/sets\/72157644761900938' title='En r\u00f6st mot rasism, Anders Lundin 2014 by Kultursidan, on Flickr'><img src='https:\/\/live.staticflickr.com\/2899\/14441592943_178f28d2c3_z.jpg' width='800' height='600' alt='Anders Lundin har startat En r\u00f6st mot rasism.'><\/a><script async src='https:\/\/embedr.flickr.com\/assets\/client-code.js' charset='utf-8'><\/script><\/p>\n","protected":false},"excerpt":{"rendered":"<p>NORRK\u00d6PING M\u00e5nga gillar En r\u00f6st mot rasism. Anders Lundin startade hemsidan och Facebooksidan tillsammans med n\u00e5gra v\u00e4nner. De vill lyfta fram det positiva med ett m\u00e5ngkulturellt samh\u00e4lle. En plats f\u00f6r humanitet och k\u00e4rlek. <a class=\"continue-reading-link\" href=\"https:\/\/www.kultursidan.nu\/?p=15357\">L\u00e4s mer <span class=\"meta-nav\">&rarr; <\/span><\/a><\/p>\n","protected":false},"author":1001006,"featured_media":0,"comment_status":"closed","ping_status":"open","sticky":false,"template":"","format":"standard","meta":{"_jetpack_memberships_contains_paid_content":false,"footnotes":""},"categories":[7],"tags":[56],"class_list":["post-15357","post","type-post","status-publish","format-standard","hentry","category-norrkoping","tag-politik"],"jetpack_featured_media_url":"","jetpack_sharing_enabled":true,"_links":{"self":[{"href":"https:\/\/www.kultursidan.nu\/index.php?rest_route=\/wp\/v2\/posts\/15357","targetHints":{"allow":["GET"]}}],"collection":[{"href":"https:\/\/www.kultursidan.nu\/index.php?rest_route=\/wp\/v2\/posts"}],"about":[{"href":"https:\/\/www.kultursidan.nu\/index.php?rest_route=\/wp\/v2\/types\/post"}],"author":[{"embeddable":true,"href":"https:\/\/www.kultursidan.nu\/index.php?rest_route=\/wp\/v2\/users\/1001006"}],"replies":[{"embeddable":true,"href":"https:\/\/www.kultursidan.nu\/index.php?rest_route=%2Fwp%2Fv2%2Fcomments&post=15357"}],"version-history":[{"count":1,"href":"https:\/\/www.kultursidan.nu\/index.php?rest_route=\/wp\/v2\/posts\/15357\/revisions"}],"predecessor-version":[{"id":32915,"href":"https:\/\/www.kultursidan.nu\/index.php?rest_route=\/wp\/v2\/posts\/15357\/revisions\/32915"}],"wp:attachment":[{"href":"https:\/\/www.kultursidan.nu\/index.php?rest_route=%2Fwp%2Fv2%2Fmedia&parent=15357"}],"wp:term":[{"taxonomy":"category","embeddable":true,"href":"https:\/\/www.kultursidan.nu\/index.php?rest_route=%2Fwp%2Fv2%2Fcategories&post=15357"},{"taxonomy":"post_tag","embeddable":true,"href":"https:\/\/www.kultursidan.nu\/index.php?rest_route=%2Fwp%2Fv2%2Ftags&post=15357"}],"curies":[{"name":"wp","href":"https:\/\/api.w.org\/{rel}","templated":true}]}}