{"id":15510,"date":"2014-06-23T18:07:01","date_gmt":"2014-06-23T17:07:01","guid":{"rendered":"https:\/\/intelligent-friend-7861.standoutwp.com\/?p=15510"},"modified":"2014-07-23T20:08:56","modified_gmt":"2014-07-23T19:08:56","slug":"lovande-startfalt-for-alla-pa-bravalla","status":"publish","type":"post","link":"https:\/\/www.kultursidan.nu\/?p=15510","title":{"rendered":"Lovande startf\u00e4lt f\u00f6r alla p\u00e5 Br\u00e5valla"},"content":{"rendered":"<p><iframe loading=\"lazy\" src=\"https:\/\/www.flickr.com\/photos\/kultursidan\/14488680492\/in\/photolist-aqRkVU-o5jgW5\/player\/\" width=\"500\" height=\"274\" frameborder=\"0\" allowfullscreen=\"allowfullscreen\"><\/iframe><\/p>\n<p><em>K\u00e4rt \u00e5terseende. P\u00e5 torsdagens startf\u00e4lt st\u00e5r Iron Maiden, konserten blir den sista i Sverige med l\u00e5tar fr\u00e5n 1980-talet.<\/em><\/p>\n<p>&nbsp;<\/p>\n<h1><span style=\"color: #ff0000;\">F\u00f6r h\u00e5rdrockare, popsn\u00f6ren och housefantaster<\/span><\/h1>\n<p>&nbsp;<\/p>\n<p><strong>En kort notis: Festival som begrepp synes ha spritt sig.<\/strong> Ingelsta proklamerar <em>Ingelsta festival<\/em> 25-29 juni, med p\u00e5fallande likt typsnitt och sammantr\u00e4ffande datum som Br\u00e5valla. Slump? Nej. Sj\u00e4lvfallet vill de dra nytta av festivalbes\u00f6karnas olika behov med allt fr\u00e5n regnkl\u00e4der, mat och dryck som andra f\u00f6rn\u00f6denheter. Fr\u00e5gan \u00e4r om de kommer s\u00f6rja f\u00f6r en buss mellan F13 och n\u00e4mnda k\u00f6pcenter?<\/p>\n<p>\u00c4ven Kn\u00e4ppingsborg passar p\u00e5 att gnugga sig lite i festivalyran och marknadsf\u00f6r GiG (Gig i Gr\u00e4nden) denna vecka som start p\u00e5 festivalen.<\/p>\n<p>&nbsp;<\/p>\n<p><iframe loading=\"lazy\" src=\"https:\/\/www.flickr.com\/photos\/kultursidan\/14303503828\/in\/photostream\/player\/\" width=\"400\" height=\"220\" frameborder=\"0\" allowfullscreen=\"allowfullscreen\"><\/iframe><br \/>\n<em> Axwell \u2227 Ingrosso\u00a0 bjuder p\u00e5 house p\u00e5 l\u00f6rdag.<\/em><\/p>\n<p>&nbsp;<\/p>\n<p><strong>G\u00e4llande den huvudsakliga musikfestivalen, Br\u00e5valla, tycker jag att startf\u00e4ltet ser lovande ut.<\/strong> Ett imponerande nummer av varierande akter ska locka popsn\u00f6ren s\u00e5v\u00e4l som h\u00e5rdrockare och housefantaster till Norrk\u00f6ping. Det k\u00e4nns p\u00e5 ett s\u00e4tt som att FKP Scorpio tagit i med b\u00e5de h\u00e4ngslen och livrem n\u00e4r de lagt upp programmet f\u00f6r 2014 \u00e5rs festival. Samlat p\u00e5 ett och samma st\u00e4lle i tre dygn ser jag influenser fr\u00e5n vitt skilda h\u00e5ll.<\/p>\n<p>Indiepoparna <em>Belle &amp; Sebastian<\/em> kommer locka en publik som f\u00f6rr i v\u00e4rlden skulle \u00e5kt till Emmabodafestivalen; heavy metal-bandet <em>Iron Maiden<\/em> bjuder in de som vanligtvis spenderar n\u00e5gra sommardagar i S\u00f6lvesborg och Sweden Rock Festival; <em>Axwell <\/em>\u2227 <em>Ingrosso<\/em>, trion som nu blivit en duo, fyller de sena dansgolven och flankerad av <em>Alesso<\/em> f\u00f6ljer de upp f\u00f6rra \u00e5rets stora dj-succ\u00e9 (tillika dragpl\u00e5ster) <em>Avicii<\/em>; <em>Kings of Leon<\/em> \u00e4r \u00e5rets stora amerikanska popakt \u2013 Texassl\u00e4ktingarna som l\u00e4tt skulle ha fyllt stolarna p\u00e5 en rockfestival var som helst i Norden; <em>The Hives<\/em> och <em>Mando Diao<\/em> g\u00f6r inte saken v\u00e4rre f\u00f6r de redan pop- &amp; rockintresserade; slutligen megastora hip hop-artisten <em>Kayne West<\/em>, som knappast beh\u00f6ver en n\u00e4rmare presentation.<\/p>\n<p>&nbsp;<\/p>\n<p><iframe loading=\"lazy\" src=\"https:\/\/www.flickr.com\/photos\/kultursidan\/14488876632\/in\/photostream\/player\/\" width=\"280\" height=\"400\" frameborder=\"0\" allowfullscreen=\"allowfullscreen\"><\/iframe><br \/>\n<em> Svensk pops kronprinsessa Veronica Maggio.<\/em><\/p>\n<p>&nbsp;<\/p>\n<p><strong>Denna summering ger otvivelaktigt ett brett musikintryck, det synes finnas n\u00e5got f\u00f6r alla smaker.<\/strong> \u00c4nd\u00e5 fattas mig n\u00e5got. Ett sp\u00f6rsm\u00e5l g\u00e4ller de lokala akterna: vart har de tagit v\u00e4gen i \u00e5r? Spelschemat ekar tomt bortsett fr\u00e5n konstn\u00e4rskollektivet <em>Den svenska bj\u00f6rnstammen<\/em> och hemv\u00e4ndande poppojken <em>Markus Kruneg\u00e5rd<\/em>, samt <em>Norrk\u00f6pings symfoniorkesters<\/em> samarbete med rapparen <em>Petter<\/em>. Jag upplevde det lite som en honn\u00f6rsgrej \u00e5 arrang\u00f6rens sida f\u00f6rra \u00e5ret att ta med en hel del fr\u00e5n det lokala musiklivet. Men i \u00e5r verkar fallet inte vara s\u00e5.<\/p>\n<p>Kanske pressades Br\u00e5valla mer av nystartade Alternativet f\u00f6rra \u00e5ret? Alternativet arrangerades 15 juni 2014 f\u00f6r andra \u00e5ret i rad och \u00e4r en endagsfestival p\u00e5 K\u00e5rhuset Trappan som med imponerande fart presenterade ett fullgott alternativ till \u201dgubbdominansen\u201d i de mer etablerade festivalernas program. De erbj\u00f6d lokala och nationella musiker, f\u00f6rel\u00e4sningar samt en sk\u00f6n festivalst\u00e4mning av och med fr\u00e4mst kvinnliga artister.<\/p>\n<p>&nbsp;<\/p>\n<p><iframe loading=\"lazy\" src=\"https:\/\/www.flickr.com\/photos\/kultursidan\/14303459127\/in\/photostream\/player\/\" width=\"400\" height=\"280\" frameborder=\"0\" allowfullscreen=\"allowfullscreen\"><\/iframe><br \/>\n<em> Attityd! Har svenska Elliphant.<\/em><\/p>\n<p>&nbsp;<\/p>\n<p><strong>Klart \u00e4r dock att Br\u00e5vallaarrang\u00f6rerna tagit kritiken till sig. <\/strong>I \u00e5r gick de ut relativt tidigt med stora kvinnliga namn (kanske f\u00f6r att parera mansdominansen i dragpl\u00e5stren?). De akter som festivalen frontar med, p\u00e5 sina affischer s\u00e5v\u00e4l som hemsidan, \u00e4r alltj\u00e4mt m\u00e4n: tidigare n\u00e4mnda <em>Iron Maiden<\/em>, <em>Kings of Leon,\u00a0<\/em><em><em>Axwell <\/em>\u2227 <em>Ingrosso<\/em> <\/em>och<em> Kanye West.<\/em><\/p>\n<p>Jag v\u00e4lkomnar f\u00f6r min del den svenska kvinnliga popeliten med bl.a. <em>Nina Persson, Veronica Maggio, Linnea Henriksson, Melissa Horn <\/em>och<em> Laleh. Elliphant, Lana del Rey <\/em>och<em> M.I.A<\/em>. \u00e4r ocks\u00e5 v\u00e4rda att spana in. Samtidigt vet jag att festivalens verkliga fynd ofta \u00e4r de man finner i ett t\u00e4lt eller p\u00e5 en scen som man kanske bara sl\u00e4ntrar f\u00f6rbi. Ibland hittas en riktig p\u00e4rla \u2013 likt <em>Lindsey Stirling<\/em> och hennes of\u00f6rgl\u00f6mliga elfiolshow f\u00f6rra \u00e5ret.<\/p>\n<p><strong>S\u00e5 nog r\u00e5der det festivalyra i stan, allt. <\/strong>Sj\u00e4lv ser jag med stor f\u00f6rv\u00e4ntan fram emot de tre fullmatade dagarna med musik, stand up, folkvimmel och allt annat som h\u00f6r festival till. Br\u00e5vallafestivalen \u00e4r h\u00e4r f\u00f6r att stanna.<\/p>\n<p><em>Text: Nora Ham<br \/>\nFoto: Br\u00e5vallafestivalen\/FKP Scorpio<\/em><\/p>\n<blockquote>\n<h3><em>BR\u00c5VALLA Norrk\u00f6ping<\/em><\/h3>\n<p>26 \u2013 28 juni 2014<em><br \/>\n<strong>Br\u00e5vallafestivalen<\/strong><\/em><br \/>\n<em> Arr: FKP Scorpio<\/em><\/p><\/blockquote>\n<p>L\u00c4NKAR<br \/>\nBr\u00e5vallafestivalen <a title=\"Br\u00e5vallafestivalen\" href=\"http:\/\/www.bravallafestival.se\" target=\"_blank\">hemsida<\/a><\/p>\n<p>BILDSPEL (FLASH) \u2013 KLICKA P\u00c5 BILDEN <em>ALT\/MOBIL: SE BILDSPELET <a title=\"Bildspel\" href=\"https:\/\/www.flickr.com\/photos\/kultursidan\/sets\/72157645314555942\/show\/\" target=\"_blank\">H\u00c4R<\/a><\/em><br \/>\n<object width=\"400\" height=\"300\"><param name=\"flashvars\" value=\"offsite=true&#038;lang=en-us&#038;page_show_url=%2Fphotos%2Fkultursidan%2Fsets%2F72157645314555942%2Fshow%2F&#038;page_show_back_url=%2Fphotos%2Fkultursidan%2Fsets%2F72157645314555942%2F&#038;set_id=72157645314555942&#038;jump_to=\"><\/param><param name=\"movie\" value=\"https:\/\/www.flickr.com\/apps\/slideshow\/show.swf?v=143270\"><\/param><param name=\"allowFullScreen\" value=\"true\"><\/param><\/object><\/p>\n","protected":false},"excerpt":{"rendered":"<p>NORRK\u00d6PING Br\u00e5vallafestivalen ska locka popsn\u00f6ren s\u00e5v\u00e4l som h\u00e5rdrockare och housefantaster till Norrk\u00f6ping. \u00c4ven om arrang\u00f6ren frontar med mansdominerade akter har f\u00f6rra \u00e5rets kritik mot bristen p\u00e5 kvinnor p\u00e5 scenen f\u00e5tt ett hyfsat bra svar. <a class=\"continue-reading-link\" href=\"https:\/\/www.kultursidan.nu\/?p=15510\">L\u00e4s mer <span class=\"meta-nav\">&rarr; <\/span><\/a><\/p>\n","protected":false},"author":1001006,"featured_media":0,"comment_status":"closed","ping_status":"open","sticky":false,"template":"","format":"standard","meta":{"_jetpack_memberships_contains_paid_content":false,"footnotes":""},"categories":[7],"tags":[29,13],"class_list":["post-15510","post","type-post","status-publish","format-standard","hentry","category-norrkoping","tag-festival","tag-musik"],"jetpack_featured_media_url":"","jetpack_sharing_enabled":true,"_links":{"self":[{"href":"https:\/\/www.kultursidan.nu\/index.php?rest_route=\/wp\/v2\/posts\/15510","targetHints":{"allow":["GET"]}}],"collection":[{"href":"https:\/\/www.kultursidan.nu\/index.php?rest_route=\/wp\/v2\/posts"}],"about":[{"href":"https:\/\/www.kultursidan.nu\/index.php?rest_route=\/wp\/v2\/types\/post"}],"author":[{"embeddable":true,"href":"https:\/\/www.kultursidan.nu\/index.php?rest_route=\/wp\/v2\/users\/1001006"}],"replies":[{"embeddable":true,"href":"https:\/\/www.kultursidan.nu\/index.php?rest_route=%2Fwp%2Fv2%2Fcomments&post=15510"}],"version-history":[{"count":0,"href":"https:\/\/www.kultursidan.nu\/index.php?rest_route=\/wp\/v2\/posts\/15510\/revisions"}],"wp:attachment":[{"href":"https:\/\/www.kultursidan.nu\/index.php?rest_route=%2Fwp%2Fv2%2Fmedia&parent=15510"}],"wp:term":[{"taxonomy":"category","embeddable":true,"href":"https:\/\/www.kultursidan.nu\/index.php?rest_route=%2Fwp%2Fv2%2Fcategories&post=15510"},{"taxonomy":"post_tag","embeddable":true,"href":"https:\/\/www.kultursidan.nu\/index.php?rest_route=%2Fwp%2Fv2%2Ftags&post=15510"}],"curies":[{"name":"wp","href":"https:\/\/api.w.org\/{rel}","templated":true}]}}