{"id":15550,"date":"2014-06-25T22:22:07","date_gmt":"2014-06-25T21:22:07","guid":{"rendered":"https:\/\/intelligent-friend-7861.standoutwp.com\/?p=15550"},"modified":"2014-07-23T20:00:10","modified_gmt":"2014-07-23T19:00:10","slug":"ko-till-hela-sveriges-musikfestival","status":"publish","type":"post","link":"https:\/\/www.kultursidan.nu\/?p=15550","title":{"rendered":"K\u00f6 till hela Sveriges musikfestival"},"content":{"rendered":"<p><iframe loading=\"lazy\" src=\"https:\/\/www.flickr.com\/photos\/kultursidan\/14507806585\/in\/photolist-o71isi-aFNrsK-abpEjM-abpEgg-abpEer-abpE9v-abpE82-absvoA-bbaMWX-ctLmzm-bkrZWF-9iq5yN-eyz2kH-gDJ1a6-eCwn96-absvk5-abpEcz-absvbJ\/player\/\" width=\"500\" height=\"332\" frameborder=\"0\" allowfullscreen=\"allowfullscreen\"><\/iframe><\/p>\n<p><em>Dagen f\u00f6re Festivalen med stort F. Alla k\u00f6ar f\u00f6r att registrera sig f\u00f6r campingen.<\/em><\/p>\n<p>&nbsp;<\/p>\n<h1><span style=\"color: #ff0000;\">\u201dV\u00e4rldens b\u00e4sta line-up\u201d<\/span><\/h1>\n<p>&nbsp;<\/p>\n<p><strong>En n\u00f6jesstad har v\u00e4xt upp ute p\u00e5 Br\u00e5vallaf\u00e4ltet. <\/strong>Sju tjejer fr\u00e5n Skellefte\u00e5 st\u00e5r i k\u00f6n till registreringst\u00e4lten, det g\u00e5r l\u00e5ngsamt fram\u00e5t. Fr\u00e5n Malm\u00f6 kommer tolv musikgymnasister. Volont\u00e4ren vid grinden bor i Uppsala. Folkert Koopmans FKP Scorpio lockar publik fr\u00e5n hela Sverige till Br\u00e5valla.<\/p>\n<p>Det g\u00e5r ett l\u00e4mmelt\u00e5g av ryggs\u00e4cksfolk fr\u00e5n sp\u00e5rvagnsh\u00e5llplatsen i \u00d6stra Eneby till Br\u00e5valla. Vakter kantar hela v\u00e4gen ut till huvudentr\u00e9n. Bilar snurrar ner i rondellen, sl\u00e4pper av och ger sig av igen.<\/p>\n<p>&nbsp;<\/p>\n<p><iframe loading=\"lazy\" src=\"https:\/\/www.flickr.com\/photos\/kultursidan\/14507806435\/in\/photostream\/player\/\" width=\"280\" height=\"400\" frameborder=\"0\" allowfullscreen=\"allowfullscreen\"><\/iframe><br \/>\n<em>Hit men inte l\u00e4ngre. Tv\u00e5ans sp\u00e5rvagn stannar h\u00e4r. H\u00e5llplatsen m\u00e5lades redan till f\u00f6rra \u00e5rets festival. Faktiskt med inblandning fr\u00e5n en viss bj\u00f6rnstam&#8230;<\/em><\/p>\n<p>&nbsp;<\/p>\n<p><strong>Familjen Grundberg fr\u00e5n Malm\u00f6 sl\u00e4pper av sonen Kristian Grundberg.<\/strong> H\u00e4r ska han str\u00e5la samman med sina kompisar, omkring ett dussin musikgymnasister fr\u00e5n Malm\u00f6 nya latingymnasium.<\/p>\n<p>\u2013 Vi passar p\u00e5 att semestra i Mellansverige de h\u00e4r dagarna, s\u00e4ger Per Grundberg om \u00f6vriga familjens planer. Det \u00e4r ju lite v\u00e5nda med en s\u00e5dan h\u00e4r festival, n\u00e4r n\u00e4stan 60.000 personer samlas och man \u00e4r 17 \u00e5r. Vi h\u00f6r ju till curlingf\u00f6r\u00e4ldragenerationen, det blir m\u00e5nga r\u00e5d om packningen.<\/p>\n<p>&nbsp;<\/p>\n<p><iframe loading=\"lazy\" src=\"https:\/\/www.flickr.com\/photos\/kultursidan\/14527912753\/player\/\" width=\"400\" height=\"280\" frameborder=\"0\" allowfullscreen=\"allowfullscreen\"><\/iframe><br \/>\n<em>Fr\u00e5n Skellefte\u00e5 kommer det h\u00e4r tjejg\u00e4nget. Packat f\u00f6r regn och d\u00e5ligt v\u00e4der? &#8221;Oj!&#8221; blir svaret.<\/em><\/p>\n<p>&nbsp;<\/p>\n<p><strong>Sju tjejer fr\u00e5n Skellefte\u00e5 st\u00e5r redan i en av de fyra fem k\u00f6er som leder till registreringst\u00e4lten.<\/strong> Med tv\u00e5 minuters mellanrum flyttar de campingutrustningen en meter fram\u00e5t. K\u00f6n \u00e4r kanske en halvtimme l\u00e5ng. St\u00e4mningen \u00e4r god i solskenet.<\/p>\n<p>\u2013 Det \u00e4r v\u00e4rldens b\u00e4sta line-up, Sveriges b\u00e4sta festival, svarar Linda \u00d6hman p\u00e5 fr\u00e5gan om varf\u00f6r Skellefteg\u00e4nget tagit sig hela v\u00e4gen ner till Norrk\u00f6ping.<\/p>\n<p>Till v\u00e4rldens b\u00e4sta line-up h\u00f6r <em>Bring Me the Horizon<\/em>, <em>Lana Del Rey<\/em> och <em>Dropkick Murphys<\/em> om tjejerna f\u00e5r best\u00e4mma. Och det f\u00e5r de ju, Br\u00e5vallafestivalen blir s\u00e5 bra som man v\u00e4ljer mellan de olika scenerna.<\/p>\n<p>&nbsp;<\/p>\n<p><iframe loading=\"lazy\" src=\"https:\/\/www.flickr.com\/photos\/kultursidan\/14321206678\/in\/photostream\/player\/\" width=\"400\" height=\"280\" frameborder=\"0\" allowfullscreen=\"allowfullscreen\"><\/iframe><br \/>\n<em> Varf\u00f6r har tr\u00e5kig d\u00f6tid p\u00e5 en festival n\u00e4r man lika g\u00e4rna kan jobba. Donia Saleh fr\u00e5n Uppsala vaktar en grind.<\/em><\/p>\n<p>&nbsp;<\/p>\n<p><strong>Det \u00e4r l\u00e4tt att k\u00e4nna igen en volont\u00e4r, alla b\u00e4r v\u00e4star med funktion och nummer.<\/strong> Donia Saleh fr\u00e5n Uppsala \u00e4r en av cirka 1.000 volont\u00e4rer och jobbar f\u00f6r s\u00e4kerhetsavdelningen. F\u00f6rra \u00e5ret var hon vanlig festivalbes\u00f6kare, som volont\u00e4r f\u00e5r hon gratis intr\u00e4de till festivalen, ett m\u00e5l mat per arbetspass och kan campa p\u00e5 volont\u00e4rcampingen.<\/p>\n<p>\u2013 Det \u00e4r f\u00f6rst\u00e5s en f\u00f6rdel att slippa betala men jag t\u00e4nker ocks\u00e5 att det \u00e4r ganska l\u00e5nga dagar. Det \u00e4r en bra grej att syssels\u00e4tta sig med p\u00e5 dagarna, s\u00e4ger Donia Saleh som kollar att b\u00e5de bilar och bes\u00f6kare har tillst\u00e5nd att ta sig in genom grinden som hon och n\u00e5gra andra vaktar.<\/p>\n<p>\u2013 Anm\u00e4ler man sig bara i god tid s\u00e5 kan man v\u00e4lja arbetsgrupp, jag har lagt mina pass s\u00e5 att jag inte missar n\u00e5gra konserter.<\/p>\n<p>&nbsp;<\/p>\n<p><iframe loading=\"lazy\" src=\"https:\/\/www.flickr.com\/photos\/kultursidan\/14321358817\/in\/set-72157645367928485\/player\/\" width=\"280\" height=\"400\" frameborder=\"0\" allowfullscreen=\"allowfullscreen\"><\/iframe><br \/>\n<em> Mannen bakom allt. Folkert Koopmans vill se att allt flyter p\u00e5 n\u00e4r publiken v\u00e4ller in. Vad g\u00e4ller den f\u00f6rsvunna lokala scenen s\u00e5 blir det ingen p\u00e5 Br\u00e5valla i \u00e5r. Men kanske n\u00e4sta \u00e5r.<\/em><\/p>\n<p>&nbsp;<\/p>\n<p><strong>Bakom registreringst\u00e4lten g\u00e5r FKP Scorpios VD Folkert Koopmans och myser. <\/strong>Det m\u00e5ste vara en k\u00e4nsla att planera en j\u00e4ttefestival och s\u00e5 se publiken v\u00e4lla in.<\/p>\n<p>\u2013 Jag kollar \u00f6ppningen, s\u00e4ger han. Det \u00e4r en utmaning med betalningschipsen. Ni svenskar \u00e4r sena av er. 25.000 hade registrerat sig f\u00f6r chipsen p\u00e5 f\u00f6rhand men i s\u00f6ndags som var sista dagen skulle 10.000 g\u00f6ra det.<\/p>\n<p>Det gick inte, den del av sajten som hade med registreringen att g\u00f6ra brakade ihop. N\u00e5, allt ska l\u00f6sa sig \u00e4nd\u00e5 och Folkert Koopmans \u00e4r p\u00e5 plats.<\/p>\n<p><strong>I \u00e5r saknas den lokala scenen Hangar 86, varf\u00f6r d\u00e5? <\/strong>Folkert Koopman svarar att festivalledningen inte var helt n\u00f6jda med utformningen av Hangar 86, det var tr\u00e5ngt och inte helt l\u00e4ttillg\u00e4ngligt.<\/p>\n<p>\u2013 Vi har ingen egentlig anledning till att ha en lokal scen, s\u00e4ger Folkert Koopmans lite luddigt. Det h\u00e4r \u00e5ret \u00e4r det en p\u00e5 Get away rock-festivalen. Men kanske den kommer tillbaka n\u00e4sta \u00e5r.<\/p>\n<p><em>Text: Ann-Charlotte Sandelin<br \/>\nFoto: Samuel Sandelin och Ann-Charlotte Sandelin <\/em><\/p>\n<blockquote>\n<h3><em>BR\u00c5VALLA Norrk\u00f6ping<\/em><\/h3>\n<p>26 \u2013 28 juni 2014<em><br \/>\n<strong>Br\u00e5vallafestivalen<\/strong><\/em><br \/>\n<em> Arr: FKP Scorpio<\/em><\/p><\/blockquote>\n<p>L\u00c4NKAR<br \/>\nBr\u00e5vallafestivalen <a title=\"Br\u00e5vallafestivalen\" href=\"http:\/\/www.bravallafestival.se\" target=\"_blank\">hemsida <\/a><br \/>\nLovande startf\u00e4lt f\u00f6r alla p\u00e5 Br\u00e5valla\u00a0<a title=\"Lovande startf\u00e4lt f\u00f6r alla p\u00e5 Br\u00e5valla\" href=\"https:\/\/www.kultursidan.nu\/?p=15510\" target=\"_blank\">reportage<\/a> Kultursidan.nu 23\/6 2014<br \/>\nBr\u00e5valla utan liten lokal scen <a title=\"Br\u00e5valla utan liten lokal scen\" href=\"https:\/\/www.kultursidan.nu\/?p=15541\" target=\"_blank\">reportage<\/a> Kultursidan.nu 24\/6 2014<\/p>\n<p>BILDSPEL (FLASH) \u2013 KLICKA P\u00c5 BILDEN <em>ALT\/MOBIL: SE BILDSPELET <a title=\"Bildspel\" href=\"https:\/\/www.flickr.com\/photos\/kultursidan\/sets\/72157645367928485\/show\/\" target=\"_blank\">H\u00c4R<\/a><\/em><br \/>\n<object width=\"400\" height=\"300\"><param name=\"flashvars\" value=\"offsite=true&#038;lang=en-us&#038;page_show_url=%2Fphotos%2Fkultursidan%2Fsets%2F72157645367928485%2Fshow%2F&#038;page_show_back_url=%2Fphotos%2Fkultursidan%2Fsets%2F72157645367928485%2F&#038;set_id=72157645367928485&#038;jump_to=\"><\/param><param name=\"movie\" value=\"https:\/\/www.flickr.com\/apps\/slideshow\/show.swf?v=143270\"><\/param><param name=\"allowFullScreen\" value=\"true\"><\/param><\/object><\/p>\n","protected":false},"excerpt":{"rendered":"<p>NORRK\u00d6PING \u201dV\u00e4rldens b\u00e4sta line-up\u201d. Sju tjejer fr\u00e5n Skellefte\u00e5 st\u00e5r i k\u00f6n till registreringst\u00e4lten, det g\u00e5r l\u00e5ngsamt fram\u00e5t. Fr\u00e5n Malm\u00f6 kommer tolv musikgymnasister. Volont\u00e4ren vid grinden bor i Uppsala. Folkert Koopmans lockar publik fr\u00e5n hela Sverige till Br\u00e5valla. <a class=\"continue-reading-link\" href=\"https:\/\/www.kultursidan.nu\/?p=15550\">L\u00e4s mer <span class=\"meta-nav\">&rarr; <\/span><\/a><\/p>\n","protected":false},"author":1001006,"featured_media":0,"comment_status":"closed","ping_status":"open","sticky":false,"template":"","format":"standard","meta":{"_jetpack_memberships_contains_paid_content":false,"footnotes":""},"categories":[7],"tags":[29,13],"class_list":["post-15550","post","type-post","status-publish","format-standard","hentry","category-norrkoping","tag-festival","tag-musik"],"jetpack_featured_media_url":"","jetpack_sharing_enabled":true,"_links":{"self":[{"href":"https:\/\/www.kultursidan.nu\/index.php?rest_route=\/wp\/v2\/posts\/15550","targetHints":{"allow":["GET"]}}],"collection":[{"href":"https:\/\/www.kultursidan.nu\/index.php?rest_route=\/wp\/v2\/posts"}],"about":[{"href":"https:\/\/www.kultursidan.nu\/index.php?rest_route=\/wp\/v2\/types\/post"}],"author":[{"embeddable":true,"href":"https:\/\/www.kultursidan.nu\/index.php?rest_route=\/wp\/v2\/users\/1001006"}],"replies":[{"embeddable":true,"href":"https:\/\/www.kultursidan.nu\/index.php?rest_route=%2Fwp%2Fv2%2Fcomments&post=15550"}],"version-history":[{"count":0,"href":"https:\/\/www.kultursidan.nu\/index.php?rest_route=\/wp\/v2\/posts\/15550\/revisions"}],"wp:attachment":[{"href":"https:\/\/www.kultursidan.nu\/index.php?rest_route=%2Fwp%2Fv2%2Fmedia&parent=15550"}],"wp:term":[{"taxonomy":"category","embeddable":true,"href":"https:\/\/www.kultursidan.nu\/index.php?rest_route=%2Fwp%2Fv2%2Fcategories&post=15550"},{"taxonomy":"post_tag","embeddable":true,"href":"https:\/\/www.kultursidan.nu\/index.php?rest_route=%2Fwp%2Fv2%2Ftags&post=15550"}],"curies":[{"name":"wp","href":"https:\/\/api.w.org\/{rel}","templated":true}]}}