{"id":15607,"date":"2014-06-27T16:58:56","date_gmt":"2014-06-27T15:58:56","guid":{"rendered":"https:\/\/intelligent-friend-7861.standoutwp.com\/?p=15607"},"modified":"2014-07-23T19:53:17","modified_gmt":"2014-07-23T18:53:17","slug":"fansen-sprang-in-med-krunegard-recension","status":"publish","type":"post","link":"https:\/\/www.kultursidan.nu\/?p=15607","title":{"rendered":"Fansen sprang in med Kruneg\u00e5rd (recension)"},"content":{"rendered":"<p><iframe loading=\"lazy\" src=\"https:\/\/www.flickr.com\/photos\/kultursidan\/14333591358\/in\/photostream\/player\/\" width=\"500\" height=\"333\" frameborder=\"0\" allowfullscreen=\"allowfullscreen\"><\/iframe><\/p>\n<p><em>Prinsen av Peking \u2013 Markus Kruneg\u00e5rd. Han \u00f6ppnade Br\u00e5vallafesten och fick ett varmt mottagande.<\/em><\/p>\n<p>&nbsp;<\/p>\n<h1><span style=\"color: #ff0000;\">Prinsen av Peking \u00e4r hemma<\/span><\/h1>\n<p>&nbsp;<\/p>\n<p><strong>M\u00e5nga var de h\u00e4ngivna fans som h\u00e4ngde p\u00e5 l\u00e5set f\u00f6r att se Norrk\u00f6pings alldeles egna popprins.<\/strong> Markus Kruneg\u00e5rd framf\u00f6rde sin konsert med bravur, personligt mellansnack och m\u00e4nsklig v\u00e4rme. Senare spelade <em>Imagine Dragons<\/em> \u2013 essensen av Br\u00e5vallas bredd.<\/p>\n<p><strong>Br\u00e5valla \u00e4r redan en sj\u00e4lvklar h\u00f6jdpunkt p\u00e5 sommaren, och (kan man s\u00e4ga det efter bara ett \u00e5r?) redan en k\u00e4r tradition.<\/strong> Jag cyklade med ivriga ben uppf\u00f6r norra promenaden och str\u00e4vade vidare l\u00e4ngs Finsp\u00e5ngsv\u00e4gen. Lite br\u00e5ttom var det allt ocks\u00e5.<\/p>\n<p>V\u00e4l inne p\u00e5 omr\u00e5det var det lugnet f\u00f6re stormen. Jag blir varse att ett f\u00f6re detta milit\u00e4rt flygf\u00e4lt kan se v\u00e4ldigt stort ut innan 50.000+ bes\u00f6karna rullar in. Visst, det fanns n\u00e5got i luften som lovade om n\u00e5got stort, och infrastrukturen var p\u00e5 plats: \u00f6lt\u00e4lt, funktion\u00e4rer, bajamajor, scener och ljus. Men inga bes\u00f6kare.<\/p>\n<p>&nbsp;<\/p>\n<p><iframe loading=\"lazy\" src=\"https:\/\/www.flickr.com\/photos\/kultursidan\/14540278403\/player\/\" width=\"400\" height=\"280\" frameborder=\"0\" allowfullscreen=\"allowfullscreen\"><\/iframe><br \/>\n<em>Pl\u00f6tsligt var alla d\u00e4r.<\/em><\/p>\n<p>&nbsp;<\/p>\n<p><strong>Stackars Markus, hann jag t\u00e4nka. Var \u00e4r alla fans?<\/strong> Givetvis var detta ett v\u00e4l iscensatt trick f\u00f6r att h\u00f6ja f\u00f6rv\u00e4ntningarna inf\u00f6r festivalens f\u00f6rsta spelning. Portarna \u00f6ppnades precis i lagom tid f\u00f6r att f\u00e5 till r\u00e4tt effekt \u2013 att Kruneg\u00e5rd verkligen invigde festivalen. M\u00e5nga var de h\u00e4ngivna fans som h\u00e4ngde p\u00e5 l\u00e5set f\u00f6r att se Norrk\u00f6pings alldeles egna popprins. Jag vet inte hur m\u00e5nga springande fans som v\u00e4llde in, men nog k\u00e4ndes det s\u00e5 sm\u00e5ningom ganska v\u00e4lfyllt runt Lunascenen.<\/p>\n<p><strong>N\u00e5, sj\u00e4lva konserten genomf\u00f6rs med bravur.<\/strong> Det \u00e4r en bra blandning av nytt och gammalt. Jag gillar det stora gung och groove som l\u00e5ten <em>Let\u2019s go, jag \u00e4r din yo<\/em> bjuder p\u00e5. Dessutom bildar det ett snyggt medley tillsammans med <em>Hela livet var ett disco<\/em>. B\u00e5da inbjuder till dans. Markus bjuder g\u00e4rna p\u00e5 sig sj\u00e4lv och sin musik. Mellansnacket \u00e4r personligt. Han f\u00e5r alla att k\u00e4nna sig v\u00e4lkomna (men nog anar man att det \u00e4r lite extra roligt att h\u00e4lsa norrk\u00f6pingsborna v\u00e4lkomna\u2026)<\/p>\n<p>&nbsp;<\/p>\n<p><iframe loading=\"lazy\" src=\"https:\/\/www.flickr.com\/photos\/kultursidan\/14333715227\/in\/photostream\/player\/\" width=\"400\" height=\"280\" frameborder=\"0\" allowfullscreen=\"allowfullscreen\"><\/iframe><br \/>\n<em> Markus Kruneg\u00e5rd \u00e4r en mycket m\u00e5ngsidig musiker.<\/em><\/p>\n<p>&nbsp;<\/p>\n<p><strong>Publiken vaknar till ordentligt under <em>Askan \u00e4r den b\u00e4sta jorden<\/em> n\u00e4r de f\u00e5r gunga h\u00e4nderna fr\u00e5n sida till sida.<\/strong> Den nya hiten <em>\u201dDu st\u00f6r dig h\u00e5rt p\u00e5 mig<\/em> funkar mycket bra, inte minst d\u00e4rf\u00f6r att den ytterligare f\u00f6rst\u00e4rker intrycket att Kruneg\u00e5rd \u00e4r en mycket m\u00e5ngsidig musiker. <em>M\u00e4nsklig v\u00e4rme<\/em> var en m\u00e4ktig final.<\/p>\n<p>Men f\u00f6r de flesta \u00e4r \u00e4nd\u00e5 vampyren fortfarande kronan p\u00e5 verket. Prinsen av Peking \u00e4r hemma.<\/p>\n<p>&#8212;&#8212;&#8212;&#8211;<\/p>\n<p>&nbsp;<\/p>\n<p><iframe loading=\"lazy\" src=\"https:\/\/www.flickr.com\/photos\/kultursidan\/14333679869\/in\/photostream\/player\/\" width=\"400\" height=\"280\" frameborder=\"0\" allowfullscreen=\"allowfullscreen\"><\/iframe><br \/>\n<em> Imagine Dragons \u00e4r som ett Br\u00e5valla i miniatyr.<\/em><\/p>\n<p>&nbsp;<\/p>\n<p><strong>Slutligen, en allm\u00e4n betraktelse fr\u00e5n festivalens f\u00f6rsta dag. <\/strong>Br\u00e5valla st\u00e5r f\u00f6r bredden i Festivalsverige. I <em>Imagine Dragons<\/em> \u00e4r essensen av Br\u00e5vallas startf\u00e4lt f\u00f6rkroppsligat i ett band. De \u00e4r verkligen breda. L\u00e5tmaterialet sp\u00e4nner fr\u00e5n tunga bastoner, n\u00e4stan lite dubstep-k\u00e4nsla, \u00f6ver Coldplay-luktande alster, till st\u00e4mningsfull st\u00e4ms\u00e5ng och metal.<\/p>\n<p>Bredden \u00e4r styrkan med Br\u00e5valla.<\/p>\n<p><em>Text: Nora Ham<br \/>\nFoto: Nora Ham (Markus Kruneg\u00e5rd) och Samuel Sandelin (Imagine Dragons)<\/em><\/p>\n<p>BILDSPEL (FLASH) KRUNEG\u00c5RD \u2013 KLICKA P\u00c5 BILDEN <em>ALT\/MOBIL: SE BILDSPELET <a title=\"Bildspel\" href=\"https:\/\/www.flickr.com\/photos\/kultursidan\/sets\/72157645439002803\/show\/\" target=\"_blank\">H\u00c4R <\/a><\/em><br \/>\n<object width=\"400\" height=\"300\"><param name=\"flashvars\" value=\"offsite=true&#038;lang=en-us&#038;page_show_url=%2Fphotos%2Fkultursidan%2Fsets%2F72157645439002803%2Fshow%2F&#038;page_show_back_url=%2Fphotos%2Fkultursidan%2Fsets%2F72157645439002803%2F&#038;set_id=72157645439002803&#038;jump_to=\"><\/param><param name=\"movie\" value=\"https:\/\/www.flickr.com\/apps\/slideshow\/show.swf?v=143270\"><\/param><param name=\"allowFullScreen\" value=\"true\"><\/param><\/object><\/p>\n<p>BILDSPEL (FLASH) IMAGINE DRAGONS \u2013 KLICKA P\u00c5 BILDEN <em>ALT\/MOBIL: SE BILDSPELET <a title=\"Bildspel\" href=\"https:\/\/www.flickr.com\/photos\/kultursidan\/sets\/72157645384706521\/show\/\" target=\"_blank\">H\u00c4R<\/a><\/em><br \/>\n<object width=\"400\" height=\"300\"><param name=\"flashvars\" value=\"offsite=true&#038;lang=en-us&#038;page_show_url=%2Fphotos%2Fkultursidan%2Fsets%2F72157645384706521%2Fshow%2F&#038;page_show_back_url=%2Fphotos%2Fkultursidan%2Fsets%2F72157645384706521%2F&#038;set_id=72157645384706521&#038;jump_to=\"><\/param><param name=\"movie\" value=\"https:\/\/www.flickr.com\/apps\/slideshow\/show.swf?v=143270\"><\/param><param name=\"allowFullScreen\" value=\"true\"><\/param><\/object><\/p>\n<blockquote>\n<h3><em>BR\u00c5VALLAFESTIVALEN Norrk\u00f6ping<\/em><\/h3>\n<p>26 juni 2014<\/p>\n<p><em><strong>Markus Kruneg\u00e5rd<\/strong><\/em><br \/>\n<em> Scen: Luna<\/em><\/p>\n<p><em><strong>Imagine Dragons<br \/>\n<\/strong>Scen: Luna<\/em><\/p><\/blockquote>\n<p>L\u00c4NKAR<br \/>\nBr\u00e5vallafestivalen <a href=\"http:\/\/www.bravallafestival.se\">hemsida<\/a><br \/>\nGudinnan Lana l\u00e5ter sig inte f\u00e5ngas <a title=\"Gudinnan Lana l\u00e5ter sig inte f\u00e5ngas (recension)\" href=\"https:\/\/www.kultursidan.nu\/?p=15602\" target=\"_blank\">recension<\/a> Kultursidan.nu 27\/7 2014<br \/>\nDance party med Bombay Bicycle Club <a href=\"https:\/\/www.kultursidan.nu\/?p=15592\">recension<\/a>\u00a0Kultursidan.nu 26\/6 2014<br \/>\nK\u00f6 till hela Sveriges musikfestival <a href=\"https:\/\/www.kultursidan.nu\/?p=15550\">reportage<\/a> Kultursidan.nu 25\/6 2014<br \/>\nBr\u00e5valla utan liten lokal scen <a href=\"https:\/\/www.kultursidan.nu\/?p=15541\">reportage<\/a> Kultursidan.nu 24\/6 2014<br \/>\nLovande startf\u00e4lt f\u00f6r alla p\u00e5 Br\u00e5valla <a href=\"https:\/\/www.kultursidan.nu\/?p=15510\">reportage<\/a> Kultursidan.nu 23\/6 2014<\/p>\n","protected":false},"excerpt":{"rendered":"<p>NORRK\u00d6PING M\u00e5nga var de h\u00e4ngivna fans som h\u00e4ngde p\u00e5 l\u00e5set f\u00f6r att se Norrk\u00f6pings alldeles egna popprins. Konserten framf\u00f6rdes med bravur, personligt mellansnack och m\u00e4nsklig v\u00e4rme. Senare spelade Imagine Dragons \u2013 essensen av Br\u00e5vallas bredd. <a class=\"continue-reading-link\" href=\"https:\/\/www.kultursidan.nu\/?p=15607\">L\u00e4s mer <span class=\"meta-nav\">&rarr; <\/span><\/a><\/p>\n","protected":false},"author":1001006,"featured_media":0,"comment_status":"closed","ping_status":"open","sticky":false,"template":"","format":"standard","meta":{"_jetpack_memberships_contains_paid_content":false,"footnotes":""},"categories":[7],"tags":[29,13],"class_list":["post-15607","post","type-post","status-publish","format-standard","hentry","category-norrkoping","tag-festival","tag-musik"],"jetpack_featured_media_url":"","jetpack_sharing_enabled":true,"_links":{"self":[{"href":"https:\/\/www.kultursidan.nu\/index.php?rest_route=\/wp\/v2\/posts\/15607","targetHints":{"allow":["GET"]}}],"collection":[{"href":"https:\/\/www.kultursidan.nu\/index.php?rest_route=\/wp\/v2\/posts"}],"about":[{"href":"https:\/\/www.kultursidan.nu\/index.php?rest_route=\/wp\/v2\/types\/post"}],"author":[{"embeddable":true,"href":"https:\/\/www.kultursidan.nu\/index.php?rest_route=\/wp\/v2\/users\/1001006"}],"replies":[{"embeddable":true,"href":"https:\/\/www.kultursidan.nu\/index.php?rest_route=%2Fwp%2Fv2%2Fcomments&post=15607"}],"version-history":[{"count":0,"href":"https:\/\/www.kultursidan.nu\/index.php?rest_route=\/wp\/v2\/posts\/15607\/revisions"}],"wp:attachment":[{"href":"https:\/\/www.kultursidan.nu\/index.php?rest_route=%2Fwp%2Fv2%2Fmedia&parent=15607"}],"wp:term":[{"taxonomy":"category","embeddable":true,"href":"https:\/\/www.kultursidan.nu\/index.php?rest_route=%2Fwp%2Fv2%2Fcategories&post=15607"},{"taxonomy":"post_tag","embeddable":true,"href":"https:\/\/www.kultursidan.nu\/index.php?rest_route=%2Fwp%2Fv2%2Ftags&post=15607"}],"curies":[{"name":"wp","href":"https:\/\/api.w.org\/{rel}","templated":true}]}}