{"id":15749,"date":"2014-07-03T12:04:16","date_gmt":"2014-07-03T11:04:16","guid":{"rendered":"https:\/\/intelligent-friend-7861.standoutwp.com\/?p=15749"},"modified":"2014-07-23T18:30:32","modified_gmt":"2014-07-23T17:30:32","slug":"allsangen-har-startat-i-borgsruinen","status":"publish","type":"post","link":"https:\/\/www.kultursidan.nu\/?p=15749","title":{"rendered":"Alls\u00e5ngen har startat i Borgsruinen"},"content":{"rendered":"<p><iframe loading=\"lazy\" src=\"https:\/\/www.flickr.com\/photos\/kultursidan\/14377767617\/in\/photostream\/player\/\" width=\"500\" height=\"332\" frameborder=\"0\" allowfullscreen=\"allowfullscreen\"><\/iframe><\/p>\n<p><em>Alls\u00e5ng. Mikael Leonardsson greppade mikrofonen och f\u00e5ngade in publikens r\u00f6ster i Borgsruinen.<\/em><\/p>\n<p>&nbsp;<\/p>\n<h1><span style=\"color: #ff0000;\">Glade Glenn och Lotta K\u00e4llstr\u00f6m turas om<\/span><\/h1>\n<p>&nbsp;<\/p>\n<p><strong>Nu bjuds det alls\u00e5ng i b\u00e5de TV och p\u00e5 m\u00e5nga olika platser.<\/strong> I Norrk\u00f6ping har det under ett par \u00e5r bara varit PRO Klockartorpet som arrangerat i Borgsruinen. \u00c5rets premi\u00e4r gick av stapeln p\u00e5 onsdagskv\u00e4llen 2 juli.<\/p>\n<p>S\u00e4llskapet Thalias V\u00e4nner som tvingades l\u00e4mna H\u00f6rsalsparken f\u00f6r ett par \u00e5r sedan \u00e5terkommer med tre alls\u00e5ngskv\u00e4llar i kvarteret Kn\u00e4ppingsborg med start m\u00e5ndag den 14 juli.<\/p>\n<p>&nbsp;<\/p>\n<p><iframe loading=\"lazy\" src=\"https:\/\/www.flickr.com\/photos\/kultursidan\/14562545824\/player\/\" width=\"400\" height=\"280\" frameborder=\"0\" allowfullscreen=\"allowfullscreen\"><\/iframe><br \/>\n<em><span id=\"yui_3_16_0_rc_1_1_1404385161518_1681\" class=\"editable meta-field photo-title \">Joel Persson Haag ackompanjerades av husmusikern Roland Engdahl<\/span>.<\/em><\/p>\n<p>&nbsp;<\/p>\n<p><strong>PRO Klockartorpet arrangerar f\u00f6r femte \u00e5ret i rad sina alls\u00e5ngskv\u00e4llar i den anrika Borgsruinen under onsdagskv\u00e4llarna och hade premi\u00e4r den 2 juli. <\/strong>Arrangerande Lasse Karlsson fr\u00e5n PRO kunde som vanligt h\u00e4lsa pianisten och trombonisten Roland Engdahl och \u201dljudmannen\u201d Erling Fredriksson v\u00e4lkomna liksom kv\u00e4llens alls\u00e5ngsledare Glade-Glenn Sundberg.<\/p>\n<p>Glade Glenn kommer i \u00e5r att vara alls\u00e5ngsledare vid tre av kv\u00e4llarna och Lotta K\u00e4llstr\u00f6m vid tv\u00e5 kv\u00e4llar. Fr\u00e5nsett Glade Glenn \u00e4r det fr\u00e4mst artister med lokal anknytning som brukar framtr\u00e4da. Vid premi\u00e4rprogrammet var det trumpetaren Joel Persson Haag och trubaduren Mikael Leonardsson.<\/p>\n<p>V\u00e4dret var omv\u00e4xlande med b\u00e5de \u00e5skmuller i bakgrunden och n\u00e5gra regnskurar men trots det s\u00e5 var st\u00e4mningen god och publiken satt troget kvar. N\u00e5gra valde ocks\u00e5 att placera sig uppe p\u00e5 borgmuren.<\/p>\n<p><strong>En rad lokalt k\u00e4nda g\u00e4ster kommer under juli m\u00e5nads alls\u00e5ngskv\u00e4llar. <\/strong>Som Stefan Wikstr\u00f6m, \u00c5sa Sj\u00f6berg och Claes L\u00f6vgren samt Debbie &amp; Lasse. Yngre f\u00f6rm\u00e5gor \u00e4r Jhimmie Bjurd\u00e9n, Cecilia Flenhagen, Hannes Bennich och Albin M\u00e4rsund, ocks\u00e5 de erfarna artister. Den 16 juli kan man gl\u00e4dja sig \u00e5t att Robert Haglund, k\u00e4nd fr\u00e5n bland annat \u201dThe Fantastic Four\u201d, \u00e5terv\u00e4nder till f\u00f6delsestaden.<\/p>\n<p><em>Text &amp; foto: Sven \u00c5ke Molund\u00a0\u00a0 <\/em><\/p>\n<p>BILDSPEL (FLASH) \u2013 KLICKA P\u00c5 BILDEN<br \/>\n<object width=\"400\" height=\"300\"><param name=\"flashvars\" value=\"offsite=true&#038;lang=en-us&#038;page_show_url=%2Fphotos%2Fkultursidan%2Fsets%2F72157645532552033%2Fshow%2F&#038;page_show_back_url=%2Fphotos%2Fkultursidan%2Fsets%2F72157645532552033%2F&#038;set_id=72157645532552033&#038;jump_to=\"><\/param><param name=\"movie\" value=\"https:\/\/www.flickr.com\/apps\/slideshow\/show.swf?v=143270\"><\/param><param name=\"allowFullScreen\" value=\"true\"><\/param><\/object><\/p>\n<p>ALT\/MOBIL: SE BILDSPELET <a title=\"Bildspel\" href=\"https:\/\/www.flickr.com\/photos\/kultursidan\/sets\/72157645532552033\/show\/\" target=\"_blank\">H\u00c4R<\/a><\/p>\n<blockquote>\n<h3><em>BORGSRUINEN Norrk\u00f6ping<\/em><\/h3>\n<p>2, 9, 16, 23, och 30 juli 2014 kl 19<em><br \/>\n<strong>Alls\u00e5ng i Borgsruinen<\/strong><\/em><br \/>\n<em> Arr: PRO Klockaretorpet<\/em><\/p><\/blockquote>\n<p>L\u00c4NKAR<br \/>\nAlls\u00e5ngsprogrammet <a title=\"Alls\u00e5ngen\" href=\"http:\/\/www.hyresbostader.se\/CM\/Templates\/Article\/general.aspx?cmguid=976a1320-2441-43d0-8c8e-01d5d2a1004c\" target=\"_blank\">hemsida<\/a><\/p>\n","protected":false},"excerpt":{"rendered":"<p>NORRK\u00d6PING Glade Glenn och Lotta K\u00e4llstr\u00f6m turas om som alls\u00e5ngsledare i Borgsruinen i sommar. P\u00e5 scenen st\u00e5r idel k\u00e4nda namn, och unga f\u00f6rm\u00e5gor med stor rutin. <a class=\"continue-reading-link\" href=\"https:\/\/www.kultursidan.nu\/?p=15749\">L\u00e4s mer <span class=\"meta-nav\">&rarr; <\/span><\/a><\/p>\n","protected":false},"author":1001006,"featured_media":0,"comment_status":"closed","ping_status":"open","sticky":false,"template":"","format":"standard","meta":{"_jetpack_memberships_contains_paid_content":false,"footnotes":""},"categories":[7],"tags":[13],"class_list":["post-15749","post","type-post","status-publish","format-standard","hentry","category-norrkoping","tag-musik"],"jetpack_featured_media_url":"","jetpack_sharing_enabled":true,"_links":{"self":[{"href":"https:\/\/www.kultursidan.nu\/index.php?rest_route=\/wp\/v2\/posts\/15749","targetHints":{"allow":["GET"]}}],"collection":[{"href":"https:\/\/www.kultursidan.nu\/index.php?rest_route=\/wp\/v2\/posts"}],"about":[{"href":"https:\/\/www.kultursidan.nu\/index.php?rest_route=\/wp\/v2\/types\/post"}],"author":[{"embeddable":true,"href":"https:\/\/www.kultursidan.nu\/index.php?rest_route=\/wp\/v2\/users\/1001006"}],"replies":[{"embeddable":true,"href":"https:\/\/www.kultursidan.nu\/index.php?rest_route=%2Fwp%2Fv2%2Fcomments&post=15749"}],"version-history":[{"count":0,"href":"https:\/\/www.kultursidan.nu\/index.php?rest_route=\/wp\/v2\/posts\/15749\/revisions"}],"wp:attachment":[{"href":"https:\/\/www.kultursidan.nu\/index.php?rest_route=%2Fwp%2Fv2%2Fmedia&parent=15749"}],"wp:term":[{"taxonomy":"category","embeddable":true,"href":"https:\/\/www.kultursidan.nu\/index.php?rest_route=%2Fwp%2Fv2%2Fcategories&post=15749"},{"taxonomy":"post_tag","embeddable":true,"href":"https:\/\/www.kultursidan.nu\/index.php?rest_route=%2Fwp%2Fv2%2Ftags&post=15749"}],"curies":[{"name":"wp","href":"https:\/\/api.w.org\/{rel}","templated":true}]}}