{"id":1594,"date":"2011-05-12T23:41:12","date_gmt":"2011-05-12T21:41:12","guid":{"rendered":"https:\/\/intelligent-friend-7861.standoutwp.com\/?p=1594"},"modified":"2014-09-26T13:52:35","modified_gmt":"2014-09-26T12:52:35","slug":"marie-louise-ekmans-filmer-och-pjaser-pa-norrkopings-konstmuseum","status":"publish","type":"post","link":"https:\/\/www.kultursidan.nu\/?p=1594","title":{"rendered":"Marie &#8211; Louise Ekmans filmer och pj\u00e4ser p\u00e5 Norrk\u00f6pings konstmuseum"},"content":{"rendered":"<p><iframe loading=\"lazy\" src=\"https:\/\/www.flickr.com\/photos\/kultursidan\/5715596860\/in\/set-72157626709711484\/player\/\" width=\"500\" height=\"375\" frameborder=\"0\" allowfullscreen=\"allowfullscreen\"><\/iframe><br \/>\n<em>Filmstill ur Hallo Baby<\/em><\/p>\n<p><em><br \/>\n<\/em><\/p>\n<h1><span style=\"color: #ff0000;\">Filmiskt p\u00e5 konstmuseet<\/span><\/h1>\n<p>&nbsp;<\/p>\n<p><strong>P\u00e5 Norrk\u00f6pings Konstmuseum invigs i dagarna utst\u00e4llningen om Marie-Louise Ekmans filmer och pj\u00e4ser.<\/strong> Utst\u00e4llningen presenterar en del i hennes konstn\u00e4rskap som man fr\u00e5n museets h\u00e5ll menar aldrig har visats p\u00e5 ett liknande s\u00e4tt. Entr\u00e9planets gallerier har vigts \u00e5t filmvisningsutrymmen samt ett rum d\u00e4r relaterade verk ur museets samlingar visas.<\/p>\n<p>De \u00e5tta filmerna, gjorda mellan 1976 och 2005, tv\u00e5 inspelade sommarprat i P1, fr\u00e5n 1993 och 2008, samt en radiopj\u00e4s visas i gallerierna som byggts om till en n\u00e5got labyrintartad konstruktion. Utst\u00e4llningsintendent Mia Zeeck framh\u00e5ller man att man ville g\u00f6ra en utst\u00e4llning utan b\u00f6rjan eller slut, d\u00e4r bes\u00f6karen sj\u00e4lv skall kunna g\u00e5 runt och finna sin v\u00e4g bland verken.<\/p>\n<p><strong>Just satsningen p\u00e5 filmmediet \u00f6verlappar med Harlekinens flytt fr\u00e5n konstmuseet till de nya lokalerna p\u00e5 Visualiseringscenter<\/strong>, och museichef Helena Persson p\u00e5pekar att detta \u00e4r ett utm\u00e4rkt tillf\u00e4lle att omforma och utarbeta verksamheten s\u00e5 att den p\u00e5 ett bra s\u00e4tt kan utnyttja den resurs som biosalongen faktiskt \u00e4r. Sannolikt finns det m\u00e5nga sp\u00e4nnande m\u00f6jligheter att utnyttja en biograf i anslutning till ett konstmuseum, och satsningen p\u00e5 Marie-Louise Ekmans filmskapande \u00e4r en passande \u00f6ppning.<\/p>\n<p><strong>Under utst\u00e4llningens g\u00e5ng, 14 maj till 4 september 2011, kommer hennes filmer visas b\u00e5de i gallerierna 3 och 4 och i Harlekinen.<\/strong> Inom ramen f\u00f6r den faktiska utst\u00e4llningen har man valt att visa l\u00e4ngre filmer som <em>Hallo Baby <\/em>(106 min), <em>Asta Nilssons s\u00e4llskap<\/em> (81 min) och\u00a0 <em>Puder<\/em> (90 min) i kombination med kortare verk som <em>Strip- tease<\/em> (3 min), <em>Sagan om den ensamma damen<\/em> (5 min), <em>Sagan om den lilla, lilla flickan <\/em>(14 min) och <em>M\u00e5larskolan <\/em>(10&#215;20 min). Syftet med detta har bland annat varit att g\u00f6ra bes\u00f6ket p\u00e5 utst\u00e4llningen mera praktiskt hanterbart f\u00f6r bes\u00f6karen, som\u00a0 d\u00e5 l\u00e4tt kan v\u00e4lja formen p\u00e5 sitt bes\u00f6k.<\/p>\n<p>Vidare visas under utst\u00e4llningsperioden i Harlekinen \u00e4ven:<\/p>\n<ul>\n<li><strong>5 juni kl.14: <em>Barnf\u00f6rbjudet,<\/em>1979 (81 min)<\/strong><br \/>\nF\u00f6rfilm: <em>Sagan om den lilla flickan och stora k\u00e4rleken, <\/em>1986 (23 min)<br \/>\n<strong>3 juli kl.14: <em>Fadern, sonen och den helige Ande<\/em>, 1987 (97 min)<br \/>\n<\/strong>F\u00f6rfilm: <em>Mamma, pappa, barn<\/em>, 1977 (32 min)<strong><br \/>\n7 augusti kl. 14: <em>Den hemliga v\u00e4nnen<\/em>, 1990 (90 min) Fr\u00e5n 11 \u00e5r<\/strong><br \/>\nF\u00f6rfilm: <em>Sagan om den lilla flickan och stora k\u00e4rleken, <\/em>1986 (23 min)<strong><br \/>\n4 september kl.14: <em>Stilleben<\/em>, 1985 (110 min)<\/strong><br \/>\nF\u00f6rfilm: <em>Mamma, pappa, barn<\/em>, 1977 (32 min)<\/li>\n<\/ul>\n<p><strong>Flera av dessa filmer har tidigare endast visats p\u00e5 biograf- och premi\u00e4rvisningar<\/strong> och har p\u00e5 grund av de \u00f6mt\u00e5liga 35 mm kopiorna inte kunnat digitaliseras, och det \u00e4r d\u00e4rf\u00f6r n\u00e5got av en unik m\u00f6jlighet till filmupplevelse som under sommaren finns p\u00e5 Norrk\u00f6pings konstmuseum. F\u00f6r den som k\u00e4nner att det blir mycket att ta in p\u00e5 ett bes\u00f6k s\u00e5 underl\u00e4ttas \u00e5terbes\u00f6k p\u00e5 museet av det faktum att en biljett g\u00e4ller f\u00f6r b\u00e5de hela utst\u00e4llningsperioden och f\u00f6r Harlekinens relaterade bioprogram.<\/p>\n<p><strong>Att man fr\u00e5n museets h\u00e5ll valt att framh\u00e5lla filmproduktionen i Ekmans skapande och d\u00e4rigenom helt valt bort m\u00e5leriet kan f\u00f6r \u00e4ndam\u00e5let betraktas som positivt<\/strong>. Det \u00e4r inte fr\u00e5gan om vems v\u00e4rld det \u00e4r vi tr\u00e4der in i, och vilken del av den v\u00e4rld som \u00e4r viktig h\u00e4r och nu. F\u00f6rvisso skulle det kunna p\u00e5pekas att en stor del av Ekmans skapande till viss del f\u00f6rbises, men som sagt inte utan grund. Att blanda in andra uttrycksformer hade med st\u00f6rsta sannolikhet endast bidragit med r\u00f6ra till en utst\u00e4llning som redan fr\u00e5n b\u00f6rjan presenterar en stor m\u00e4ngd visuella och auditiva intryckt.<\/p>\n<p><strong>Vidare s\u00e5 \u00e4r hennes m\u00e5leri n\u00e4stan som en organisk del av filmskapandet, vilket g\u00f6r att betraktaren aldrig ber\u00f6vas vetskapen att det h\u00e4r \u00e4r fr\u00e5gan om en mycket m\u00e5ngsidig konstn\u00e4r<\/strong>. I de av Ekmans filmer som visas i utst\u00e4llningen m\u00e4rks redan fr\u00e5n b\u00f6rjan tydliga \u00e5terkommande teman, vilka utst\u00e4llningsintendent Mia Zeeck betonar att man under uppbyggnaden varit mycket medvetna om. M\u00e4nskliga relationer, roller och fluktuerande maktbalanser st\u00e5r st\u00e4ndigt i centrum och det blir en s\u00e4rartad upplevelse att g\u00e5 fr\u00e5n rum till rum och medan de olika ber\u00e4ttelserna fl\u00e4tas in i varandra, och ekot av det man just sett aldrig riktigt d\u00f6r ut.<\/p>\n<p><em>Text: Karolina Nilsson<br \/>\nFoto: Norrk\u00f6pings Konstmuseum<\/em><\/p>\n<p>&nbsp;<\/p>\n<ul>\n<li>\n<h3><strong><strong>NORRK\u00d6PINGS KONSTMUSEUM<\/strong><\/strong><\/h3>\n<\/li>\n<li><em>14 maj \u2013 4 september 2011<\/em><strong><br \/>\nMARIE LOUISE EKMANS FILMER &amp; PJ\u00c4SER<br \/>\n<\/strong><\/li>\n<\/ul>\n<h3><strong><br \/>\n<\/strong><\/h3>\n<p>&nbsp;<\/p>\n<ul>\n<li><strong>VERNISSAGE L\u00d6R 14 maj kl 11\u201317<\/strong><br \/>\nFri entr\u00e9 p\u00e5 vernissagedagen<br \/>\n14.00 Museichef Helena Persson h\u00e4lsar v\u00e4lkommen<br \/>\nMarie-Louise Ekman ber\u00e4ttar om sitt konstn\u00e4rskap<br \/>\n15.00 Marie-Louise Ekman presenterar utst\u00e4llningen<br \/>\n15.30 Filmen Mamma pappa barn visas i Harlekinen, 32 min. Begr\u00e4nsat antal platser<\/li>\n<\/ul>\n<ul>\n<li><strong>ENTR\u00c9<br \/>\n<\/strong>60 kr ordinarie, 40 kr pension\u00e4rer<br \/>\nFilmprogrammet i Harlekinen ing\u00e5r i entr\u00e9n<br \/>\nAlltid fri entr\u00e9 f\u00f6r unga till och med 26 \u00e5r och f\u00f6r medlemmar i Konstmuseets V\u00e4nner.<br \/>\n\u00c4ven fri entr\u00e9 p\u00e5 Nationaldagen 6 juni, Augustifesten 18\u201321 augusti<br \/>\noch under midsommarveckan.<\/li>\n<\/ul>\n<ul>\n<li><strong>OFFENTLIGA VISNINGAR JUNI- AUGUSTI<br \/>\n<\/strong>Onsdagar kl 18 och torsdagar kl 14<\/li>\n<\/ul>\n<p>MER INFO: <a href=\"http:\/\/www.norrkoping.se\/kultur-fritid\/museer\/konstmuseum\/utstallningar\/sok\/2011\/marie-louise-ekman\/index.xml\">Norrk\u00f6pings konstmuseum<br \/>\n<\/a><\/p>\n<p>BILDSPEL (FLASH) \u2013 KLICKA P\u00c5 BILDEN <em>ALT\/MOBIL: SE BILDSPELET <a title=\"Bildspel\" href=\"https:\/\/www.flickr.com\/photos\/kultursidan\/sets\/72157626709711484\/show\/\" target=\"_blank\">H\u00c4R<\/a><\/em><br \/>\n<object width=\"400\" height=\"300\"><param name=\"flashvars\" value=\"offsite=true&amp;lang=en-us&amp;page_show_url=%2Fphotos%2Fkultursidan%2Fsets%2F72157626709711484%2Fshow%2F&amp;page_show_back_url=%2Fphotos%2Fkultursidan%2Fsets%2F72157626709711484%2F&amp;set_id=72157626709711484&amp;jump_to=\" \/><param name=\"movie\" value=\"https:\/\/www.flickr.com\/apps\/slideshow\/show.swf?v=1811922554\" \/><param name=\"allowFullScreen\" value=\"true\" \/><\/object><\/p>\n","protected":false},"excerpt":{"rendered":"<p>P\u00e5 l\u00f6rdag \u00f6ppnar nya utst\u00e4llningen p\u00e5 Norrk\u00f6pings konstmuseum. G\u00e5 dit f\u00f6r en annorlunda utst\u00e4llningsupplevelse full av filmiska intryck  <a class=\"continue-reading-link\" href=\"https:\/\/www.kultursidan.nu\/?p=1594\">L\u00e4s mer <span class=\"meta-nav\">&rarr; <\/span><\/a><\/p>\n","protected":false},"author":1001006,"featured_media":0,"comment_status":"closed","ping_status":"closed","sticky":false,"template":"","format":"standard","meta":{"_jetpack_memberships_contains_paid_content":false,"footnotes":""},"categories":[7],"tags":[38,14],"class_list":["post-1594","post","type-post","status-publish","format-standard","hentry","category-norrkoping","tag-film","tag-konst"],"jetpack_featured_media_url":"","jetpack_sharing_enabled":true,"_links":{"self":[{"href":"https:\/\/www.kultursidan.nu\/index.php?rest_route=\/wp\/v2\/posts\/1594","targetHints":{"allow":["GET"]}}],"collection":[{"href":"https:\/\/www.kultursidan.nu\/index.php?rest_route=\/wp\/v2\/posts"}],"about":[{"href":"https:\/\/www.kultursidan.nu\/index.php?rest_route=\/wp\/v2\/types\/post"}],"author":[{"embeddable":true,"href":"https:\/\/www.kultursidan.nu\/index.php?rest_route=\/wp\/v2\/users\/1001006"}],"replies":[{"embeddable":true,"href":"https:\/\/www.kultursidan.nu\/index.php?rest_route=%2Fwp%2Fv2%2Fcomments&post=1594"}],"version-history":[{"count":0,"href":"https:\/\/www.kultursidan.nu\/index.php?rest_route=\/wp\/v2\/posts\/1594\/revisions"}],"wp:attachment":[{"href":"https:\/\/www.kultursidan.nu\/index.php?rest_route=%2Fwp%2Fv2%2Fmedia&parent=1594"}],"wp:term":[{"taxonomy":"category","embeddable":true,"href":"https:\/\/www.kultursidan.nu\/index.php?rest_route=%2Fwp%2Fv2%2Fcategories&post=1594"},{"taxonomy":"post_tag","embeddable":true,"href":"https:\/\/www.kultursidan.nu\/index.php?rest_route=%2Fwp%2Fv2%2Ftags&post=1594"}],"curies":[{"name":"wp","href":"https:\/\/api.w.org\/{rel}","templated":true}]}}