{"id":16077,"date":"2014-07-25T19:06:38","date_gmt":"2014-07-25T18:06:38","guid":{"rendered":"https:\/\/intelligent-friend-7861.standoutwp.com\/?p=16077"},"modified":"2014-09-01T19:40:09","modified_gmt":"2014-09-01T18:40:09","slug":"fritt-fram-for-edda-magnason","status":"publish","type":"post","link":"https:\/\/www.kultursidan.nu\/?p=16077","title":{"rendered":"Fritt fram f\u00f6r Edda Magnason"},"content":{"rendered":"<p><iframe loading=\"lazy\" src=\"https:\/\/www.flickr.com\/photos\/kultursidan\/14556459049\/in\/set-72157645964667393\/player\/\" width=\"500\" height=\"373\" frameborder=\"0\" allowfullscreen webkitallowfullscreen mozallowfullscreen oallowfullscreen msallowfullscreen><\/iframe><br \/>\n<em>Solskyddat men med begr\u00e4nsat synf\u00e4lt. M\u00e5nga tr\u00e4ngdes p\u00e5 Restaurangtorget i Kn\u00e4ppingsborg n\u00e4r Edda Magnason gav konsert.<\/em><\/p>\n<p>&nbsp;<\/p>\n<h1><span style=\"color: #ff0000;\">Dom b\u00f6rjar spela och \u00f6verr\u00f6star allt<\/span><\/h1>\n<p>&nbsp;<\/p>\n<p><strong>Omr\u00e5det \u00e4r i stort sett smockfullt med folk n\u00e4r jag kommer fram. <\/strong>N\u00e4r jag parkerade min cykel stod det redan ett stort antal cyklar vid cykelst\u00e4llet. Kv\u00e4llens dragpl\u00e5ster \u00e4r artisten Edda Magnason, som blev k\u00e4nd f\u00f6r den breda publiken genom sin huvudroll som Monika Zetterlund i filmen om hennes liv.<\/p>\n<p>Det \u00e4r blandade \u00e5ldrar som har tagit sig hit ikv\u00e4ll, b\u00e5de ungdomar och seniorer. Det surrar av alla m\u00e4nniskor som st\u00e5r eller sitter ner och pratar. N\u00e5gra har tagit sig en \u00f6l eller ett glas vin. Andra njuter bara av att vara d\u00e4r. Trots tr\u00e4ngseln (den som ogillar tr\u00e5nga utrymmen k\u00e4nner sig nog obekv\u00e4m) s\u00e5 verkar de flesta vara p\u00e5 gott hum\u00f6r. Solen har g\u00e5tt ner s\u00e5 pass bakom husen att den inte bl\u00e4ndar l\u00e4ngre. Himlen som tittar ner p\u00e5 oss \u00e4r ljusbl\u00e5 och molnfri. Den tryckande v\u00e4rmen som h\u00e4ngt i luften hela dagen, dock aningen mildrad, sitter i.<\/p>\n<p>&nbsp;<\/p>\n<p><iframe loading=\"lazy\" src=\"https:\/\/www.flickr.com\/photos\/kultursidan\/14556447558\/in\/set-72157645964667393\/player\/\" width=\"400\" height=\"310\" frameborder=\"0\" allowfullscreen=\"allowfullscreen\"><\/iframe><br \/>\n<em>Edda Magnason anas vid klaviaturen.<\/em><\/p>\n<p>&nbsp;<\/p>\n<p><strong>Bara n\u00e5gra minuter \u00f6ver kl 21 kliver Magnason med band upp p\u00e5 scenen. <\/strong>Folk appl\u00e5derar. Dom b\u00f6rjar spela och \u00f6verr\u00f6star allt. Efter en kort stund med skymd sikt lyckas jag ta mig till en plats d\u00e4r sikten mot scenen \u00e4r mycket b\u00e4ttre. Och det g\u00f6r mycket f\u00f6r upplevelsen och just h\u00e4r verkar folk faktiskt vara p\u00e5 n\u00e5got b\u00e4ttre hum\u00f6r. En del lyssnar mer aktivt, andra forts\u00e4tter prata med sitt s\u00e4llskap och n\u00f6jer sig med att ha musiken som ett trevligt bakgrundsljud.<\/p>\n<p>Edda Magnason och hennes medmusiker g\u00f6r ett underh\u00e5llande framtr\u00e4dande, med en sp\u00e4nnande och st\u00e4mningsfull blandning av jazz och indiepop p\u00e5 engelska, k\u00f6rer och harmonier. Men de som f\u00f6rv\u00e4ntade sig en kv\u00e4ll med Monika Zetterlundtolkningar blir besvikna. Magnason satsar fullt ut p\u00e5 eget material.<\/p>\n<p>\u2013 Det var inte vad jag f\u00f6rv\u00e4ntade mig. F\u00f6rv\u00e4ntade mig mer Monika Zetterlund. Det tror jag fler gjorde!, sade bes\u00f6karen Dick Kjedemar om sin upplevelse av kv\u00e4llen.<\/p>\n<p>&nbsp;<\/p>\n<p><iframe loading=\"lazy\" src=\"https:\/\/www.flickr.com\/photos\/kultursidan\/14556459709\/in\/set-72157645964667393\/player\/\" width=\"400\" height=\"310\" frameborder=\"0\" allowfullscreen=\"allowfullscreen\"><\/iframe><br \/>\n<em>De v\u00e4ntade sig Monika Z. De fick Edda M. Det var bra det ocks\u00e5.<\/em><\/p>\n<p>&nbsp;<\/p>\n<p><strong>Konserten rullar p\u00e5 och efter en timme, n\u00e4r extranumret har klingat ut och bandet st\u00e4ller sig och bockar s\u00e5 f\u00e5r de entusiastiska appl\u00e5der av publiken.<\/strong> En m\u00f6rk skugga ligger nu runt torget och himlen har f\u00e5tt en m\u00f6rkare nyans. Vissa har l\u00e4mnat omr\u00e5det men m\u00e5nga verkar inte ha en tanke p\u00e5 att g\u00e5 n\u00e5gonstans.<\/p>\n<p>Jag trampar sakta hem\u00e5t. Det \u00e4r nu riktigt svalt i luften, vilket \u00e4r v\u00e4lkommet efter en l\u00e5ng dag med kv\u00e4ljande hetta. Jag k\u00e4nner mig n\u00f6jd med kv\u00e4llen. Alltid kul att g\u00e5 ut och titta p\u00e5 folk och lyssna p\u00e5 v\u00e4l genomf\u00f6rd musik och med en s\u00e5ngerska p\u00e5 gott spelhum\u00f6r!<\/p>\n<p><em>Text och foto: Anton Augustsson<\/em><\/p>\n<p>BILDSPEL (FLASH) \u2013 KLICKA P\u00c5 BILDEN <em>ALT\/MOBIL: SE BILDSPELET <a title=\"Bildspel\" href=\"https:\/\/www.flickr.com\/photos\/kultursidan\/sets\/72157645964667393\/show\/\" target=\"_blank\">H\u00c4R<\/a><\/em><br \/>\n<object width=\"400\" height=\"300\"><param name=\"flashvars\" value=\"offsite=true&#038;lang=en-us&#038;page_show_url=%2Fphotos%2Fkultursidan%2Fsets%2F72157645964667393%2Fshow%2F&#038;page_show_back_url=%2Fphotos%2Fkultursidan%2Fsets%2F72157645964667393%2F&#038;set_id=72157645964667393&#038;jump_to=\"><\/param><param name=\"movie\" value=\"https:\/\/www.flickr.com\/apps\/slideshow\/show.swf?v=143270\"><\/param><param name=\"allowFullScreen\" value=\"true\"><\/param><\/object><\/p>\n<blockquote>\n<h3><em>RESTAURANGTORGET KN\u00c4PPINGSBORG Norrk\u00f6ping<\/em><\/h3>\n<p>22 juli 2014<br \/>\n<em> <strong>Edda Magnason med band<\/strong><\/em><\/p>\n<p style=\"padding-left: 30px;\"><em>KOMMANDE KONSERTER<\/em><\/p>\n<p style=\"padding-left: 30px;\">28\/7 kl 19<br \/>\n<strong><em>Trivselkv\u00e4ll med Thalias v\u00e4nner<\/em><\/strong><\/p>\n<p style=\"padding-left: 30px;\">29\/7 kl 21<br \/>\n<em><strong>Moto Boy!<\/strong><\/em><strong> \u2013 <\/strong><em>Konsert<\/em><\/p>\n<p style=\"padding-left: 30px;\">30\/7 kl 19<br \/>\n<strong><em>Ratatouille trio<\/em><\/strong> \u2013 GiG<\/p>\n<p style=\"padding-left: 30px;\">4\/8 kl 20<br \/>\n<em><strong>Nisse Sandstr\u00f6m band<\/strong> \u2013 Musik p\u00e5 g\u00e5r&#8217;n<\/em><\/p>\n<p style=\"padding-left: 30px;\">5\/8 kl 21<br \/>\n<em><strong>Tove Lo!<\/strong><\/em> \u2013 <em>Konsert<\/em><\/p>\n<p style=\"padding-left: 30px;\">6\/8 kl 19<br \/>\n<strong><em>Drakfabriken<\/em><\/strong> \u2013 <em>GiG<\/em><\/p>\n<p style=\"padding-left: 30px;\">7\/8 kl 20<br \/>\n<strong><em>Crescendo Orchestra <\/em><\/strong><em>\u2013 Musik p\u00e5 g\u00e5r&#8217;n<\/em><\/p>\n<p style=\"padding-left: 30px;\">12\/8 kl 20<br \/>\n<em><strong>Chris Hiatt Bluesband <\/strong><\/em>\u2013 <em>Viskv\u00e4ll<\/em><\/p>\n<p style=\"padding-left: 30px;\">13\/8 kl 19<br \/>\n<em><strong>Balkan BagPack <\/strong>\u2013 GiG<\/em><\/p>\n<p style=\"padding-left: 30px;\">14\/8 kl 21<br \/>\n<em><strong>State of Drama<\/strong><\/em> \u2013 <em>Augustifestkonsert<\/em><\/p>\n<p style=\"padding-left: 30px;\">15\/8 kl 21<br \/>\n<em><strong>Jenny Silver <\/strong><\/em>\u2013 <em>Augustifestkonsert<\/em><\/p>\n<p style=\"padding-left: 30px;\">16\/8 kl 21<br \/>\n<em><strong>Robert Haglund <\/strong>\u2013 <em>Augustifestkonsert<\/em><\/em><\/p>\n<p style=\"padding-left: 30px;\">19\/8 kl 20<br \/>\n<em><strong>Kiralina Salandy &amp; Slim\u2019s Gospel Train<\/strong><\/em> \u2013 <em>Viskv\u00e4ll<\/em><\/p>\n<\/blockquote>\n<p>L\u00c4NKAR<br \/>\nEdda Magnason <a title=\"Edda Magnason\" href=\"http:\/\/www.eddamagnason.com\" target=\"_blank\">hemsida <\/a><\/p>\n","protected":false},"excerpt":{"rendered":"<p>NORRK\u00d6PING Smockfullt p\u00e5 Restaurangtorget. M\u00e5nga kom f\u00f6r att h\u00f6ra s\u00e5ngerskan som gestaltade Monika Zetterlund p\u00e5 bioduken. Men Magnason med band satsade fullt ut p\u00e5 eget material, en st\u00e4mningsfull blandning av jazz och indiepop. <a class=\"continue-reading-link\" href=\"https:\/\/www.kultursidan.nu\/?p=16077\">L\u00e4s mer <span class=\"meta-nav\">&rarr; <\/span><\/a><\/p>\n","protected":false},"author":1001006,"featured_media":0,"comment_status":"closed","ping_status":"open","sticky":false,"template":"","format":"standard","meta":{"_jetpack_memberships_contains_paid_content":false,"footnotes":""},"categories":[7],"tags":[13],"class_list":["post-16077","post","type-post","status-publish","format-standard","hentry","category-norrkoping","tag-musik"],"jetpack_featured_media_url":"","jetpack_sharing_enabled":true,"_links":{"self":[{"href":"https:\/\/www.kultursidan.nu\/index.php?rest_route=\/wp\/v2\/posts\/16077","targetHints":{"allow":["GET"]}}],"collection":[{"href":"https:\/\/www.kultursidan.nu\/index.php?rest_route=\/wp\/v2\/posts"}],"about":[{"href":"https:\/\/www.kultursidan.nu\/index.php?rest_route=\/wp\/v2\/types\/post"}],"author":[{"embeddable":true,"href":"https:\/\/www.kultursidan.nu\/index.php?rest_route=\/wp\/v2\/users\/1001006"}],"replies":[{"embeddable":true,"href":"https:\/\/www.kultursidan.nu\/index.php?rest_route=%2Fwp%2Fv2%2Fcomments&post=16077"}],"version-history":[{"count":0,"href":"https:\/\/www.kultursidan.nu\/index.php?rest_route=\/wp\/v2\/posts\/16077\/revisions"}],"wp:attachment":[{"href":"https:\/\/www.kultursidan.nu\/index.php?rest_route=%2Fwp%2Fv2%2Fmedia&parent=16077"}],"wp:term":[{"taxonomy":"category","embeddable":true,"href":"https:\/\/www.kultursidan.nu\/index.php?rest_route=%2Fwp%2Fv2%2Fcategories&post=16077"},{"taxonomy":"post_tag","embeddable":true,"href":"https:\/\/www.kultursidan.nu\/index.php?rest_route=%2Fwp%2Fv2%2Ftags&post=16077"}],"curies":[{"name":"wp","href":"https:\/\/api.w.org\/{rel}","templated":true}]}}