{"id":16088,"date":"2014-07-26T19:24:50","date_gmt":"2014-07-26T18:24:50","guid":{"rendered":"https:\/\/intelligent-friend-7861.standoutwp.com\/?p=16088"},"modified":"2014-09-01T19:41:30","modified_gmt":"2014-09-01T18:41:30","slug":"olle-petersson-arets-thaliastipendiat","status":"publish","type":"post","link":"https:\/\/www.kultursidan.nu\/?p=16088","title":{"rendered":"Olle Petersson \u00e5rets Thaliastipendiat"},"content":{"rendered":"<p><iframe loading=\"lazy\" src=\"https:\/\/www.flickr.com\/photos\/kultursidan\/14750172602\/in\/set-72157645935726141\/player\/\" width=\"500\" height=\"333\" frameborder=\"0\" allowfullscreen webkitallowfullscreen mozallowfullscreen oallowfullscreen msallowfullscreen><\/iframe><br \/>\n<em>10.000 tack. Olle Petersson spelade Punch i musikalen Tivolisaga f\u00f6rra sommaren. Nu f\u00e5r han Thalias stipendium.<\/em><\/p>\n<p>&nbsp;<\/p>\n<h1><span style=\"color: #ff0000;\">I h\u00f6st spelar han Roger i Rent igen<\/span><\/h1>\n<p>&nbsp;<\/p>\n<p><strong>\u2013 Jag fattar det som att de har kollat in olika upps\u00e4ttningar och valt ut d\u00e4rifr\u00e5n.<\/strong> S\u00e4ger Olle Petersson, 24, fortfarande lite \u00f6verraskad av beskedet att han \u00e4r \u00e5rets mottagare av S\u00e4llskapet Thalias V\u00e4nners stipendium.<\/p>\n<p>\u2013 Han ber\u00e4ttade lite kort att de har en jury, s\u00e4ger han om telefonsamtalet fr\u00e5n Leif V Eriksson i S\u00e4llskapets stipendiekommitt\u00e9.<\/p>\n<p><strong>P\u00e5 m\u00e5ndag kv\u00e4ll tar Olle Petersson emot 10.000 kronor och tackar med en s\u00e5ng <\/strong>n\u00e4r S\u00e4llskapet Thalias V\u00e4nner genomf\u00f6r s\u00e4songens tredje och sista <em>Trivselkv\u00e4ll<\/em> i Kn\u00e4ppingsborg. Han \u00e4r just en s\u00e5dan ung akt\u00f6r som Thalias V\u00e4nner vill st\u00f6dja. F\u00f6rst spelade Olle Petersson Punch i nyskrivna <em>Tivolisaga<\/em> p\u00e5 Arbis f\u00f6rra sommaren. Lite senare var det dags att repetera igen, nu p\u00e5 Skandiateaterns scen i rollen som Roger i rockmusikalen <em>Rent<\/em>.<\/p>\n<p>\u2013 Det \u00e4r som ett kvitto p\u00e5 att jag gjort n\u00e5got bra. J\u00e4tteroligt att f\u00e5 det, s\u00e5 d\u00e4r i efterhand, n\u00e4r man jobbat gratis utan att t\u00e4nka p\u00e5 att f\u00e5 betalt.<\/p>\n<p>&nbsp;<\/p>\n<p><iframe loading=\"lazy\" src=\"https:\/\/www.flickr.com\/photos\/kultursidan\/14770345073\/in\/set-72157645935726141\/player\/\" width=\"280\" height=\"400\" frameborder=\"0\" allowfullscreen=\"allowfullscreen\"><\/iframe><br \/>\n<em>Fina Judy och fattiga Punch. Olle Petersson spelade mot Linnea K\u00e4llstr\u00f6m i Tivolisaga sommaren 2013.\u00a0 Sedan fick hon Thaliastipendiet. Nu \u00e4r det Olles tur.<\/em><\/p>\n<p>&nbsp;<\/p>\n<p><strong>\u2013 Jag har alltid velat h\u00e5lla p\u00e5 med det h\u00e4r, s\u00e4ger Olle Petersson<\/strong> som gick musikprogrammet p\u00e5 De Geergymnasiet om dagarna och h\u00f6ll till p\u00e5 Arbis p\u00e5 kv\u00e4llarna, spelade revy och fick en roll i <em>Me and My Girl <\/em>2008. Efter gymnasiet fortsatte han vid Esl\u00f6vs folkh\u00f6gskolas musikallinje. Men sedan tog det stopp.<\/p>\n<p>\u2013 Jag kom hem fr\u00e5n Esl\u00f6v, det var v\u00e4l 2012, och gjorde inte n\u00e5got med kultur p\u00e5 ett helt \u00e5r.<\/p>\n<p>Men s\u00e5 ringde Johan Pettersson fr\u00e5n Arbis och fr\u00e5gade om han ville vara med i <em>Tivolisaga <\/em>som Johan skrivit tillsammans med J. C. Sch\u00fctz<em>. <\/em>Olle tackade ja och kastade sig in i intensiva repetitioner med Robin Karlsson som regiss\u00f6r.<\/p>\n<p>\u2013 Roligt med en urpremi\u00e4r, att ingen har satt upp den tidigare. Och jag fastnade f\u00f6r musiken, d\u00e4r \u00e4r n\u00e5gra extremt bra l\u00e5tar, understryker Olle Petersson.<\/p>\n<p><strong>Knappt var <em>Tivolisaga<\/em> f\u00e4rdigspelad f\u00f6rr\u00e4n Johan Pettersson uppmanade Olle att s\u00f6ka till <em>Rent<\/em>.<\/strong> Arbis Nytta &amp; N\u00f6je flyttade in i Skandiateatern som Chopp Event nyligen l\u00e4mnat. Den h\u00e4r g\u00e5ngen tog repetitionerna betydligt l\u00e4ngre tid, rockmusikalen \u00e4r en helaftonsf\u00f6rest\u00e4llning. Johan Pettersson regisserade och om <em>Tivolisaga<\/em> fick lovord kan <em>Rent<\/em>-upps\u00e4ttningen bara stavas s u c c \u00e9 .<\/p>\n<p>\u2013 Johan Pettersson \u00e4r j\u00e4ttebra, s\u00e4ger Olle uppskattande. Arbis har alltid gett gymnasieungdomar utrymme. I <em>Rent<\/em> var det tre 17-\u00e5ringar som hade stora roller.<\/p>\n<p>&nbsp;<\/p>\n<p><iframe loading=\"lazy\" src=\"https:\/\/www.flickr.com\/photos\/kultursidan\/14727481126\/in\/set-72157645935726141\/player\/\" width=\"400\" height=\"280\" frameborder=\"0\" allowfullscreen=\"allowfullscreen\"><\/iframe><br \/>\n<em> Roger och Mark, b\u00e4sta kompisar i Rent. I rollerna Olle Petersson och Daniel Ivarson.<\/em><\/p>\n<p>&nbsp;<\/p>\n<p><strong>I h\u00f6st spelar Olle Petersson Roger i <em>Rent<\/em> igen.<\/strong> Tv\u00e5 personer fr\u00e5n Riskteatern i \u00d6sterbymo i Ydre g\u00e4stade Skandiateatern i v\u00e5ras och gillade tydligen vad de s\u00e5g. Olle tillfr\u00e5gades om att spela med i deras upps\u00e4ttning som har premi\u00e4r 24 oktober.<\/p>\n<p>\u2013 De undrade om jag ville g\u00f6ra rollen igen, ber\u00e4ttar Olle som tackade ja och ser det som ett viktigt steg i karri\u00e4ren. Nu f\u00e5r han betalt, eller \u00e5tminstone reseers\u00e4ttning och traktamente \u2013 semiprofessionell.<\/p>\n<p>\u2013 Det \u00e4r helt nytt folk, ett helt nytt produktionsteam och ny scenografi. Allt \u00e4r nytt. Men jag ligger ett steg f\u00f6re i repetitionerna i och med att det \u00e4r s\u00e5 f\u00e4rskt. De s\u00e4ger till om det \u00e4r n\u00e5got jag ska \u00e4ndra p\u00e5 i spelet j\u00e4mf\u00f6rt med i Norrk\u00f6ping.<\/p>\n<p><strong><em>\u2013<\/em><\/strong><strong> Det \u00e4r kontakter och att synas s\u00e5 mycket som m\u00f6jligt som g\u00e4ller. <\/strong>Jag tackar ja till allt om jag kan, s\u00e4ger Olle Petersson.<\/p>\n<p>Vid sidan av musikalerna har Olle Petersson l\u00e4rt sig mycket om att bygga hus de senaste tv\u00e5 \u00e5ren. Han hj\u00e4lper n\u00e4mligen f\u00f6r\u00e4ldrarna med deras nybygge. S\u00e5 kompetensen omfattar inte enbart s\u00e5ng, musik och sk\u00e5despeleri utan \u00e4ven konsten att regla, l\u00e4gga tak och gjuta.<\/p>\n<p>\u2013 Jag g\u00e5r till arbetsf\u00f6rmedlingen och s\u00f6ker \u201driktiga\u201d jobb. Jag har f\u00e5tt sm\u00e5 vikariat, som musikl\u00e4rare p\u00e5 Dj\u00e4knepark, lite h\u00e4r och d\u00e4r, men det har jag f\u00e5tt genom kontakter.<\/p>\n<p><strong>\u2013 Om Johan Pettersson inte h\u00f6rt av sig hade inget av det h\u00e4r h\u00e4nt mig.<\/strong><\/p>\n<p><em>Text: Ann-Charlotte Sandelin<br \/>\nFoto: Ann-Charlotte Sandelin och FotoKenny Nilsson<\/em><\/p>\n<p>BILDSPEL (FLASH) \u2013 KLICKA P\u00c5 BILDEN <em>ALT\/MOBIL: SE BILDSPELET <a title=\"Bildspel\" href=\"https:\/\/www.flickr.com\/photos\/kultursidan\/sets\/72157645935726141\/show\/\" target=\"_blank\">H\u00c4R<\/a><\/em><br \/>\n<object width=\"400\" height=\"300\"><param name=\"flashvars\" value=\"offsite=true&#038;lang=en-us&#038;page_show_url=%2Fphotos%2Fkultursidan%2Fsets%2F72157645935726141%2Fshow%2F&#038;page_show_back_url=%2Fphotos%2Fkultursidan%2Fsets%2F72157645935726141%2F&#038;set_id=72157645935726141&#038;jump_to=\"><\/param><param name=\"movie\" value=\"https:\/\/www.flickr.com\/apps\/slideshow\/show.swf?v=143270\"><\/param><param name=\"allowFullScreen\" value=\"true\"><\/param><\/object><\/p>\n<blockquote><p><em>RESTAURANGTORGET KN\u00c4PPINGSBORG Norrk\u00f6ping<\/em><\/p>\n<p>28 juli 2014 kl 19<em><br \/>\n<strong>Trivselkv\u00e4ll<\/strong><\/em><br \/>\n<em> m<em>ed utdelning av Thaliastipendiet till Olle Petersson<\/em><br \/>\nArr: S\u00e4llskapet Thalias V\u00e4nner<\/em><\/p>\n<p style=\"padding-left: 30px;\"><em>TIDIGARE MOTTAGARE<\/em><br \/>\n<em> 2013 Linnea K\u00e4llstr\u00f6m<\/em><br \/>\n<em> 2012 Louice Ottosson<\/em><br \/>\n<em> 2011 Fredrik Edkrantz<\/em><\/p>\n<\/blockquote>\n<p>L\u00c4NKAR<br \/>\nS\u00e4llskapet Thalias V\u00e4nner <a title=\"S\u00e4llsk. Thalias V\u00e4nner\" href=\"http:\/\/www.thaliasvanner.se\/default.as\" target=\"_blank\">hemsida<\/a><br \/>\nYdre Kulturcentrum \/Riskteatern i \u00d6sterbymo <a title=\"Riskteatern\" href=\"http:\/\/www.ydrekulturcentrum.se\" target=\"_blank\">hemsida <\/a><br \/>\nTivolisaga uppfyller m\u00e5nga dr\u00f6mmar <a title=\"Tivolisaga uppfyller m\u00e5nga dr\u00f6mmar\" href=\"https:\/\/www.kultursidan.nu\/?p=11938\" target=\"_blank\">recension<\/a> Kultursidan.nu 27\/8 2013<br \/>\nRent t\u00e4nder ett gnistrande ljus i m\u00f6rkret <a title=\"Rent t\u00e4nder ett gnistrande ljus i m\u00f6rkret\" href=\"https:\/\/www.kultursidan.nu\/?p=14189\" target=\"_blank\">recension<\/a> Kultursidan.nu 3\/3 2014<\/p>\n","protected":false},"excerpt":{"rendered":"<p>NORRK\u00d6PING \u201dSom ett kvitto p\u00e5 att jag gjort n\u00e5got bra.\u201d F\u00f6rst spelade han Punch i Tivolisaga. Sedan Roger i Rent. N\u00e4r S\u00e4llskapet Thalias V\u00e4nner delar ut sitt stipendium p\u00e5 m\u00e5ndag tackar Olle Petersson med en s\u00e5ng. I h\u00f6st spelar han Roger i Rent igen. <a class=\"continue-reading-link\" href=\"https:\/\/www.kultursidan.nu\/?p=16088\">L\u00e4s mer <span class=\"meta-nav\">&rarr; <\/span><\/a><\/p>\n","protected":false},"author":1001006,"featured_media":0,"comment_status":"closed","ping_status":"open","sticky":false,"template":"","format":"standard","meta":{"_jetpack_memberships_contains_paid_content":false,"footnotes":""},"categories":[7],"tags":[31,39],"class_list":["post-16088","post","type-post","status-publish","format-standard","hentry","category-norrkoping","tag-musikal","tag-pris"],"jetpack_featured_media_url":"","jetpack_sharing_enabled":true,"_links":{"self":[{"href":"https:\/\/www.kultursidan.nu\/index.php?rest_route=\/wp\/v2\/posts\/16088","targetHints":{"allow":["GET"]}}],"collection":[{"href":"https:\/\/www.kultursidan.nu\/index.php?rest_route=\/wp\/v2\/posts"}],"about":[{"href":"https:\/\/www.kultursidan.nu\/index.php?rest_route=\/wp\/v2\/types\/post"}],"author":[{"embeddable":true,"href":"https:\/\/www.kultursidan.nu\/index.php?rest_route=\/wp\/v2\/users\/1001006"}],"replies":[{"embeddable":true,"href":"https:\/\/www.kultursidan.nu\/index.php?rest_route=%2Fwp%2Fv2%2Fcomments&post=16088"}],"version-history":[{"count":0,"href":"https:\/\/www.kultursidan.nu\/index.php?rest_route=\/wp\/v2\/posts\/16088\/revisions"}],"wp:attachment":[{"href":"https:\/\/www.kultursidan.nu\/index.php?rest_route=%2Fwp%2Fv2%2Fmedia&parent=16088"}],"wp:term":[{"taxonomy":"category","embeddable":true,"href":"https:\/\/www.kultursidan.nu\/index.php?rest_route=%2Fwp%2Fv2%2Fcategories&post=16088"},{"taxonomy":"post_tag","embeddable":true,"href":"https:\/\/www.kultursidan.nu\/index.php?rest_route=%2Fwp%2Fv2%2Ftags&post=16088"}],"curies":[{"name":"wp","href":"https:\/\/api.w.org\/{rel}","templated":true}]}}