{"id":16094,"date":"2014-07-28T09:36:10","date_gmt":"2014-07-28T08:36:10","guid":{"rendered":"https:\/\/intelligent-friend-7861.standoutwp.com\/?p=16094"},"modified":"2014-09-01T19:42:57","modified_gmt":"2014-09-01T18:42:57","slug":"ljus-och-morker-hos-ellen-key-recension","status":"publish","type":"post","link":"https:\/\/www.kultursidan.nu\/?p=16094","title":{"rendered":"Ljus och m\u00f6rker hos Ellen Key (recension)"},"content":{"rendered":"<p><iframe loading=\"lazy\" src=\"https:\/\/www.flickr.com\/photos\/kultursidan\/14578575138\/in\/set-72157645575609260\/player\/\" width=\"500\" height=\"333\" frameborder=\"0\" allowfullscreen webkitallowfullscreen mozallowfullscreen oallowfullscreen msallowfullscreen><\/iframe><br \/>\n<em>Gemensam syn. Malin Blomberg stannar hos Ellen Key och blir hennes n\u00e4ra v\u00e4n och hush\u00e5llerska. I rollerna Maria Zackrisson-Mortensson och Eva Granlund.<\/em><\/p>\n<p>&nbsp;<\/p>\n<h1><span style=\"color: #ff0000;\">Sj\u00e4lvklar n\u00e4rvaro och inre tomrum<\/span><\/h1>\n<p><strong><br \/>\n<\/strong><\/p>\n<p><strong>I teaterrummet m\u00f6ts publiken av en familj\u00e4r och uppsluppen st\u00e4mning. <\/strong>Alla v\u00e4ntar vi p\u00e5 <em>Ellen Key och ljuset p\u00e5 Strand \u2013<\/em> Vadstena Nya Teaters pj\u00e4s om Ellen Keys liv p\u00e5 Strand i regi av Niclas Angerborn.<\/p>\n<p>Vi f\u00e5r snart ta del av ber\u00e4ttelsen om Ellen Keys tid tillsammans med sin hush\u00e5llerska och k\u00e4ra v\u00e4n Malin Blomsterberg. Pj\u00e4sens b\u00f6rjan gestaltar deras allra f\u00f6rsta m\u00f6te och d\u00e4refter f\u00f6ljer, som tabl\u00e5er, h\u00e4ndelser fr\u00e5n deras \u00e5r i Keys hus p\u00e5 Strand fram till deras sista dagar tillsammans. Relationen mellan Malin och Ellen bygger p\u00e5 ett \u00f6msesidigt beroende som leder till gr\u00e4nsl\u00f6s k\u00e4rlek och sv\u00e5rl\u00f6sta konflikter. Deras starka band skapar ocks\u00e5 en \u00f6msesidig r\u00e4dsla f\u00f6r att n\u00e5gon g\u00e5ng f\u00f6rlora varandra.<\/p>\n<p>&nbsp;<\/p>\n<p><iframe loading=\"lazy\" src=\"https:\/\/www.flickr.com\/photos\/kultursidan\/14578567689\/in\/set-72157645575609260\/player\/\" width=\"400\" height=\"280\" frameborder=\"0\" allowfullscreen=\"allowfullscreen\"><\/iframe><br \/>\n<em>Bord, stolar, sk\u00e5p. Den avskalade scenografin p\u00e5minner om interi\u00f6ren p\u00e5 Strand.<\/em><\/p>\n<p>&nbsp;<\/p>\n<p><strong>P\u00e5 scenen finns en enkel scenografi best\u00e5ende av ett par stolar, ett bord och ett boksk\u00e5p. <\/strong>Alltsammans avskalade representationer av m\u00f6blemanget fr\u00e5n Ellen Keys hus p\u00e5 Strand. Den lilla scenen representerar olika milj\u00f6er, b\u00e5de utomhus och inomhus. Sk\u00e5despelarna f\u00f6rmedlar p\u00e5 ett naturligt s\u00e4tt illusionen av milj\u00f6byte trots att alla scener utspelar sig i samma scenografi.<\/p>\n<p>I scen\u00f6verg\u00e5ngarna ansl\u00e5s st\u00e4mningen med G\u00f6ran Frimans (i Wilhelm Stenhammars anda) levande pianomusik som bidrar till en intim och personlig k\u00e4nsla i teaterrummet.<\/p>\n<p><strong>Relationen mellan Malin och Ellen gestaltas p\u00e5 ett finst\u00e4mt s\u00e4tt som ger uttryck f\u00f6r gl\u00e4dje och k\u00e4rlek men ocks\u00e5 sm\u00e4rta och sorg<\/strong>. Maria Zackrisson-Mortenssons Malin Blomberg inleder med att ber\u00e4tta hur hon f\u00f6r f\u00f6rsta g\u00e5ngen f\u00e5tt se Ellen Key med egna \u00f6gon. Hon har vandrat fr\u00e5n Sk\u00e5ne till V\u00e4tterns strand f\u00f6r att tr\u00e4ffa Ellen Key. Med sig b\u00e4r hon en blomsterbukett som hon p\u00e5 ett f\u00f6rsynt s\u00e4tt \u00f6verl\u00e4mnar till sin idol. Hennes roll blir sedan som Keys hush\u00e5llerska och n\u00e4rmaste v\u00e4n. Genom hela pj\u00e4sen gestaltar Zackrisson-Mortensson Malin med styrka och k\u00e4nslighet. Med subtila antydningar ger hon ocks\u00e5 uttryck f\u00f6r de m\u00f6rkare str\u00e5ken hos sin karakt\u00e4r.<\/p>\n<p>Eva Granlunds Ellen Key g\u00f6r entr\u00e9 med en sj\u00e4lvklar n\u00e4rvaro \u2013 s\u00e5dan som man kan f\u00f6rest\u00e4lla sig verklighetens Key. Granlund portr\u00e4tterar Key som en fram\u00e5tblickande idealist men ocks\u00e5 som jordn\u00e4ra realist. Vi f\u00e5r se en kraftfull kvinna som trots sin framg\u00e5ng saknar mycket i livet. Det blir tydligare, allteftersom pj\u00e4sen fortskrider, hur \u00e4ven Key har ett tomrum och en saknad som aldrig blir uppfylld.<\/p>\n<p>&nbsp;<\/p>\n<p><iframe loading=\"lazy\" src=\"https:\/\/www.flickr.com\/photos\/kultursidan\/14578511290\/in\/set-72157645575609260\/player\/\" width=\"400\" height=\"280\" frameborder=\"0\" allowfullscreen=\"allowfullscreen\"><\/iframe><br \/>\n<em>En bullrig man. Verner von Heidenstam g\u00f6r entr\u00e9. Han spelas av Niclas Angerborn.<\/em><\/p>\n<p>&nbsp;<\/p>\n<p><strong>Verner von Heidenstam, spelad av Niclas Angerborn, g\u00f6r vid sina bes\u00f6k p\u00e5 Strand bullrig entr\u00e9 och verkar till en b\u00f6rjan karikatyriskt gestaltad.<\/strong> Men Keys kommentar om hur han skulle vara en karikatyrtecknares dr\u00f6mobjekt avv\u00e4pnar den n\u00e5got \u00f6vertydliga gestaltningen och man f\u00f6rst\u00e5r att den ber\u00e4ttar om karakt\u00e4rens personliga drag. Mot slutet av pj\u00e4sen framtr\u00e4der \u00e4ven hos von Heidenstam fler dimensioner d\u00e5 de k\u00e4nsligare sidorna f\u00e5r chans att komma till ytan.<\/p>\n<p><strong>Sammantaget \u00e4r <em>Ellen Key och ljuset p\u00e5 Strand<\/em> en v\u00e4lbalanserad och gripande ber\u00e4ttelse.<\/strong> Man har lyckats uppn\u00e5 en balans mellan ljus och m\u00f6rker, humor och sorg och mellan styrka och br\u00e4cklighet. Ber\u00e4ttelsen om Key och hennes Malin \u2013 ljuset p\u00e5 Strand \u2013 bjuder p\u00e5 starka k\u00e4nslor. Trots ett sorgtyngt slut l\u00e4mnar den mig med en k\u00e4nsla av livsgl\u00e4dje, f\u00f6r som Ellen Key i sin enkelhet konstaterar \u00e4r meningen med livet \u201dlivet sj\u00e4lvt\u201d.<\/p>\n<p><em>Text: Ann-Sofie Engstr\u00f6m<\/em><br \/>\n<em> Foto: Hanna Stjernfeldt<\/em><\/p>\n<p>BILDSPEL (FLASH) \u2013 KLICKA P\u00c5 BILDEN <em>ALT\/MOBIL: SE BILDSPELET <a title=\"Bildspel\" href=\"https:\/\/www.flickr.com\/photos\/kultursidan\/sets\/72157645575609260\/show\/\" target=\"_blank\">H\u00c4R<\/a><\/em><br \/>\n<object width=\"400\" height=\"300\"><param name=\"flashvars\" value=\"offsite=true&#038;lang=en-us&#038;page_show_url=%2Fphotos%2Fkultursidan%2Fsets%2F72157645575609260%2Fshow%2F&#038;page_show_back_url=%2Fphotos%2Fkultursidan%2Fsets%2F72157645575609260%2F&#038;set_id=72157645575609260&#038;jump_to=\"><\/param><param name=\"movie\" value=\"https:\/\/www.flickr.com\/apps\/slideshow\/show.swf?v=143270\"><\/param><param name=\"allowFullScreen\" value=\"true\"><\/param><\/object><\/p>\n<blockquote>\n<h3><em>VADSTENA NYA TEATER Vadstena<\/em><\/h3>\n<p>Sommaren 2014 (t.o.m. 31 juli)<em><strong><br \/>\nEllen Key och ljuset p\u00e5 Strand<br \/>\n<\/strong>Manus: Ingelin och Niclas Angerborn<\/em><br \/>\n<em> Regi: Niclas Angerborn<\/em><\/p>\n<p style=\"padding-left: 30px;\"><em>MEDVERKANDE<\/em><br \/>\n<em>Ellen Key:\u00a0\u00a0\u00a0\u00a0\u00a0\u00a0\u00a0\u00a0\u00a0\u00a0\u00a0\u00a0\u00a0\u00a0\u00a0\u00a0\u00a0\u00a0\u00a0\u00a0\u00a0\u00a0\u00a0\u00a0 Eva Granlund<\/em><br \/>\n<em>Malin Blomsterberg: \u00a0\u00a0\u00a0\u00a0\u00a0 \u00a0 Maria Zackrisson-Mortensson<\/em><br \/>\n<em>Verner von Heidenstam:\u00a0 Niclas Angerborn<\/em><br \/>\n<em>Wilhelm Stenhammar: \u00a0\u00a0\u00a0 G\u00f6ran Friman (piano)<\/em><\/p>\n<\/blockquote>\n<p style=\"padding-left: 30px;\">L\u00c4NKAR<br \/>\nVadstena Nya Teater <a title=\"Vadsstena Nya Teater\" href=\"http:\/\/vadstenanyateater.se\" target=\"_blank\">hemsida<\/a><br \/>\nEllen Keys Strand <a title=\"Ellen Keys Strand\" href=\"http:\/\/www.ellenkey.se\" target=\"_blank\">hemsida<\/a><br \/>\nEllen Keys\u00e4llskapet <a title=\"Ellen Key-s\u00e4llskapet\" href=\"http:\/\/ellenkeysallskapet.se\/index.html\" target=\"_blank\">hemsida <\/a><br \/>\n\u00d6sterg\u00f6tlands hetaste Strand <a title=\"\u00d6sterg\u00f6tlands hetaste Strand\" href=\"https:\/\/www.kultursidan.nu\/?p=16144\" target=\"_blank\">reportage<\/a> Kultursidan.nu 1\/8 2014<br \/>\nKonstmuseet\u00a0\u00f6ppnar fr\u00e5n Ellen Key <a title=\"Konstmuseet \u00f6ppnar fr\u00e5n Ellen Key\" href=\"https:\/\/www.kultursidan.nu\/?p=15172\" target=\"_blank\">reportage<\/a> Kultursidan.nu 5\/6 2014<\/p>\n","protected":false},"excerpt":{"rendered":"<p>VADSTENA Malin vandrade fr\u00e5n Sk\u00e5ne till V\u00e4tterns strand f\u00f6r att tr\u00e4ffa sin idol. Hon stannade och blev hennes v\u00e4n och hush\u00e5llerska. P\u00e5 Vadstena nya teater portr\u00e4tteras v\u00e4nskapen i Ellen Key och ljuset p\u00e5 Strand, en v\u00e4lbalanserad och gripande ber\u00e4ttelse. <a class=\"continue-reading-link\" href=\"https:\/\/www.kultursidan.nu\/?p=16094\">L\u00e4s mer <span class=\"meta-nav\">&rarr; <\/span><\/a><\/p>\n","protected":false},"author":1001006,"featured_media":0,"comment_status":"closed","ping_status":"open","sticky":false,"template":"","format":"standard","meta":{"_jetpack_memberships_contains_paid_content":false,"footnotes":""},"categories":[72],"tags":[12],"class_list":["post-16094","post","type-post","status-publish","format-standard","hentry","category-vadstena","tag-teater"],"jetpack_featured_media_url":"","jetpack_sharing_enabled":true,"_links":{"self":[{"href":"https:\/\/www.kultursidan.nu\/index.php?rest_route=\/wp\/v2\/posts\/16094","targetHints":{"allow":["GET"]}}],"collection":[{"href":"https:\/\/www.kultursidan.nu\/index.php?rest_route=\/wp\/v2\/posts"}],"about":[{"href":"https:\/\/www.kultursidan.nu\/index.php?rest_route=\/wp\/v2\/types\/post"}],"author":[{"embeddable":true,"href":"https:\/\/www.kultursidan.nu\/index.php?rest_route=\/wp\/v2\/users\/1001006"}],"replies":[{"embeddable":true,"href":"https:\/\/www.kultursidan.nu\/index.php?rest_route=%2Fwp%2Fv2%2Fcomments&post=16094"}],"version-history":[{"count":0,"href":"https:\/\/www.kultursidan.nu\/index.php?rest_route=\/wp\/v2\/posts\/16094\/revisions"}],"wp:attachment":[{"href":"https:\/\/www.kultursidan.nu\/index.php?rest_route=%2Fwp%2Fv2%2Fmedia&parent=16094"}],"wp:term":[{"taxonomy":"category","embeddable":true,"href":"https:\/\/www.kultursidan.nu\/index.php?rest_route=%2Fwp%2Fv2%2Fcategories&post=16094"},{"taxonomy":"post_tag","embeddable":true,"href":"https:\/\/www.kultursidan.nu\/index.php?rest_route=%2Fwp%2Fv2%2Ftags&post=16094"}],"curies":[{"name":"wp","href":"https:\/\/api.w.org\/{rel}","templated":true}]}}