{"id":16144,"date":"2014-08-01T09:33:30","date_gmt":"2014-08-01T08:33:30","guid":{"rendered":"https:\/\/intelligent-friend-7861.standoutwp.com\/?p=16144"},"modified":"2014-09-06T19:06:07","modified_gmt":"2014-09-06T18:06:07","slug":"ostergotlands-hetaste-strand","status":"publish","type":"post","link":"https:\/\/www.kultursidan.nu\/?p=16144","title":{"rendered":"\u00d6sterg\u00f6tlands hetaste Strand"},"content":{"rendered":"<p><iframe loading=\"lazy\" src=\"https:\/\/www.flickr.com\/photos\/kultursidan\/14613503339\/in\/set-72157646078746471\/player\/\" width=\"500\" height=\"333\" frameborder=\"0\" allowfullscreen webkitallowfullscreen mozallowfullscreen oallowfullscreen msallowfullscreen><\/iframe><br \/>\n<em>Solgula grindar. Ellen Key ville visa med eget exempel att sk\u00f6nhet var n\u00e5got f\u00f6r alla, inte enbart f\u00f6r de rika.<\/em><\/p>\n<p>&nbsp;<\/p>\n<h1><span style=\"color: #ff0000;\">K\u00e4rlek och klass\u00f6verskridande sk\u00f6nhet<\/span><\/h1>\n<p>&nbsp;<\/p>\n<p><strong>V\u00e4rmeb\u00f6ljan lockar stor tillstr\u00f6mning till \u00d6sterg\u00f6tlands hetaste Strand.<\/strong> D\u00e4rf\u00f6r struntar Kultursidan.nu i Varamobadet och h\u00e4nger p\u00e5 str\u00f6mmen f\u00f6r att unders\u00f6ka hur det \u00e4r att h\u00e4nga hemma hos en europeisk intellektuell. L\u00e4s mer om varf\u00f6r Ellen Keys solbad inte har n\u00e5got med solbr\u00e4nna att g\u00f6ra.<\/p>\n<p>&nbsp;<\/p>\n<p><iframe loading=\"lazy\" src=\"https:\/\/www.flickr.com\/photos\/kultursidan\/14777175926\/in\/set-72157646078746471\/player\/\" width=\"280\" height=\"400\" frameborder=\"0\" allowfullscreen=\"allowfullscreen\"><\/iframe><br \/>\n<em> En enkel bukett i ellen Keys hem. I bakgrunden skymtar\u00a0 intendent Per Inge Planefors.<\/em><\/p>\n<p>&nbsp;<\/p>\n<p><strong>V\u00e4rmen vibrerar i luften \u00f6ver \u00d6stg\u00f6tasl\u00e4tten och g\u00f6r v\u00e5ra tankar lika tr\u00f6gflytande som sirap.<\/strong> Men Kultursidan.nu, som inte \u00e4r p\u00e5 v\u00e4g mot vilken strand som helst, f\u00f6rs\u00f6ker \u00e4nd\u00e5 h\u00e5lla fokus och f\u00e5nga denna heta julidag \u2013 det kommersialiserade uttrycket <em>carpe diem<\/em> far halvhj\u00e4rtat genom v\u00e5ra svettiga huvuden. Men f\u00f6r 100 \u00e5r sedan hade orden inte f\u00f6rlorat sin mening. Det var coolt med visdomar p\u00e5 v\u00e4ggarna n\u00e4r den intellektuella v\u00e4rldsstj\u00e4rnan Ellen Key (1849 -1926) anv\u00e4nde v\u00e4ggskriften som en del av hennes politiska, filosofiska och feministiska estetik.<\/p>\n<p>En estetik som inspirerade Strandbes\u00f6karen Astrid Lindgren till att ge farbror Melker repliken &#8221;Denna dagen ett liv&#8221;, vilket vi blir varse n\u00e4r vi kliver in i entr\u00e9n till Ellen Keys hem och f\u00e5r syn p\u00e5 de vackert graverade orden ovanf\u00f6r en r\u00f6dm\u00e5lad d\u00f6rrkarm.<\/p>\n<p><strong>\u2013 K\u00e4nner ni vilken v\u00e4rmande omfamning det blir av att komma in i en r\u00f6d hall?<\/strong> Keyinstitutets intendent Per Inge Planefors inleder visningen av den ber\u00f6mda villan vid Ombergs fot. Vi nickar inst\u00e4mmande i v\u00e4rmen med v\u00e5ra h\u00f6gr\u00f6da huvuden. Tillsammans med cirka 50 andra Strandsugna har vi \u00e4ntligen kommit innanf\u00f6r v\u00e4ggarna till den vita stenvillan med silvergr\u00f6nt skiffertak, som en g\u00e5ng i tiden bes\u00f6ktes av s\u00e5v\u00e4l kungligheter som Europas intellektuella och konstn\u00e4rliga elit. I dag fungerar det som en viloplats f\u00f6r kvinnor, och under vissa best\u00e4mda tidpunkter arrangeras \u00e4ven visningar f\u00f6r allm\u00e4nheten av Ellen Key-stiftelsen, som i \u00e5r firar 100-\u00e5rsjubileum.<\/p>\n<p>\u2013 L\u00e4gg m\u00e4rke till de sp\u00e4nnande f\u00e4rgkombinationerna, forts\u00e4tter Per Inge. Stengolvet i entr\u00e9n \u00e4r m\u00e5lat i en dov r\u00f6d f\u00e4rg, liksom bokhyllorna. V\u00e4ggarna \u00e4r vita, dekorerade med kartor och en ekl\u00f6vsb\u00e5rd. Vi forts\u00e4tter in i matsalen med de mintgr\u00f6na v\u00e4ggarna och vitm\u00e5lade tr\u00e4m\u00f6blerna. &#8221;Dagd\u00e5d&#8221; st\u00e5r skrivet p\u00e5 golvuret.<\/p>\n<p>&nbsp;<\/p>\n<p><iframe loading=\"lazy\" src=\"https:\/\/www.flickr.com\/photos\/kultursidan\/14613547398\/in\/set-72157646078746471\/player\/\" width=\"400\" height=\"270\" frameborder=\"0\" allowfullscreen=\"allowfullscreen\"><\/iframe><br \/>\n<em>En intellektuell kvinnas salong. L\u00e4ttst\u00e4dad, ljus och med biblioteket till hands.<\/em><\/p>\n<p>&nbsp;<\/p>\n<p><strong>Per Inge ber\u00e4ttar att arvodet fr\u00e5n den internationella succ\u00e9f\u00f6rs\u00e4ljningen av <em>Barnets \u00e5rhundrade<\/em> <em>(1900), <\/em><\/strong>d\u00e4r Key bland annat debatterade f\u00f6r r\u00e4tten att studera efter sin egen f\u00f6rm\u00e5ga, m\u00f6jliggjorde bygget av Strand, d\u00e4r Key som 60-\u00e5rig singelkvinna slutligen slog sig till ro efter ett kringresande liv som Europeisk kosmopolit. Inspirerad av jugendstilen, Italien och sitt eget barndomshem Sundholms herrg\u00e5rd i V\u00e4stervik l\u00e4t Key \u00e5r 1910 p\u00e5b\u00f6rja bygget av dr\u00f6mhuset, som stod f\u00e4rdigt ett \u00e5r senare. H\u00e4r skulle hon f\u00f6rverkliga sina id\u00e9er om inredning, id\u00e9er som hon ville f\u00f6r\u00e4ndra samh\u00e4llet med.<\/p>\n<p>Key levde under en tid d\u00e5 kvinnan inte hade n\u00e5gon tillg\u00e5ng till det offentliga rummet, det personliga var i h\u00f6g grad politiskt hos Key. Med heminredningens hj\u00e4lp ville Key f\u00f6rb\u00e4ttra kvinnans situation. Genom att inreda funktionellt, enkelt och l\u00e4ttst\u00e4dat skulle hemmet bli mindre arbetskr\u00e4vande. Genom att sj\u00e4lv v\u00e4lja inredning efter personlig smak skulle kvinnan subjektifieras i hemmen ist\u00e4llet f\u00f6r att bli ett prydnadsobjekt, en del av mannens ekonomiska kapital \u2013 vilket \u00e4ven var en av anledningarna till att Key debatterade f\u00f6r att \u00e4ktenskapet skulle grundas p\u00e5 k\u00e4rlek. I upph\u00f6jandet av det gamla hantverket, samt det enkla och naturliga, br\u00f6t Keys estetik med det borgerliga idealet och blev s\u00e5ledes klass\u00f6verskridande \u2013 sk\u00f6nhet i hemmen skulle inte bero p\u00e5 mannens ekonomiska status.<\/p>\n<p><strong>I dag \u00e4r det fritt fram f\u00f6r kvinnor att ans\u00f6ka om ett stipendium via Ellen Key-stiftelsen<\/strong> f\u00f6r att under en tv\u00e5veckors-period under sommarm\u00e5naderna vistas p\u00e5 Strand och f\u00e5 en &#8221;sj\u00e4lslig utr\u00e4tning&#8221; som Key uttryckte saken, med andra ord: tid f\u00f6r l\u00e5ngsamhet, eftertanke och avslappning. N\u00e5gra av m\u00e4nnen i samlingen ser besvikna ut n\u00e4r Per Inge meddelar att varken barn, djur eller m\u00e4n f\u00e5r medtas.<\/p>\n<p>&nbsp;<\/p>\n<p><iframe loading=\"lazy\" src=\"https:\/\/www.flickr.com\/photos\/kultursidan\/14800161345\/in\/set-72157646078746471\/player\/\" width=\"400\" height=\"280\" frameborder=\"0\" allowfullscreen=\"allowfullscreen\"><\/iframe><br \/>\n<em> Queer h\u00e4ngning. Herrportr\u00e4tt i runda ramar, kvinnoportr\u00e4tt i stora fyrkantiga.\u00a0<\/em><\/p>\n<p>&nbsp;<\/p>\n<p><strong>K\u00e4nslan i Keys hus \u00e4r behaglig och rogivande.<\/strong> F\u00e4rgkombinationerna i bokrummet, med orangea gardiner och bl\u00e5turkosa v\u00e4ggar, fungerar ov\u00e4ntat harmoniskt och ger rummet en unik pr\u00e4gel som f\u00f6rst\u00e4rks av den genomt\u00e4nkta enkelheten i valet av detaljer \u2013 de sm\u00e5 rundade d\u00f6rrhandtagen anpassade efter kvinnoh\u00e4nder, med nyckelh\u00e5len dolda av ekollon.<\/p>\n<p>B\u00f6cker och ett skrivbord skulle finnas i varje rum. Key var en f\u00f6reg\u00e5ngare till funktionalismen, varje f\u00f6rem\u00e5l skulle fylla en funktion. Det var ocks\u00e5 viktigt att dekorationsf\u00f6rem\u00e5l hade en djupare personlig betydelse. Key ville ge varje rum en sj\u00e4l, inredningen skulle spegla m\u00e4nniskas inre. Individens smaksinne kunde utvecklas genom att \u00f6va upp f\u00f6rm\u00e5gan att se det sk\u00f6na i det naturliga. Sk\u00f6nhet finns enligt Key inneboende hos alla, och kan inte uppn\u00e5s med finansiella medel.<\/p>\n<p><strong>De flesta m\u00f6blerna i huset \u00e4r \u00e4rvda och m\u00e5nga f\u00f6rem\u00e5l \u00e4r g\u00e5vor eller fotografier av v\u00e4nner och familj.<\/strong> I Keys sovrum p\u00e5 \u00f6verv\u00e5ningen g\u00f6r Per Inge oss medvetna om en queer detalj \u2013 p\u00e5 v\u00e4ggen h\u00e4nger de manliga v\u00e4nnerna inramade i sm\u00e5 runda feminina ramar medan kvinnorna, bland andra Victoria Benedictsson och Anne Charlotte Leffler, \u00e4r inramade i stora fyrkantiga ramar som vanligtvis anv\u00e4ndes till mansportr\u00e4tt. I mitten st\u00e5r ett fotografi av &#8221;den viktigaste personen p\u00e5 Strand&#8221; \u2013 S:t Bernhardshunden Wild, som Key sa sig &#8221;upp\u00e4lska&#8221;, inte uppfostra.<\/p>\n<p>&nbsp;<\/p>\n<p><iframe loading=\"lazy\" src=\"https:\/\/www.flickr.com\/photos\/kultursidan\/14613547758\/in\/set-72157646078746471\/player\/\" width=\"280\" height=\"400\" frameborder=\"0\" allowfullscreen=\"allowfullscreen\"><\/iframe><br \/>\n<strong>P\u00e5 \u00f6verv\u00e5ningen finns ocks\u00e5 utg\u00e5ngen till solbadet, uterummet som enligt Key \u00e4r Strands vackraste plats.<\/strong> H\u00e4rifr\u00e5n \u00e4r f\u00e5gelutsikten \u00f6ver den trolska V\u00e4ttern svindlande bakom den gr\u00f6na bronsstatyn <em>Lyssnaren<\/em>, som med sitt upph\u00f6jda finger manar till en konst som enligt Key var utrotningshotad p\u00e5 sin tid \u2013 lyssnandet \u2013 b\u00e5de till egna och andras tankar och k\u00e4nslor. Att i tystnad \u00e4gna sig \u00e5t eftertanke och kontemplation \u00e4r en konst som Per Inge tror fortfarande hade engagerat samh\u00e4llsdebatt\u00f6ren Key om hon hade levt \u00e5r 2014.<\/p>\n<p><em>Text: Hanna Stjernfeldt<br \/>\nFoto: Ann-Sofie Engstr\u00f6m och Hanna Stjernfeldt<br \/>\n<\/em><\/p>\n<p>BILDSPEL (FLASH) \u2013 KLICKA P\u00c5 BILDEN <em>ALT\/MOBIL: SE BILDSPELET <a title=\"Bildspel\" href=\"https:\/\/www.flickr.com\/photos\/kultursidan\/sets\/72157646078746471\/show\/\" target=\"_blank\">H\u00c4R<\/a><\/em><br \/>\n<object width=\"400\" height=\"300\"><param name=\"flashvars\" value=\"offsite=true&#038;lang=en-us&#038;page_show_url=%2Fphotos%2Fkultursidan%2Fsets%2F72157646078746471%2Fshow%2F&#038;page_show_back_url=%2Fphotos%2Fkultursidan%2Fsets%2F72157646078746471%2F&#038;set_id=72157646078746471&#038;jump_to=\"><\/param><param name=\"movie\" value=\"https:\/\/www.flickr.com\/apps\/slideshow\/show.swf?v=143270\"><\/param><param name=\"allowFullScreen\" value=\"true\"><\/param><\/object><\/p>\n<p>L\u00c4NKAR<br \/>\nEllen Keys Strand <a title=\"Ellen Keys Strand\" href=\"http:\/\/www.ellenkey.se\" target=\"_blank\">hemsida<\/a><br \/>\nEllen Keys\u00e4llskapet <a title=\"Ellen Key-s\u00e4llskapet\" href=\"http:\/\/ellenkeysallskapet.se\/index.html\" target=\"_blank\">hemsida <\/a><br \/>\nLjus och m\u00f6rker hos Ellen Key <a title=\"Ljus och m\u00f6rker hos Ellen Key (recension)\" href=\"https:\/\/www.kultursidan.nu\/?p=16094\" target=\"_blank\">recension<\/a> Kultursidan.nu 28\/7 2014<br \/>\nKonstmuseet\u00a0\u00f6ppnar fr\u00e5n Ellen Key <a title=\"Konstmuseet \u00f6ppnar fr\u00e5n Ellen Key\" href=\"https:\/\/www.kultursidan.nu\/?p=15172\" target=\"_blank\">reportage<\/a> Kultursidan.nu 5\/6 2014<\/p>\n<blockquote>\n<h3><em>SK\u00d6NHET F\u00d6R ALLA 2014<\/em><\/h3>\n<p><em>Det \u00e4r 100 \u00e5r sedan Ellen Key grundade sin stiftelse med Strand som museum och vilohem. Ellen Keys id\u00e9er om inredning finns samlade i hennes bok Sk\u00f6nhet f\u00f6r alla (1913), vilket \u00e4ven \u00e4r namnet p\u00e5 \u00d6sterg\u00f6tlands museums tema\u00e5r som lyfter fram Keys syn p\u00e5 sk\u00f6nhet. Runt om i \u00d6sterg\u00f6tland anordnas utst\u00e4llningar, seminarium och olika aktiviteter som ger alla m\u00f6jligheten att f\u00f6rdjupa sig i och reflektera \u00f6ver vad sk\u00f6nhet \u00e4r. <a title=\"Sk\u00f6nhet f\u00f6r alla 2014\" href=\"http:\/\/ostergotlandsmuseum.se\/pages\/146\" target=\"_blank\">L\u00c4NK <\/a><\/em><\/p><\/blockquote>\n","protected":false},"excerpt":{"rendered":"<p>\u00d6DESH\u00d6G Sk\u00f6nhet f\u00f6r alla. Ellen Keys manande boktitel \u00e4r temat f\u00f6r m\u00e5nga kulturakt\u00f6rer i \u00e5r. Strand, huset hon l\u00e4t bygga vid V\u00e4tterns strand, \u00e4r en manifestation av hennes id\u00e9er om funktion och sk\u00f6nhet f\u00f6r j\u00e4mlikhet och utveckling f\u00f6r alla. <a class=\"continue-reading-link\" href=\"https:\/\/www.kultursidan.nu\/?p=16144\">L\u00e4s mer <span class=\"meta-nav\">&rarr; <\/span><\/a><\/p>\n","protected":false},"author":1001006,"featured_media":0,"comment_status":"closed","ping_status":"open","sticky":false,"template":"","format":"standard","meta":{"_jetpack_memberships_contains_paid_content":false,"footnotes":""},"categories":[91],"tags":[66],"class_list":["post-16144","post","type-post","status-publish","format-standard","hentry","category-odeshog","tag-arkitektur"],"jetpack_featured_media_url":"","jetpack_sharing_enabled":true,"_links":{"self":[{"href":"https:\/\/www.kultursidan.nu\/index.php?rest_route=\/wp\/v2\/posts\/16144","targetHints":{"allow":["GET"]}}],"collection":[{"href":"https:\/\/www.kultursidan.nu\/index.php?rest_route=\/wp\/v2\/posts"}],"about":[{"href":"https:\/\/www.kultursidan.nu\/index.php?rest_route=\/wp\/v2\/types\/post"}],"author":[{"embeddable":true,"href":"https:\/\/www.kultursidan.nu\/index.php?rest_route=\/wp\/v2\/users\/1001006"}],"replies":[{"embeddable":true,"href":"https:\/\/www.kultursidan.nu\/index.php?rest_route=%2Fwp%2Fv2%2Fcomments&post=16144"}],"version-history":[{"count":0,"href":"https:\/\/www.kultursidan.nu\/index.php?rest_route=\/wp\/v2\/posts\/16144\/revisions"}],"wp:attachment":[{"href":"https:\/\/www.kultursidan.nu\/index.php?rest_route=%2Fwp%2Fv2%2Fmedia&parent=16144"}],"wp:term":[{"taxonomy":"category","embeddable":true,"href":"https:\/\/www.kultursidan.nu\/index.php?rest_route=%2Fwp%2Fv2%2Fcategories&post=16144"},{"taxonomy":"post_tag","embeddable":true,"href":"https:\/\/www.kultursidan.nu\/index.php?rest_route=%2Fwp%2Fv2%2Ftags&post=16144"}],"curies":[{"name":"wp","href":"https:\/\/api.w.org\/{rel}","templated":true}]}}